{"id":1914,"date":"2024-11-01T14:40:19","date_gmt":"2024-11-01T14:40:19","guid":{"rendered":"https:\/\/blogs.gazetaesportiva.com\/automobilismo\/?p=1914"},"modified":"2024-11-01T14:40:19","modified_gmt":"2024-11-01T14:40:19","slug":"mclaren-convida-enzo-fittipaldi-para-teste-na-indy","status":"publish","type":"post","link":"https:\/\/blogs.gazetaesportiva.com\/automobilismo\/2024\/11\/01\/mclaren-convida-enzo-fittipaldi-para-teste-na-indy\/","title":{"rendered":"McLaren convida Enzo Fittipaldi para teste na Indy"},"content":{"rendered":"<p>O brasileiro Enzo Fittipaldi realizar\u00e1 um teste com a McLaren, na Indy, no pr\u00f3ximo dia 19 de novembro. A atividade ser\u00e1 realizada no Thermal Club, circuito que receber\u00e1 uma etapa do campeonato do ano que vem, e marcar\u00e1 a primeira vez que o piloto, atualmente na F\u00f3rmula 2, ter\u00e1 um compromisso oficial com a opera\u00e7\u00e3o da equipe inglesa na categoria norte-americana.<\/p>\n<figure id=\"attachment_1915\" aria-describedby=\"caption-attachment-1915\" style=\"width: 1024px\" class=\"wp-caption alignnone\"><img loading=\"lazy\" decoding=\"async\" class=\"size-full wp-image-1915\" src=\"https:\/\/blogs.gazetaesportiva.com\/automobilismo\/files\/2024\/11\/445130_1131475_24jgp09ma1748_web_.jpg\" alt=\"Enzo Fittipaldi\" width=\"1024\" height=\"683\" srcset=\"https:\/\/blogs.gazetaesportiva.com\/automobilismo\/files\/2024\/11\/445130_1131475_24jgp09ma1748_web_.jpg 1024w, https:\/\/blogs.gazetaesportiva.com\/automobilismo\/files\/2024\/11\/445130_1131475_24jgp09ma1748_web_-300x200.jpg 300w, https:\/\/blogs.gazetaesportiva.com\/automobilismo\/files\/2024\/11\/445130_1131475_24jgp09ma1748_web_-768x512.jpg 768w\" sizes=\"auto, (max-width: 1024px) 100vw, 1024px\" \/><figcaption id=\"caption-attachment-1915\" class=\"wp-caption-text\">Dutch Photo Agency\/RF1<\/figcaption><\/figure>\n<p>\u201cEstou muito feliz e honrado com a oportunidade de testar com a McLaren. Com testes limitados na Indy, \u00e9 muito gratificante como piloto ser convidado para testar por uma das equipes mais bem-sucedidas do esporte a motor. E trabalhar junto com meu amigo e lenda da Indy, Tony Kanaan, ser\u00e1 incr\u00edvel\u201d, disse Enzo Fittipaldi.<\/p>\n","protected":false},"excerpt":{"rendered":"<p>O brasileiro Enzo Fittipaldi realizar\u00e1 um teste com a McLaren, na Indy, no pr\u00f3ximo dia 19 de novembro. A atividade ser\u00e1 realizada no Thermal Club, <a class=\"read-more\" href=\"https:\/\/blogs.gazetaesportiva.com\/automobilismo\/2024\/11\/01\/mclaren-convida-enzo-fittipaldi-para-teste-na-indy\/\">leia mais<\/a><\/p>\n","protected":false},"author":75,"featured_media":1915,"comment_status":"open","ping_status":"open","sticky":false,"template":"","format":"standard","meta":{"jetpack_post_was_ever_published":false,"_jetpack_newsletter_access":"","_jetpack_dont_email_post_to_subs":false,"_jetpack_newsletter_tier_id":0,"_jetpack_memberships_contains_paywalled_content":false,"_jetpack_memberships_contains_paid_content":false,"footnotes":"","jetpack_publicize_message":"","jetpack_publicize_feature_enabled":true,"jetpack_social_post_already_shared":false,"jetpack_social_options":{"image_generator_settings":{"template":"highway","default_image_id":0,"font":"","enabled":false},"version":2}},"categories":[1],"tags":[],"class_list":["post-1914","post","type-post","status-publish","format-standard","has-post-thumbnail","hentry","category-sem-categoria"],"jetpack_publicize_connections":[],"jetpack_featured_media_url":"https:\/\/blogs.gazetaesportiva.com\/automobilismo\/files\/2024\/11\/445130_1131475_24jgp09ma1748_web_.jpg","jetpack_sharing_enabled":true,"jetpack_shortlink":"https:\/\/wp.me\/pblv91-uS","_links":{"self":[{"href":"https:\/\/blogs.gazetaesportiva.com\/automobilismo\/wp-json\/wp\/v2\/posts\/1914","targetHints":{"allow":["GET"]}}],"collection":[{"href":"https:\/\/blogs.gazetaesportiva.com\/automobilismo\/wp-json\/wp\/v2\/posts"}],"about":[{"href":"https:\/\/blogs.gazetaesportiva.com\/automobilismo\/wp-json\/wp\/v2\/types\/post"}],"author":[{"embeddable":true,"href":"https:\/\/blogs.gazetaesportiva.com\/automobilismo\/wp-json\/wp\/v2\/users\/75"}],"replies":[{"embeddable":true,"href":"https:\/\/blogs.gazetaesportiva.com\/automobilismo\/wp-json\/wp\/v2\/comments?post=1914"}],"version-history":[{"count":0,"href":"https:\/\/blogs.gazetaesportiva.com\/automobilismo\/wp-json\/wp\/v2\/posts\/1914\/revisions"}],"wp:featuredmedia":[{"embeddable":true,"href":"https:\/\/blogs.gazetaesportiva.com\/automobilismo\/wp-json\/wp\/v2\/media\/1915"}],"wp:attachment":[{"href":"https:\/\/blogs.gazetaesportiva.com\/automobilismo\/wp-json\/wp\/v2\/media?parent=1914"}],"wp:term":[{"taxonomy":"category","embeddable":true,"href":"https:\/\/blogs.gazetaesportiva.com\/automobilismo\/wp-json\/wp\/v2\/categories?post=1914"},{"taxonomy":"post_tag","embeddable":true,"href":"https:\/\/blogs.gazetaesportiva.com\/automobilismo\/wp-json\/wp\/v2\/tags?post=1914"}],"curies":[{"name":"wp","href":"https:\/\/api.w.org\/{rel}","templated":true}]}}