{"id":1913,"date":"2024-11-01T14:46:52","date_gmt":"2024-11-01T14:46:52","guid":{"rendered":"https:\/\/blogs.gazetaesportiva.com\/automobilismo\/?p=1913"},"modified":"2024-11-01T14:48:02","modified_gmt":"2024-11-01T14:48:02","slug":"gp-sao-paulo-de-f1-aquece-os-motores-com-varias-atracoes-pela-cidade","status":"publish","type":"post","link":"https:\/\/blogs.gazetaesportiva.com\/automobilismo\/2024\/11\/01\/gp-sao-paulo-de-f1-aquece-os-motores-com-varias-atracoes-pela-cidade\/","title":{"rendered":"GP S\u00e3o Paulo de F1 aquece os motores com v\u00e1rias atra\u00e7\u00f5es pela cidade"},"content":{"rendered":"<figure id=\"attachment_1916\" aria-describedby=\"caption-attachment-1916\" style=\"width: 800px\" class=\"wp-caption alignnone\"><img loading=\"lazy\" decoding=\"async\" class=\"size-full wp-image-1916\" src=\"https:\/\/blogs.gazetaesportiva.com\/automobilismo\/files\/2024\/11\/WhatsApp-Image-2024-11-01-at-11.44.50-1.jpeg\" alt=\"\" width=\"800\" height=\"400\" srcset=\"https:\/\/blogs.gazetaesportiva.com\/automobilismo\/files\/2024\/11\/WhatsApp-Image-2024-11-01-at-11.44.50-1.jpeg 800w, https:\/\/blogs.gazetaesportiva.com\/automobilismo\/files\/2024\/11\/WhatsApp-Image-2024-11-01-at-11.44.50-1-300x150.jpeg 300w, https:\/\/blogs.gazetaesportiva.com\/automobilismo\/files\/2024\/11\/WhatsApp-Image-2024-11-01-at-11.44.50-1-768x384.jpeg 768w\" sizes=\"auto, (max-width: 800px) 100vw, 800px\" \/><figcaption id=\"caption-attachment-1916\" class=\"wp-caption-text\">Foto: Divulga\u00e7\u00e3o<\/figcaption><\/figure>\n<p class=\"v1MsoNormal\">O Formula 1 Lenovo Grande Pr\u00eamio de S\u00e3o Paulo 2024 est\u00e1 se aproximando e, com ele, al\u00e9m dos milhares de turistas que chegam \u00e0 capital paulista vindos de todo o Brasil e de diversas parte do mundo \u2013 mais de 65% do p\u00fablico do GP \u00e9 de fora da cidade de S\u00e3o Paulo- est\u00e3o as tradicionais a\u00e7\u00f5es de ativa\u00e7\u00e3o que se distribuem pela cidade, mostrando que todos os caminhos nesta semana levam ao Aut\u00f3dromo de Interlagos, nos dias 01 (sexta-feira), 02 (s\u00e1bado) e 03 (domingo).<\/p>\n<p class=\"v1MsoNormal\">Para marcar a presen\u00e7a do principal evento de automobilismo no pa\u00eds e mostrar que S\u00e3o Paulo respira F1, a cidade est\u00e1 repleta de iniciativas e a\u00e7\u00f5es que remetem \u00e0 corrida. As ativa\u00e7\u00f5es incluem bandeiras, letras caixa e at\u00e9 trem envelopado na Linha 9 \u2013 Esmeralda, da CPTM.<\/p>\n<p>A Pra\u00e7a do B32, na Faria Lima, tem sido palco de um evento especial para os f\u00e3s brasileiros de F\u00f3rmula 1. A OKX, empresa l\u00edder em tecnologia Web3 e parceira oficial da McLaren Racing, em colabora\u00e7\u00e3o com a equipe de corridas, est\u00e1 realizando o <em>OKX Race Club Brasil<\/em>, uma experi\u00eancia imersiva em homenagem ao lend\u00e1rio piloto Ayrton Senna. O evento gratuito ocorrer\u00e1 at\u00e9 domingo, 3 de novembro, das 12h \u00e0s 21h, e os ingressos podem ser adquiridos <a href=\"https:\/\/www.bilheteriadigital.com\/okx-race-club-brasil-31-de-outubro\">aqui<\/a>.<\/p>\n<p>Os visitantes ter\u00e3o a oportunidade de conferir de perto a hist\u00f3ria da McLaren, incluindo a exposi\u00e7\u00e3o de carros ic\u00f4nicos, como o MP4\/5B, modelo pilotado por Ayrton Senna em seu bicampeonato de 1990. Carros e macac\u00f5es da atual temporada, como o MCL38 usado no GP de M\u00f4naco, tamb\u00e9m estar\u00e3o expostos, com uma pintura especial inspirada no capacete de Senna e nas cores da bandeira brasileira.<\/p>\n<p class=\"v1MsoNormal\"><b>Bandeiras:<br \/>\n<\/b>A organiza\u00e7\u00e3o do GP S\u00e3o Paulo distribuiu bandeiras nas cores verde, amarelo e azul, nas regi\u00f5es dos Jardins, Itaim e do aeroporto de Congonhas at\u00e9 Interlagos.<b><\/b><\/p>\n<p class=\"v1MsoNormal\">A a\u00e7\u00e3o, aprovada pela Lei Cidade Limpa, visa refor\u00e7ar o esp\u00edrito do evento e envolver os paulistanos que n\u00e3o puderem comparecer ao aut\u00f3dromo.<\/p>\n<p class=\"v1MsoNormal\"><b>Letra Caixa:<br \/>\n<\/b>Instala\u00e7\u00f5es com letras caixa com o logo F1 s\u00e3o mais uma das iniciativas que enfeitam S\u00e3o Paulo nesta semana. O p\u00fablico pode conferir os modelos nas Avenidas Paulista, Ibirapuera x Pedro \u00c1lvares Cabral e Faria Lima, al\u00e9m do Parque do Povo, na Avenida Henrique Chamma.<b><\/b><\/p>\n<p class=\"v1MsoNormal\"><b>Trens Envelopados:<br \/>\n<\/b>Uma das grandes novidades da organiza\u00e7\u00e3o do GP S\u00e3o Paulod para este ano \u00e9 o Trem Expresso GPSP &#8211; Pole Position, da Linha 9 &#8211; Esmeralda, que oferece ao p\u00fablico uma nova modalidade de transporte direto at\u00e9 a Esta\u00e7\u00e3o Aut\u00f3dromo. O maquin\u00e1rio, que sair\u00e1 da esta\u00e7\u00e3o Pinheiros em viagem direta, estar\u00e1 todo envelopado com itens relacionados ao evento.<b><\/b><\/p>\n<p class=\"v1MsoNormal\">Para quem quiser estar perto do GP, ainda restam poucos ingressos para a Fanzone, festival promovido pela primeira vez no GPSP, no Kart\u00f3dromo Ayrton Senna, com shows de Jorge Arag\u00e3o, Alok e encontro com pilotos. Para saber mais, acesse: <span lang=\"EN-GB\"><a href=\"https:\/\/grandepremiosp.f1saopaulo.com.br\/fanzone\" target=\"_blank\" rel=\"noopener noreferrer\"><span lang=\"PT-BR\">https:\/\/grandepremiosp.f1saopaulo.com.br\/fanzone<\/span><\/a><\/span><u><\/u><\/p>\n<p class=\"v1MsoNormal\"><b>Formula 1 Lenovo Grande Pr\u00eamio de S\u00e3o Paulo 2024<br \/>\nDatas:<\/b>\u00a001, 02 e 03 de novembro \u2013\u00a0<b>Local:<\/b>\u00a0Aut\u00f3dromo de Interlagos \u2013 S\u00e3o Paulo<b><br \/>\nSite oficial:<\/b>\u00a0<span lang=\"EN-GB\"><a href=\"http:\/\/www.f1saopaulo.com.br\/\" target=\"_blank\" rel=\"noopener noreferrer\"><span lang=\"PT-BR\">f1saopaulo.com.br<\/span><\/a><\/span><b><br \/>\nIngressos Fanzone GP S\u00e3o Paulo:<\/b>\u00a0Eventim &#8211; tiqueteira oficial &#8211;\u00a0<span lang=\"EN-GB\"><a href=\"http:\/\/eventim.com.br\/f1saopaulo\" target=\"_blank\" rel=\"noopener noreferrer\"><span lang=\"PT-BR\">eventim.com.br\/f1saopaulo<\/span><\/a><\/span><\/p>\n","protected":false},"excerpt":{"rendered":"<p>O Formula 1 Lenovo Grande Pr\u00eamio de S\u00e3o Paulo 2024 est\u00e1 se aproximando e, com ele, al\u00e9m dos milhares de turistas que chegam \u00e0 capital <a class=\"read-more\" href=\"https:\/\/blogs.gazetaesportiva.com\/automobilismo\/2024\/11\/01\/gp-sao-paulo-de-f1-aquece-os-motores-com-varias-atracoes-pela-cidade\/\">leia mais<\/a><\/p>\n","protected":false},"author":75,"featured_media":1916,"comment_status":"open","ping_status":"open","sticky":false,"template":"","format":"standard","meta":{"jetpack_post_was_ever_published":false,"_jetpack_newsletter_access":"","_jetpack_dont_email_post_to_subs":false,"_jetpack_newsletter_tier_id":0,"_jetpack_memberships_contains_paywalled_content":false,"_jetpack_memberships_contains_paid_content":false,"footnotes":"","jetpack_publicize_message":"","jetpack_publicize_feature_enabled":true,"jetpack_social_post_already_shared":false,"jetpack_social_options":{"image_generator_settings":{"template":"highway","default_image_id":0,"font":"","enabled":false},"version":2}},"categories":[1],"tags":[],"class_list":["post-1913","post","type-post","status-publish","format-standard","has-post-thumbnail","hentry","category-sem-categoria"],"jetpack_publicize_connections":[],"jetpack_featured_media_url":"https:\/\/blogs.gazetaesportiva.com\/automobilismo\/files\/2024\/11\/WhatsApp-Image-2024-11-01-at-11.44.50-1.jpeg","jetpack_sharing_enabled":true,"jetpack_shortlink":"https:\/\/wp.me\/pblv91-uR","_links":{"self":[{"href":"https:\/\/blogs.gazetaesportiva.com\/automobilismo\/wp-json\/wp\/v2\/posts\/1913","targetHints":{"allow":["GET"]}}],"collection":[{"href":"https:\/\/blogs.gazetaesportiva.com\/automobilismo\/wp-json\/wp\/v2\/posts"}],"about":[{"href":"https:\/\/blogs.gazetaesportiva.com\/automobilismo\/wp-json\/wp\/v2\/types\/post"}],"author":[{"embeddable":true,"href":"https:\/\/blogs.gazetaesportiva.com\/automobilismo\/wp-json\/wp\/v2\/users\/75"}],"replies":[{"embeddable":true,"href":"https:\/\/blogs.gazetaesportiva.com\/automobilismo\/wp-json\/wp\/v2\/comments?post=1913"}],"version-history":[{"count":0,"href":"https:\/\/blogs.gazetaesportiva.com\/automobilismo\/wp-json\/wp\/v2\/posts\/1913\/revisions"}],"wp:featuredmedia":[{"embeddable":true,"href":"https:\/\/blogs.gazetaesportiva.com\/automobilismo\/wp-json\/wp\/v2\/media\/1916"}],"wp:attachment":[{"href":"https:\/\/blogs.gazetaesportiva.com\/automobilismo\/wp-json\/wp\/v2\/media?parent=1913"}],"wp:term":[{"taxonomy":"category","embeddable":true,"href":"https:\/\/blogs.gazetaesportiva.com\/automobilismo\/wp-json\/wp\/v2\/categories?post=1913"},{"taxonomy":"post_tag","embeddable":true,"href":"https:\/\/blogs.gazetaesportiva.com\/automobilismo\/wp-json\/wp\/v2\/tags?post=1913"}],"curies":[{"name":"wp","href":"https:\/\/api.w.org\/{rel}","templated":true}]}}