{"id":1909,"date":"2024-10-29T17:18:49","date_gmt":"2024-10-29T17:18:49","guid":{"rendered":"https:\/\/blogs.gazetaesportiva.com\/automobilismo\/?p=1909"},"modified":"2024-10-30T17:19:10","modified_gmt":"2024-10-30T17:19:10","slug":"lalalli-senna-destaca-restauracao-do-busto-nosso-senna-em-interlagos-e-marca-presenca-no-gp-sp-de-f1","status":"publish","type":"post","link":"https:\/\/blogs.gazetaesportiva.com\/automobilismo\/2024\/10\/29\/lalalli-senna-destaca-restauracao-do-busto-nosso-senna-em-interlagos-e-marca-presenca-no-gp-sp-de-f1\/","title":{"rendered":"Lalalli Senna destaca restaura\u00e7\u00e3o do busto &#8220;Nosso Senna&#8221; em Interlagos e marca presen\u00e7a no GP SP de F1"},"content":{"rendered":"<p>O Grande Pr\u00eamio de S\u00e3o Paulo de F\u00f3rmula 1 deste ano est\u00e1 sendo marcado por diversas homenagens ao legado de 30 anos de Ayrton Senna. Um presente para os f\u00e3s estar\u00e1 nas arquibancadas de Interlagos, com a restaura\u00e7\u00e3o da escultura monumental \u201cNosso Senna\u201d, produzida pela artista Lalalli Senna, sobrinha do tricampe\u00e3o mundial.<\/p>\n<figure id=\"attachment_1910\" aria-describedby=\"caption-attachment-1910\" style=\"width: 640px\" class=\"wp-caption alignnone\"><img loading=\"lazy\" decoding=\"async\" class=\"size-large wp-image-1910\" src=\"https:\/\/blogs.gazetaesportiva.com\/automobilismo\/files\/2024\/10\/418878_1048728_003_nossosenna_01_fabiofalconi-683x1024.jpg\" alt=\"Lalalli Senna\" width=\"640\" height=\"960\" srcset=\"https:\/\/blogs.gazetaesportiva.com\/automobilismo\/files\/2024\/10\/418878_1048728_003_nossosenna_01_fabiofalconi-683x1024.jpg 683w, https:\/\/blogs.gazetaesportiva.com\/automobilismo\/files\/2024\/10\/418878_1048728_003_nossosenna_01_fabiofalconi-200x300.jpg 200w, https:\/\/blogs.gazetaesportiva.com\/automobilismo\/files\/2024\/10\/418878_1048728_003_nossosenna_01_fabiofalconi-768x1152.jpg 768w, https:\/\/blogs.gazetaesportiva.com\/automobilismo\/files\/2024\/10\/418878_1048728_003_nossosenna_01_fabiofalconi-1024x1536.jpg 1024w, https:\/\/blogs.gazetaesportiva.com\/automobilismo\/files\/2024\/10\/418878_1048728_003_nossosenna_01_fabiofalconi-1365x2048.jpg 1365w, https:\/\/blogs.gazetaesportiva.com\/automobilismo\/files\/2024\/10\/418878_1048728_003_nossosenna_01_fabiofalconi-scaled.jpg 1707w\" sizes=\"auto, (max-width: 640px) 100vw, 640px\" \/><figcaption id=\"caption-attachment-1910\" class=\"wp-caption-text\">Foto: F\u00e1bio Falconi<\/figcaption><\/figure>\n<p>A obra de arte foi um pedido de sua av\u00f3, Neyde, m\u00e3e de Ayrton Senna, e mede 3,5 metros. Desde sua inaugura\u00e7\u00e3o, a pe\u00e7a, que pesa 550 quilos e usa alum\u00ednio polido e facetado, virou ponto de encontro para os f\u00e3s de automobilismo.<\/p>\n<p>\u201c\u00c9 um grande orgulho para mim e para nossa fam\u00edlia estar presente no GP de S\u00e3o Paulo de F1. Quem visitar Interlagos ver\u00e1 o \u2018Nosso Senna\u2019 restaurado, e \u00e9 muito gratificante saber que a escultura se tornou um ponto tur\u00edstico e de encontro dos f\u00e3s dentro do aut\u00f3dromo. Essa escultura foi um pedido da minha av\u00f3 e \u00e9 incr\u00edvel ver a rea\u00e7\u00e3o t\u00e3o carinhosa do p\u00fablico. Fizemos para o GP deste ano esta restaura\u00e7\u00e3o especial e tenho certeza de que os f\u00e3s v\u00e3o adorar, ainda mais em uma corrida t\u00e3o emblem\u00e1tica como esta dos 30 anos de legado\u201d, diz Lalalli Senna.<\/p>\n<p>A artista ter\u00e1 uma agenda cheia durante a semana da passagem da F1 por S\u00e3o Paulo. Lalalli estar\u00e1 nesta quarta-feira no Gala Dinner, evento organizado pelo Instituto Ayrton Senna e que ter\u00e1 um leil\u00e3o beneficente de diversos itens, como uma escultura da \u201cNosso Senna Collection\u201d.<\/p>\n<figure id=\"attachment_1911\" aria-describedby=\"caption-attachment-1911\" style=\"width: 640px\" class=\"wp-caption alignnone\"><img loading=\"lazy\" decoding=\"async\" class=\"size-large wp-image-1911\" src=\"https:\/\/blogs.gazetaesportiva.com\/automobilismo\/files\/2024\/10\/444984_1131061_430724_1085504_lalalli_senna_ao_lado_da_nosso_senna_collection-1024x576.jpg\" alt=\"Lalalli Senna\" width=\"640\" height=\"360\" srcset=\"https:\/\/blogs.gazetaesportiva.com\/automobilismo\/files\/2024\/10\/444984_1131061_430724_1085504_lalalli_senna_ao_lado_da_nosso_senna_collection-1024x576.jpg 1024w, https:\/\/blogs.gazetaesportiva.com\/automobilismo\/files\/2024\/10\/444984_1131061_430724_1085504_lalalli_senna_ao_lado_da_nosso_senna_collection-300x169.jpg 300w, https:\/\/blogs.gazetaesportiva.com\/automobilismo\/files\/2024\/10\/444984_1131061_430724_1085504_lalalli_senna_ao_lado_da_nosso_senna_collection-768x432.jpg 768w, https:\/\/blogs.gazetaesportiva.com\/automobilismo\/files\/2024\/10\/444984_1131061_430724_1085504_lalalli_senna_ao_lado_da_nosso_senna_collection-1536x864.jpg 1536w, https:\/\/blogs.gazetaesportiva.com\/automobilismo\/files\/2024\/10\/444984_1131061_430724_1085504_lalalli_senna_ao_lado_da_nosso_senna_collection-2048x1152.jpg 2048w\" sizes=\"auto, (max-width: 640px) 100vw, 640px\" \/><figcaption id=\"caption-attachment-1911\" class=\"wp-caption-text\">Foto: Sweet Hearted Pirate<\/figcaption><\/figure>\n<p>Durante o GP de S\u00e3o Paulo, Lalalli Senna marcar\u00e1 presen\u00e7a no Senna Club, espa\u00e7o exclusivo alusivo a Ayrton Senna. O local tem localiza\u00e7\u00e3o privilegiada no aut\u00f3dromo e contar\u00e1 com a presen\u00e7a de diversas personalidades. A artista pl\u00e1stica tamb\u00e9m ter\u00e1 condi\u00e7\u00f5es especiais para quem adquirir uma das pe\u00e7as de \u201cNosso Senna Collection\u201d direto no Senna Club, fazendo pessoalmente a entrega das esculturas.<\/p>\n<p>As pe\u00e7as podem ser adquiridas tamb\u00e9m no site da artista, o\u00a0<a href=\"https:\/\/rf1.pressroom.com.br\/4449846ba9\/lalalli.com\">lalalli.com<\/a>, onde h\u00e1 mais detalhes sobre cada um dos itens que integram a \u201cNosso Senna Collection\u201d.<\/p>\n<p>Lalalli tamb\u00e9m foi convidada para uma apari\u00e7\u00e3o na Fanzone, mais novo espa\u00e7o do complexo de Interlagos para que os f\u00e3s da F1 possam acompanhar a corrida. L\u00e1, al\u00e9m de verem entrevistas com pilotos e pessoas ligadas ao automobilismo, o p\u00fablico poder\u00e1 assistir apresenta\u00e7\u00f5es musicais nos tr\u00eas dias de atividades de pista.<\/p>\n<p>As atividades do Grande Pr\u00eamio de S\u00e3o Paulo ser\u00e3o iniciadas nesta sexta-feira, enquanto a corrida ter\u00e1 largada \u00e0s 14h de domingo.<\/p>\n","protected":false},"excerpt":{"rendered":"<p>O Grande Pr\u00eamio de S\u00e3o Paulo de F\u00f3rmula 1 deste ano est\u00e1 sendo marcado por diversas homenagens ao legado de 30 anos de Ayrton Senna. <a class=\"read-more\" href=\"https:\/\/blogs.gazetaesportiva.com\/automobilismo\/2024\/10\/29\/lalalli-senna-destaca-restauracao-do-busto-nosso-senna-em-interlagos-e-marca-presenca-no-gp-sp-de-f1\/\">leia mais<\/a><\/p>\n","protected":false},"author":75,"featured_media":1911,"comment_status":"open","ping_status":"open","sticky":false,"template":"","format":"standard","meta":{"jetpack_post_was_ever_published":false,"_jetpack_newsletter_access":"","_jetpack_dont_email_post_to_subs":false,"_jetpack_newsletter_tier_id":0,"_jetpack_memberships_contains_paywalled_content":false,"_jetpack_memberships_contains_paid_content":false,"footnotes":"","jetpack_publicize_message":"","jetpack_publicize_feature_enabled":true,"jetpack_social_post_already_shared":false,"jetpack_social_options":{"image_generator_settings":{"template":"highway","default_image_id":0,"font":"","enabled":false},"version":2}},"categories":[1],"tags":[],"class_list":["post-1909","post","type-post","status-publish","format-standard","has-post-thumbnail","hentry","category-sem-categoria"],"jetpack_publicize_connections":[],"jetpack_featured_media_url":"https:\/\/blogs.gazetaesportiva.com\/automobilismo\/files\/2024\/10\/444984_1131061_430724_1085504_lalalli_senna_ao_lado_da_nosso_senna_collection-scaled.jpg","jetpack_sharing_enabled":true,"jetpack_shortlink":"https:\/\/wp.me\/pblv91-uN","_links":{"self":[{"href":"https:\/\/blogs.gazetaesportiva.com\/automobilismo\/wp-json\/wp\/v2\/posts\/1909","targetHints":{"allow":["GET"]}}],"collection":[{"href":"https:\/\/blogs.gazetaesportiva.com\/automobilismo\/wp-json\/wp\/v2\/posts"}],"about":[{"href":"https:\/\/blogs.gazetaesportiva.com\/automobilismo\/wp-json\/wp\/v2\/types\/post"}],"author":[{"embeddable":true,"href":"https:\/\/blogs.gazetaesportiva.com\/automobilismo\/wp-json\/wp\/v2\/users\/75"}],"replies":[{"embeddable":true,"href":"https:\/\/blogs.gazetaesportiva.com\/automobilismo\/wp-json\/wp\/v2\/comments?post=1909"}],"version-history":[{"count":0,"href":"https:\/\/blogs.gazetaesportiva.com\/automobilismo\/wp-json\/wp\/v2\/posts\/1909\/revisions"}],"wp:featuredmedia":[{"embeddable":true,"href":"https:\/\/blogs.gazetaesportiva.com\/automobilismo\/wp-json\/wp\/v2\/media\/1911"}],"wp:attachment":[{"href":"https:\/\/blogs.gazetaesportiva.com\/automobilismo\/wp-json\/wp\/v2\/media?parent=1909"}],"wp:term":[{"taxonomy":"category","embeddable":true,"href":"https:\/\/blogs.gazetaesportiva.com\/automobilismo\/wp-json\/wp\/v2\/categories?post=1909"},{"taxonomy":"post_tag","embeddable":true,"href":"https:\/\/blogs.gazetaesportiva.com\/automobilismo\/wp-json\/wp\/v2\/tags?post=1909"}],"curies":[{"name":"wp","href":"https:\/\/api.w.org\/{rel}","templated":true}]}}