{"id":1904,"date":"2024-10-30T17:15:04","date_gmt":"2024-10-30T17:15:04","guid":{"rendered":"https:\/\/blogs.gazetaesportiva.com\/automobilismo\/?p=1904"},"modified":"2024-10-30T17:15:04","modified_gmt":"2024-10-30T17:15:04","slug":"chegou-a-semana-mais-veloz-do-ano-f1-em-sao-paulo-em-destaque-na-tv-gazeta","status":"publish","type":"post","link":"https:\/\/blogs.gazetaesportiva.com\/automobilismo\/2024\/10\/30\/chegou-a-semana-mais-veloz-do-ano-f1-em-sao-paulo-em-destaque-na-tv-gazeta\/","title":{"rendered":"Chegou a semana mais veloz do ano: F1 em S\u00e3o Paulo em destaque na TV Gazeta"},"content":{"rendered":"<p>S\u00e3o Paulo agora \u00e9 o centro do mundo do esporte a motor! Este foi o principal tema do Momento Velocidade desta ter\u00e7a ao vivo dentro do Gazeta Esportiva na TV Gazeta.<\/p>\n<figure id=\"attachment_1908\" aria-describedby=\"caption-attachment-1908\" style=\"width: 1024px\" class=\"wp-caption alignnone\"><img loading=\"lazy\" decoding=\"async\" class=\"size-full wp-image-1908\" src=\"https:\/\/blogs.gazetaesportiva.com\/automobilismo\/files\/2024\/10\/20241027_F1_Mexico_LandoNorris_01_McLaren.jpeg\" alt=\"Lando Norris\" width=\"1024\" height=\"682\" srcset=\"https:\/\/blogs.gazetaesportiva.com\/automobilismo\/files\/2024\/10\/20241027_F1_Mexico_LandoNorris_01_McLaren.jpeg 1024w, https:\/\/blogs.gazetaesportiva.com\/automobilismo\/files\/2024\/10\/20241027_F1_Mexico_LandoNorris_01_McLaren-300x200.jpeg 300w, https:\/\/blogs.gazetaesportiva.com\/automobilismo\/files\/2024\/10\/20241027_F1_Mexico_LandoNorris_01_McLaren-768x512.jpeg 768w\" sizes=\"auto, (max-width: 1024px) 100vw, 1024px\" \/><figcaption id=\"caption-attachment-1908\" class=\"wp-caption-text\">Foto: McLaren<\/figcaption><\/figure>\n<p>E, ao contr\u00e1rio dos anos anteriores, o GP de F1 em Interlagos ser\u00e1 decisivo para o campeonato de 2024. Lando Norris segue tirando pontos de Max Verstappen, que foi punido com 20 segundos no M\u00e9xico por jogar 2 vezes o piloto da McLaren para fora da pista. E a Ferrari aparece como surpresa com duas vit\u00f3rias seguidas, com Charles Leclerc em Austin e Carlos Sainz no domingo passado.<\/p>\n<figure id=\"attachment_1905\" aria-describedby=\"caption-attachment-1905\" style=\"width: 640px\" class=\"wp-caption alignnone\"><img loading=\"lazy\" decoding=\"async\" class=\"size-large wp-image-1905\" src=\"https:\/\/blogs.gazetaesportiva.com\/automobilismo\/files\/2024\/10\/443932_1127513_bt610111__1_-1024x683.jpg\" alt=\"\" width=\"640\" height=\"427\" srcset=\"https:\/\/blogs.gazetaesportiva.com\/automobilismo\/files\/2024\/10\/443932_1127513_bt610111__1_-1024x683.jpg 1024w, https:\/\/blogs.gazetaesportiva.com\/automobilismo\/files\/2024\/10\/443932_1127513_bt610111__1_-300x200.jpg 300w, https:\/\/blogs.gazetaesportiva.com\/automobilismo\/files\/2024\/10\/443932_1127513_bt610111__1_-768x512.jpg 768w, https:\/\/blogs.gazetaesportiva.com\/automobilismo\/files\/2024\/10\/443932_1127513_bt610111__1_-1536x1024.jpg 1536w, https:\/\/blogs.gazetaesportiva.com\/automobilismo\/files\/2024\/10\/443932_1127513_bt610111__1_-2048x1365.jpg 2048w\" sizes=\"auto, (max-width: 640px) 100vw, 640px\" \/><figcaption id=\"caption-attachment-1905\" class=\"wp-caption-text\">Foto: Bruno Terena<\/figcaption><\/figure>\n<p>E ainda tem a Mercedes que costuma andar bem em Interlagos e pode ser a favorita, como explica o \u00c1tila Abreu, que j\u00e1 correu contra Vettel, Alonso, Hamilton e muitos outros talentos do grid. Ele deu seu palpite direto do grid da Stock Car no Uruguai:<\/p>\n<p><iframe loading=\"lazy\" title=\"GP de Interlagos DECISIVO pra F1: quem \u00e9 o favorito? | MOMENTO VELOCIDADE (29\/10\/24)\" width=\"640\" height=\"360\" src=\"https:\/\/www.youtube.com\/embed\/CBF5u650AnY?feature=oembed\" frameborder=\"0\" allow=\"accelerometer; autoplay; clipboard-write; encrypted-media; gyroscope; picture-in-picture; web-share\" referrerpolicy=\"strict-origin-when-cross-origin\" allowfullscreen><\/iframe><\/p>\n<figure id=\"attachment_1906\" aria-describedby=\"caption-attachment-1906\" style=\"width: 640px\" class=\"wp-caption alignnone\"><img loading=\"lazy\" decoding=\"async\" class=\"size-large wp-image-1906\" src=\"https:\/\/blogs.gazetaesportiva.com\/automobilismo\/files\/2024\/10\/444926_1130869_rafacatelan_velocitta_paulista_51366-1024x684.jpg\" alt=\"Enzo Gianfratti\" width=\"640\" height=\"428\" srcset=\"https:\/\/blogs.gazetaesportiva.com\/automobilismo\/files\/2024\/10\/444926_1130869_rafacatelan_velocitta_paulista_51366-1024x684.jpg 1024w, https:\/\/blogs.gazetaesportiva.com\/automobilismo\/files\/2024\/10\/444926_1130869_rafacatelan_velocitta_paulista_51366-300x200.jpg 300w, https:\/\/blogs.gazetaesportiva.com\/automobilismo\/files\/2024\/10\/444926_1130869_rafacatelan_velocitta_paulista_51366-768x513.jpg 768w, https:\/\/blogs.gazetaesportiva.com\/automobilismo\/files\/2024\/10\/444926_1130869_rafacatelan_velocitta_paulista_51366-1536x1025.jpg 1536w, https:\/\/blogs.gazetaesportiva.com\/automobilismo\/files\/2024\/10\/444926_1130869_rafacatelan_velocitta_paulista_51366-2048x1367.jpg 2048w\" sizes=\"auto, (max-width: 640px) 100vw, 640px\" \/><figcaption id=\"caption-attachment-1906\" class=\"wp-caption-text\">Foto: Rafa Catelan<\/figcaption><\/figure>\n<p>E por falar em Mercedes, a AMG Cup realizou a rodada dupla no \u00faltimo final de semana no Aut\u00f3dromo Velocitta e teve piloto garantindo o t\u00edtulo com duas provas de anteced\u00eancia. \u00c9 o Enzo Gianfratti, que tamb\u00e9m compete em outras categorias como Turismo Nacional e Copa HB20.<\/p>\n<p>E enquanto a gente espera a confirma\u00e7\u00e3o se teremos brasileiro no grid de volta em 2025 na F1, a gente segue abrindo espa\u00e7o pros jovens talentos da base que est\u00e3o brilhando no exterior. Hoje \u00e9 a vez do Matheus Morgatto, que foi campe\u00e3o mundial de kart em 2022 e neste ano conquistou o vice na categoria KZ, a mais veloz de todas!<\/p>\n<figure id=\"attachment_1907\" aria-describedby=\"caption-attachment-1907\" style=\"width: 640px\" class=\"wp-caption alignnone\"><img loading=\"lazy\" decoding=\"async\" class=\"size-large wp-image-1907\" src=\"https:\/\/blogs.gazetaesportiva.com\/automobilismo\/files\/2024\/10\/444449_1129348_whatsapp_image_2024_10_14_at_18.33.59-683x1024.jpeg\" alt=\"Matheus Morgatto\" width=\"640\" height=\"960\" srcset=\"https:\/\/blogs.gazetaesportiva.com\/automobilismo\/files\/2024\/10\/444449_1129348_whatsapp_image_2024_10_14_at_18.33.59-683x1024.jpeg 683w, https:\/\/blogs.gazetaesportiva.com\/automobilismo\/files\/2024\/10\/444449_1129348_whatsapp_image_2024_10_14_at_18.33.59-200x300.jpeg 200w, https:\/\/blogs.gazetaesportiva.com\/automobilismo\/files\/2024\/10\/444449_1129348_whatsapp_image_2024_10_14_at_18.33.59-768x1152.jpeg 768w, https:\/\/blogs.gazetaesportiva.com\/automobilismo\/files\/2024\/10\/444449_1129348_whatsapp_image_2024_10_14_at_18.33.59-1024x1536.jpeg 1024w, https:\/\/blogs.gazetaesportiva.com\/automobilismo\/files\/2024\/10\/444449_1129348_whatsapp_image_2024_10_14_at_18.33.59-1365x2048.jpeg 1365w, https:\/\/blogs.gazetaesportiva.com\/automobilismo\/files\/2024\/10\/444449_1129348_whatsapp_image_2024_10_14_at_18.33.59-scaled.jpeg 1706w\" sizes=\"auto, (max-width: 640px) 100vw, 640px\" \/><figcaption id=\"caption-attachment-1907\" class=\"wp-caption-text\">Foto: KSP<\/figcaption><\/figure>\n<p>Nesta semana tem cobertura exclusiva da F1 no site Gazeta Esportiva com nosso time direto de Interlagos e tamb\u00e9m reportagem especial sobre o legado de 30 anos de Ayrton Senna no Momento Velocidade deste domingo. \u00c9 20h25 na TV Gazeta!<\/p>\n","protected":false},"excerpt":{"rendered":"<p>S\u00e3o Paulo agora \u00e9 o centro do mundo do esporte a motor! Este foi o principal tema do Momento Velocidade desta ter\u00e7a ao vivo dentro <a class=\"read-more\" href=\"https:\/\/blogs.gazetaesportiva.com\/automobilismo\/2024\/10\/30\/chegou-a-semana-mais-veloz-do-ano-f1-em-sao-paulo-em-destaque-na-tv-gazeta\/\">leia mais<\/a><\/p>\n","protected":false},"author":75,"featured_media":1908,"comment_status":"open","ping_status":"open","sticky":false,"template":"","format":"standard","meta":{"jetpack_post_was_ever_published":false,"_jetpack_newsletter_access":"","_jetpack_dont_email_post_to_subs":false,"_jetpack_newsletter_tier_id":0,"_jetpack_memberships_contains_paywalled_content":false,"_jetpack_memberships_contains_paid_content":false,"footnotes":"","jetpack_publicize_message":"","jetpack_publicize_feature_enabled":true,"jetpack_social_post_already_shared":false,"jetpack_social_options":{"image_generator_settings":{"template":"highway","default_image_id":0,"font":"","enabled":false},"version":2}},"categories":[1],"tags":[],"class_list":["post-1904","post","type-post","status-publish","format-standard","has-post-thumbnail","hentry","category-sem-categoria"],"jetpack_publicize_connections":[],"jetpack_featured_media_url":"https:\/\/blogs.gazetaesportiva.com\/automobilismo\/files\/2024\/10\/20241027_F1_Mexico_LandoNorris_01_McLaren.jpeg","jetpack_sharing_enabled":true,"jetpack_shortlink":"https:\/\/wp.me\/pblv91-uI","_links":{"self":[{"href":"https:\/\/blogs.gazetaesportiva.com\/automobilismo\/wp-json\/wp\/v2\/posts\/1904","targetHints":{"allow":["GET"]}}],"collection":[{"href":"https:\/\/blogs.gazetaesportiva.com\/automobilismo\/wp-json\/wp\/v2\/posts"}],"about":[{"href":"https:\/\/blogs.gazetaesportiva.com\/automobilismo\/wp-json\/wp\/v2\/types\/post"}],"author":[{"embeddable":true,"href":"https:\/\/blogs.gazetaesportiva.com\/automobilismo\/wp-json\/wp\/v2\/users\/75"}],"replies":[{"embeddable":true,"href":"https:\/\/blogs.gazetaesportiva.com\/automobilismo\/wp-json\/wp\/v2\/comments?post=1904"}],"version-history":[{"count":0,"href":"https:\/\/blogs.gazetaesportiva.com\/automobilismo\/wp-json\/wp\/v2\/posts\/1904\/revisions"}],"wp:featuredmedia":[{"embeddable":true,"href":"https:\/\/blogs.gazetaesportiva.com\/automobilismo\/wp-json\/wp\/v2\/media\/1908"}],"wp:attachment":[{"href":"https:\/\/blogs.gazetaesportiva.com\/automobilismo\/wp-json\/wp\/v2\/media?parent=1904"}],"wp:term":[{"taxonomy":"category","embeddable":true,"href":"https:\/\/blogs.gazetaesportiva.com\/automobilismo\/wp-json\/wp\/v2\/categories?post=1904"},{"taxonomy":"post_tag","embeddable":true,"href":"https:\/\/blogs.gazetaesportiva.com\/automobilismo\/wp-json\/wp\/v2\/tags?post=1904"}],"curies":[{"name":"wp","href":"https:\/\/api.w.org\/{rel}","templated":true}]}}