{"id":1899,"date":"2024-10-28T16:46:39","date_gmt":"2024-10-28T16:46:39","guid":{"rendered":"https:\/\/blogs.gazetaesportiva.com\/automobilismo\/?p=1899"},"modified":"2024-10-28T16:46:39","modified_gmt":"2024-10-28T16:46:39","slug":"momento-velocidade-traz-a-cobertura-do-wrc-no-chile-com-a-toyota-gazoo-racing","status":"publish","type":"post","link":"https:\/\/blogs.gazetaesportiva.com\/automobilismo\/2024\/10\/28\/momento-velocidade-traz-a-cobertura-do-wrc-no-chile-com-a-toyota-gazoo-racing\/","title":{"rendered":"Momento Velocidade traz a cobertura do WRC no Chile com a TOYOTA GAZOO Racing"},"content":{"rendered":"<p>O programa Momento Velocidade deste domingo mostrou os bastidores de uma cobertura internacional: nossa viagem at\u00e9 o Chile para cobrir o WRC.<\/p>\n<figure id=\"attachment_1902\" aria-describedby=\"caption-attachment-1902\" style=\"width: 640px\" class=\"wp-caption alignnone\"><img loading=\"lazy\" decoding=\"async\" class=\"size-large wp-image-1902\" src=\"https:\/\/blogs.gazetaesportiva.com\/automobilismo\/files\/2024\/10\/WRC_2024_Rd11_661-1024x683.jpg\" alt=\"Kalle Rovanpera\" width=\"640\" height=\"427\" srcset=\"https:\/\/blogs.gazetaesportiva.com\/automobilismo\/files\/2024\/10\/WRC_2024_Rd11_661-1024x683.jpg 1024w, https:\/\/blogs.gazetaesportiva.com\/automobilismo\/files\/2024\/10\/WRC_2024_Rd11_661-300x200.jpg 300w, https:\/\/blogs.gazetaesportiva.com\/automobilismo\/files\/2024\/10\/WRC_2024_Rd11_661-768x512.jpg 768w, https:\/\/blogs.gazetaesportiva.com\/automobilismo\/files\/2024\/10\/WRC_2024_Rd11_661-1536x1024.jpg 1536w, https:\/\/blogs.gazetaesportiva.com\/automobilismo\/files\/2024\/10\/WRC_2024_Rd11_661-2048x1365.jpg 2048w\" sizes=\"auto, (max-width: 640px) 100vw, 640px\" \/><figcaption id=\"caption-attachment-1902\" class=\"wp-caption-text\">Foto: Toyota<\/figcaption><\/figure>\n<p>A vit\u00f3ria foi da TOYOTA GAZOO Racing, com Kalle Rovanpera saindo com a vit\u00f3ria na prova disputada na regi\u00e3o de Concepci\u00f3n, no litoral chileno, al\u00e9m de ter Elfyn Evans, piloto que disputa todas as etapas do Mundial de Rally, terminar com a segunda posi\u00e7\u00e3o.<\/p>\n<figure id=\"attachment_1901\" aria-describedby=\"caption-attachment-1901\" style=\"width: 640px\" class=\"wp-caption alignnone\"><img loading=\"lazy\" decoding=\"async\" class=\"size-large wp-image-1901\" src=\"https:\/\/blogs.gazetaesportiva.com\/automobilismo\/files\/2024\/10\/443854_1127288_wrc_2024_rd11_771-1024x683.jpg\" alt=\"Kalle Rovanpera\" width=\"640\" height=\"427\" srcset=\"https:\/\/blogs.gazetaesportiva.com\/automobilismo\/files\/2024\/10\/443854_1127288_wrc_2024_rd11_771-1024x683.jpg 1024w, https:\/\/blogs.gazetaesportiva.com\/automobilismo\/files\/2024\/10\/443854_1127288_wrc_2024_rd11_771-300x200.jpg 300w, https:\/\/blogs.gazetaesportiva.com\/automobilismo\/files\/2024\/10\/443854_1127288_wrc_2024_rd11_771-768x512.jpg 768w, https:\/\/blogs.gazetaesportiva.com\/automobilismo\/files\/2024\/10\/443854_1127288_wrc_2024_rd11_771-1536x1024.jpg 1536w, https:\/\/blogs.gazetaesportiva.com\/automobilismo\/files\/2024\/10\/443854_1127288_wrc_2024_rd11_771-2048x1365.jpg 2048w\" sizes=\"auto, (max-width: 640px) 100vw, 640px\" \/><figcaption id=\"caption-attachment-1901\" class=\"wp-caption-text\">Foto: Toyota<\/figcaption><\/figure>\n<p>Al\u00e9m da dobradinha na \u00fanica etapa sul-americana do mais importante campeonato de rali de velocidade do planeta, a TOYOTA GAZOO Racing voltou a se aproximar da lideran\u00e7a do Mundial de Construtores. A fabricante segue com a segunda posi\u00e7\u00e3o na tabela de classifica\u00e7\u00e3o, agora apenas 17 pontos atr\u00e1s dos l\u00edderes, restando duas etapas para o final.<\/p>\n<p>O desempenho dos pilotos da TOYOTA GAZOO Racing na etapa chilena do campeonato foi avassalador: 13 vit\u00f3rias em 16 especiais disputadas. Rovanpera, atual bicampe\u00e3o do mundo, fechou a prova com 23,4 segundos de vantagem para Evans. Sami Pajari, em seu segundo rali na divis\u00e3o principal do WRC, foi o sexto, enquanto S\u00e9bastien Ogier foi o 36\u00ba, mesmo ap\u00f3s vencer sete especiais, somando pontos para o time.<\/p>\n<p>\u201cFoi um \u00f3timo resultado para a equipe e pela primeira vez no ano tivemos um domingo perfeito. Nossos pilotos fizeram um trabalho magn\u00edfico e esse resultado nos dar\u00e1 um \u00e2nimo extra para as \u00faltimas duas etapas. Kalle e Elfyn pilotaram muito bem durante todo o final de semana e qualquer um deles merecia a vit\u00f3ria\u201d, disse Jari-Matti Latvala, chefe da TOYOTA GAZOO Racing no WRC.<\/p>\n<p>Confira os bastidores aqui:<\/p>\n<p><iframe loading=\"lazy\" title=\"WRC | Momento Velocidade | Gazeta Motors\" width=\"640\" height=\"360\" src=\"https:\/\/www.youtube.com\/embed\/AVbDA0y9ckU?feature=oembed\" frameborder=\"0\" allow=\"accelerometer; autoplay; clipboard-write; encrypted-media; gyroscope; picture-in-picture; web-share\" referrerpolicy=\"strict-origin-when-cross-origin\" allowfullscreen><\/iframe><\/p>\n","protected":false},"excerpt":{"rendered":"<p>O programa Momento Velocidade deste domingo mostrou os bastidores de uma cobertura internacional: nossa viagem at\u00e9 o Chile para cobrir o WRC. A vit\u00f3ria foi <a class=\"read-more\" href=\"https:\/\/blogs.gazetaesportiva.com\/automobilismo\/2024\/10\/28\/momento-velocidade-traz-a-cobertura-do-wrc-no-chile-com-a-toyota-gazoo-racing\/\">leia mais<\/a><\/p>\n","protected":false},"author":75,"featured_media":1902,"comment_status":"open","ping_status":"open","sticky":false,"template":"","format":"quote","meta":{"jetpack_post_was_ever_published":false,"_jetpack_newsletter_access":"","_jetpack_dont_email_post_to_subs":false,"_jetpack_newsletter_tier_id":0,"_jetpack_memberships_contains_paywalled_content":false,"_jetpack_memberships_contains_paid_content":false,"footnotes":"","jetpack_publicize_message":"","jetpack_publicize_feature_enabled":true,"jetpack_social_post_already_shared":false,"jetpack_social_options":{"image_generator_settings":{"template":"highway","default_image_id":0,"font":"","enabled":false},"version":2}},"categories":[1],"tags":[],"class_list":["post-1899","post","type-post","status-publish","format-quote","has-post-thumbnail","hentry","category-sem-categoria","post_format-post-format-quote"],"jetpack_publicize_connections":[],"jetpack_featured_media_url":"https:\/\/blogs.gazetaesportiva.com\/automobilismo\/files\/2024\/10\/WRC_2024_Rd11_661-scaled.jpg","jetpack_sharing_enabled":true,"jetpack_shortlink":"https:\/\/wp.me\/pblv91-uD","_links":{"self":[{"href":"https:\/\/blogs.gazetaesportiva.com\/automobilismo\/wp-json\/wp\/v2\/posts\/1899","targetHints":{"allow":["GET"]}}],"collection":[{"href":"https:\/\/blogs.gazetaesportiva.com\/automobilismo\/wp-json\/wp\/v2\/posts"}],"about":[{"href":"https:\/\/blogs.gazetaesportiva.com\/automobilismo\/wp-json\/wp\/v2\/types\/post"}],"author":[{"embeddable":true,"href":"https:\/\/blogs.gazetaesportiva.com\/automobilismo\/wp-json\/wp\/v2\/users\/75"}],"replies":[{"embeddable":true,"href":"https:\/\/blogs.gazetaesportiva.com\/automobilismo\/wp-json\/wp\/v2\/comments?post=1899"}],"version-history":[{"count":0,"href":"https:\/\/blogs.gazetaesportiva.com\/automobilismo\/wp-json\/wp\/v2\/posts\/1899\/revisions"}],"wp:featuredmedia":[{"embeddable":true,"href":"https:\/\/blogs.gazetaesportiva.com\/automobilismo\/wp-json\/wp\/v2\/media\/1902"}],"wp:attachment":[{"href":"https:\/\/blogs.gazetaesportiva.com\/automobilismo\/wp-json\/wp\/v2\/media?parent=1899"}],"wp:term":[{"taxonomy":"category","embeddable":true,"href":"https:\/\/blogs.gazetaesportiva.com\/automobilismo\/wp-json\/wp\/v2\/categories?post=1899"},{"taxonomy":"post_tag","embeddable":true,"href":"https:\/\/blogs.gazetaesportiva.com\/automobilismo\/wp-json\/wp\/v2\/tags?post=1899"}],"curies":[{"name":"wp","href":"https:\/\/api.w.org\/{rel}","templated":true}]}}