{"id":1811,"date":"2024-09-11T19:22:21","date_gmt":"2024-09-11T19:22:21","guid":{"rendered":"https:\/\/blogs.gazetaesportiva.com\/automobilismo\/?p=1811"},"modified":"2024-09-11T19:22:21","modified_gmt":"2024-09-11T19:22:21","slug":"familia-senna-promove-gala-dinner-inedito-em-homenagem-aos-30-anos-de-legado-do-piloto-para-o-brasil-e-para-a-educacao","status":"publish","type":"post","link":"https:\/\/blogs.gazetaesportiva.com\/automobilismo\/2024\/09\/11\/familia-senna-promove-gala-dinner-inedito-em-homenagem-aos-30-anos-de-legado-do-piloto-para-o-brasil-e-para-a-educacao\/","title":{"rendered":"Fam\u00edlia Senna promove Gala Dinner in\u00e9dito em homenagem aos 30 anos de legado do piloto para o Brasil e para a educa\u00e7\u00e3o"},"content":{"rendered":"<p>Em comemora\u00e7\u00e3o aos 30 anos de legado de Ayrton Senna para o pa\u00eds e para a educa\u00e7\u00e3o, Viviane Senna, presidente do Instituto, e Stephano Domenicali, CEO da F\u00f3rmula 1, convidam para Gala Dinner in\u00e9dito no dia 30 de outubro, em S\u00e3o Paulo. O evento acontece na mesma semana do Grande Pr\u00eamio de S\u00e3o Paulo e vai reunir grandes personalidades empresariais, art\u00edsticas, esportivas e sociais.<\/p>\n<figure id=\"attachment_1812\" aria-describedby=\"caption-attachment-1812\" style=\"width: 640px\" class=\"wp-caption alignnone\"><img loading=\"lazy\" decoding=\"async\" src=\"https:\/\/blogs.gazetaesportiva.com\/automobilismo\/files\/2024\/09\/WhatsApp-Image-2024-09-11-at-15.03.47-1024x576.jpeg\" alt=\"Ayrton Senna\" width=\"640\" height=\"360\" class=\"size-large wp-image-1812\" srcset=\"https:\/\/blogs.gazetaesportiva.com\/automobilismo\/files\/2024\/09\/WhatsApp-Image-2024-09-11-at-15.03.47-1024x576.jpeg 1024w, https:\/\/blogs.gazetaesportiva.com\/automobilismo\/files\/2024\/09\/WhatsApp-Image-2024-09-11-at-15.03.47-300x169.jpeg 300w, https:\/\/blogs.gazetaesportiva.com\/automobilismo\/files\/2024\/09\/WhatsApp-Image-2024-09-11-at-15.03.47-768x432.jpeg 768w, https:\/\/blogs.gazetaesportiva.com\/automobilismo\/files\/2024\/09\/WhatsApp-Image-2024-09-11-at-15.03.47-1536x864.jpeg 1536w, https:\/\/blogs.gazetaesportiva.com\/automobilismo\/files\/2024\/09\/WhatsApp-Image-2024-09-11-at-15.03.47.jpeg 1600w\" sizes=\"auto, (max-width: 640px) 100vw, 640px\" \/><figcaption id=\"caption-attachment-1812\" class=\"wp-caption-text\">Foto: divulga\u00e7\u00e3o<\/figcaption><\/figure>\n<p>Realizado pela primeira vez, o Gala Dinner proporcionar\u00e1 aos convidados uma experi\u00eancia completa e in\u00e9dita, com exposi\u00e7\u00e3o imersiva, ativa\u00e7\u00f5es art\u00edsticas, jantar assinado pelo chef Edu Guedes e apresenta\u00e7\u00f5es musicais. Durante o evento tamb\u00e9m acontecer\u00e1 um leil\u00e3o com experi\u00eancias e itens exclusivos com toda a renda l\u00edquida arrecadada revertida para as a\u00e7\u00f5es e programas educacionais do Instituto Ayrton Senna.  <\/p>\n<p>\u201cEste ano estamos celebrando 30 anos de legado do Ayrton ao Brasil dentro e fora das pistas. Realizaremos, pela primeira vez, um Gala Dinner em homenagem a este brasileiro que fez hist\u00f3ria em uma noite inesquec\u00edvel! Ser\u00e1 um evento m\u00e1gico, assim como um dos adjetivos como chamavam o Ayrton: o Magic Senna\u201d, diz Viviane Senna, presidente do Instituto. O evento faz parte de uma s\u00e9rie de a\u00e7\u00f5es que marcam os 30 anos de legado do \u00eddolo nacional para o esporte e para o pa\u00eds, al\u00e9m de comemorar os 30 anos de vit\u00f3rias do Instituto Ayrton Senna na educa\u00e7\u00e3o brasileira.<\/p>\n","protected":false},"excerpt":{"rendered":"<p>Em comemora\u00e7\u00e3o aos 30 anos de legado de Ayrton Senna para o pa\u00eds e para a educa\u00e7\u00e3o, Viviane Senna, presidente do Instituto, e Stephano Domenicali, <a class=\"read-more\" href=\"https:\/\/blogs.gazetaesportiva.com\/automobilismo\/2024\/09\/11\/familia-senna-promove-gala-dinner-inedito-em-homenagem-aos-30-anos-de-legado-do-piloto-para-o-brasil-e-para-a-educacao\/\">leia mais<\/a><\/p>\n","protected":false},"author":75,"featured_media":1812,"comment_status":"open","ping_status":"open","sticky":false,"template":"","format":"standard","meta":{"jetpack_post_was_ever_published":false,"_jetpack_newsletter_access":"","_jetpack_dont_email_post_to_subs":false,"_jetpack_newsletter_tier_id":0,"_jetpack_memberships_contains_paywalled_content":false,"_jetpack_memberships_contains_paid_content":false,"footnotes":"","jetpack_publicize_message":"","jetpack_publicize_feature_enabled":true,"jetpack_social_post_already_shared":false,"jetpack_social_options":{"image_generator_settings":{"template":"highway","default_image_id":0,"font":"","enabled":false},"version":2}},"categories":[1],"tags":[],"class_list":["post-1811","post","type-post","status-publish","format-standard","has-post-thumbnail","hentry","category-sem-categoria"],"jetpack_publicize_connections":[],"jetpack_featured_media_url":"https:\/\/blogs.gazetaesportiva.com\/automobilismo\/files\/2024\/09\/WhatsApp-Image-2024-09-11-at-15.03.47.jpeg","jetpack_sharing_enabled":true,"jetpack_shortlink":"https:\/\/wp.me\/pblv91-td","_links":{"self":[{"href":"https:\/\/blogs.gazetaesportiva.com\/automobilismo\/wp-json\/wp\/v2\/posts\/1811","targetHints":{"allow":["GET"]}}],"collection":[{"href":"https:\/\/blogs.gazetaesportiva.com\/automobilismo\/wp-json\/wp\/v2\/posts"}],"about":[{"href":"https:\/\/blogs.gazetaesportiva.com\/automobilismo\/wp-json\/wp\/v2\/types\/post"}],"author":[{"embeddable":true,"href":"https:\/\/blogs.gazetaesportiva.com\/automobilismo\/wp-json\/wp\/v2\/users\/75"}],"replies":[{"embeddable":true,"href":"https:\/\/blogs.gazetaesportiva.com\/automobilismo\/wp-json\/wp\/v2\/comments?post=1811"}],"version-history":[{"count":0,"href":"https:\/\/blogs.gazetaesportiva.com\/automobilismo\/wp-json\/wp\/v2\/posts\/1811\/revisions"}],"wp:featuredmedia":[{"embeddable":true,"href":"https:\/\/blogs.gazetaesportiva.com\/automobilismo\/wp-json\/wp\/v2\/media\/1812"}],"wp:attachment":[{"href":"https:\/\/blogs.gazetaesportiva.com\/automobilismo\/wp-json\/wp\/v2\/media?parent=1811"}],"wp:term":[{"taxonomy":"category","embeddable":true,"href":"https:\/\/blogs.gazetaesportiva.com\/automobilismo\/wp-json\/wp\/v2\/categories?post=1811"},{"taxonomy":"post_tag","embeddable":true,"href":"https:\/\/blogs.gazetaesportiva.com\/automobilismo\/wp-json\/wp\/v2\/tags?post=1811"}],"curies":[{"name":"wp","href":"https:\/\/api.w.org\/{rel}","templated":true}]}}