{"id":1804,"date":"2024-09-09T16:56:33","date_gmt":"2024-09-09T16:56:33","guid":{"rendered":"https:\/\/blogs.gazetaesportiva.com\/automobilismo\/?p=1804"},"modified":"2024-09-09T16:56:33","modified_gmt":"2024-09-09T16:56:33","slug":"com-300-provas-na-stock-car-atila-abreu-e-o-entrevistado-na-tv-gazeta-e-fala-da-homenagem-a-petronas","status":"publish","type":"post","link":"https:\/\/blogs.gazetaesportiva.com\/automobilismo\/2024\/09\/09\/com-300-provas-na-stock-car-atila-abreu-e-o-entrevistado-na-tv-gazeta-e-fala-da-homenagem-a-petronas\/","title":{"rendered":"Com 300 provas na Stock Car, \u00c1tila Abreu \u00e9 o entrevistado na TV Gazeta e fala da homenagem a PETRONAS"},"content":{"rendered":"<p>O Momento Velocidade, programa especializado em automobilismo na TV aberta e hor\u00e1rio nobre, com exibi\u00e7\u00e3o nas noites de ter\u00e7a e domingo na TV Gazeta, trouxe ontem uma reportagem especial com o piloto \u00c1tila Abreu.<\/p>\n<figure id=\"attachment_1801\" aria-describedby=\"caption-attachment-1801\" style=\"width: 640px\" class=\"wp-caption alignnone\"><img loading=\"lazy\" decoding=\"async\" src=\"https:\/\/blogs.gazetaesportiva.com\/automobilismo\/files\/2024\/09\/BT610468-1024x683.jpg\" alt=\"\u00c1tila Abreu\" width=\"640\" height=\"427\" class=\"size-large wp-image-1801\" srcset=\"https:\/\/blogs.gazetaesportiva.com\/automobilismo\/files\/2024\/09\/BT610468-1024x683.jpg 1024w, https:\/\/blogs.gazetaesportiva.com\/automobilismo\/files\/2024\/09\/BT610468-300x200.jpg 300w, https:\/\/blogs.gazetaesportiva.com\/automobilismo\/files\/2024\/09\/BT610468-768x512.jpg 768w, https:\/\/blogs.gazetaesportiva.com\/automobilismo\/files\/2024\/09\/BT610468-1536x1024.jpg 1536w, https:\/\/blogs.gazetaesportiva.com\/automobilismo\/files\/2024\/09\/BT610468-2048x1365.jpg 2048w\" sizes=\"auto, (max-width: 640px) 100vw, 640px\" \/><figcaption id=\"caption-attachment-1801\" class=\"wp-caption-text\">Foto: Bruno Terena<\/figcaption><\/figure>\n<p>Na etapa do m\u00eas passado, em Belo Horizonte, ele trocou o seu tradicional n\u00famero 51 pelo 50, em raz\u00e3o do meio s\u00e9culo de hist\u00f3ria da PETRONAS, patrocinadora da equipe neste ano.<\/p>\n<p>O an\u00fancio da mudan\u00e7a do n\u00famero do carro de \u00c1tila Abreu para a etapa na capital mineira foi feito durante evento da PETRONAS durante o Festival Interlagos, onde ele conversou com exclusividade com a TV Gazeta.<\/p>\n<p>\u201cDesde que eu estreei na Stock Car, meu n\u00famero \u00e9 o 51. Mas especialmente nessa corrida, por ser na sede do meu principal patrocinador, e por nessa data eles completarem 50 anos no Brasil, vou homenage\u00e1-los e correr com o 50 por conta da PETRONAS\u201d, disse \u00c1tila Abreu, que no Velopark completou 300 corridas na Stock Car.<\/p>\n<p>Confira o Momento Velocidade deste domingo exibido na TV Gazeta:<\/p>\n<p><iframe loading=\"lazy\" title=\"Petronas | Momento Velocidade | Gazeta Motors\" width=\"640\" height=\"360\" src=\"https:\/\/www.youtube.com\/embed\/msEw-ZdcryM?feature=oembed\" frameborder=\"0\" allow=\"accelerometer; autoplay; clipboard-write; encrypted-media; gyroscope; picture-in-picture; web-share\" referrerpolicy=\"strict-origin-when-cross-origin\" allowfullscreen><\/iframe><\/p>\n","protected":false},"excerpt":{"rendered":"<p>O Momento Velocidade, programa especializado em automobilismo na TV aberta e hor\u00e1rio nobre, com exibi\u00e7\u00e3o nas noites de ter\u00e7a e domingo na TV Gazeta, trouxe <a class=\"read-more\" href=\"https:\/\/blogs.gazetaesportiva.com\/automobilismo\/2024\/09\/09\/com-300-provas-na-stock-car-atila-abreu-e-o-entrevistado-na-tv-gazeta-e-fala-da-homenagem-a-petronas\/\">leia mais<\/a><\/p>\n","protected":false},"author":75,"featured_media":1801,"comment_status":"open","ping_status":"open","sticky":false,"template":"","format":"standard","meta":{"jetpack_post_was_ever_published":false,"_jetpack_newsletter_access":"","_jetpack_dont_email_post_to_subs":false,"_jetpack_newsletter_tier_id":0,"_jetpack_memberships_contains_paywalled_content":false,"_jetpack_memberships_contains_paid_content":false,"footnotes":"","jetpack_publicize_message":"","jetpack_publicize_feature_enabled":true,"jetpack_social_post_already_shared":false,"jetpack_social_options":{"image_generator_settings":{"template":"highway","default_image_id":0,"font":"","enabled":false},"version":2}},"categories":[1],"tags":[],"class_list":["post-1804","post","type-post","status-publish","format-standard","has-post-thumbnail","hentry","category-sem-categoria"],"jetpack_publicize_connections":[],"jetpack_featured_media_url":"https:\/\/blogs.gazetaesportiva.com\/automobilismo\/files\/2024\/09\/BT610468.jpg","jetpack_sharing_enabled":true,"jetpack_shortlink":"https:\/\/wp.me\/pblv91-t6","_links":{"self":[{"href":"https:\/\/blogs.gazetaesportiva.com\/automobilismo\/wp-json\/wp\/v2\/posts\/1804","targetHints":{"allow":["GET"]}}],"collection":[{"href":"https:\/\/blogs.gazetaesportiva.com\/automobilismo\/wp-json\/wp\/v2\/posts"}],"about":[{"href":"https:\/\/blogs.gazetaesportiva.com\/automobilismo\/wp-json\/wp\/v2\/types\/post"}],"author":[{"embeddable":true,"href":"https:\/\/blogs.gazetaesportiva.com\/automobilismo\/wp-json\/wp\/v2\/users\/75"}],"replies":[{"embeddable":true,"href":"https:\/\/blogs.gazetaesportiva.com\/automobilismo\/wp-json\/wp\/v2\/comments?post=1804"}],"version-history":[{"count":0,"href":"https:\/\/blogs.gazetaesportiva.com\/automobilismo\/wp-json\/wp\/v2\/posts\/1804\/revisions"}],"wp:featuredmedia":[{"embeddable":true,"href":"https:\/\/blogs.gazetaesportiva.com\/automobilismo\/wp-json\/wp\/v2\/media\/1801"}],"wp:attachment":[{"href":"https:\/\/blogs.gazetaesportiva.com\/automobilismo\/wp-json\/wp\/v2\/media?parent=1804"}],"wp:term":[{"taxonomy":"category","embeddable":true,"href":"https:\/\/blogs.gazetaesportiva.com\/automobilismo\/wp-json\/wp\/v2\/categories?post=1804"},{"taxonomy":"post_tag","embeddable":true,"href":"https:\/\/blogs.gazetaesportiva.com\/automobilismo\/wp-json\/wp\/v2\/tags?post=1804"}],"curies":[{"name":"wp","href":"https:\/\/api.w.org\/{rel}","templated":true}]}}