{"id":1802,"date":"2024-09-09T16:54:27","date_gmt":"2024-09-09T16:54:27","guid":{"rendered":"https:\/\/blogs.gazetaesportiva.com\/automobilismo\/?p=1802"},"modified":"2024-09-09T16:54:27","modified_gmt":"2024-09-09T16:54:27","slug":"tv-gazeta-exibe-no-momento-velocidade-os-vencedores-da-copa-sp-de-kart-na-granja-viana","status":"publish","type":"post","link":"https:\/\/blogs.gazetaesportiva.com\/automobilismo\/2024\/09\/09\/tv-gazeta-exibe-no-momento-velocidade-os-vencedores-da-copa-sp-de-kart-na-granja-viana\/","title":{"rendered":"TV Gazeta exibe no Momento Velocidade os vencedores da Copa SP de Kart na Granja Viana"},"content":{"rendered":"<p>A Copa S\u00e3o Paulo de Kart consagrou os vencedores da s\u00e9tima etapa da temporada no Kart\u00f3dromo Granja Viana e o Momento Velocidade deste domingo na TV Gazeta exibiu a reportagem listando todos aqueles que sa\u00edram com trof\u00e9u de primeiro lugar.<\/p>\n<figure id=\"attachment_1803\" aria-describedby=\"caption-attachment-1803\" style=\"width: 640px\" class=\"wp-caption alignnone\"><img loading=\"lazy\" decoding=\"async\" src=\"https:\/\/blogs.gazetaesportiva.com\/automobilismo\/files\/2024\/09\/Kgv-31-08-24-Tartalho-0676-1024x683.jpg\" alt=\"Marcella Assump\u00e7\u00e3o\" width=\"640\" height=\"427\" class=\"size-large wp-image-1803\" srcset=\"https:\/\/blogs.gazetaesportiva.com\/automobilismo\/files\/2024\/09\/Kgv-31-08-24-Tartalho-0676-1024x683.jpg 1024w, https:\/\/blogs.gazetaesportiva.com\/automobilismo\/files\/2024\/09\/Kgv-31-08-24-Tartalho-0676-300x200.jpg 300w, https:\/\/blogs.gazetaesportiva.com\/automobilismo\/files\/2024\/09\/Kgv-31-08-24-Tartalho-0676-768x512.jpg 768w, https:\/\/blogs.gazetaesportiva.com\/automobilismo\/files\/2024\/09\/Kgv-31-08-24-Tartalho-0676-1536x1024.jpg 1536w, https:\/\/blogs.gazetaesportiva.com\/automobilismo\/files\/2024\/09\/Kgv-31-08-24-Tartalho-0676-2048x1365.jpg 2048w\" sizes=\"auto, (max-width: 640px) 100vw, 640px\" \/><figcaption id=\"caption-attachment-1803\" class=\"wp-caption-text\">Foto: Diego Tartalho<\/figcaption><\/figure>\n<p>Na Mirim, Rafael L\u00facio Hernandes foi o vencedor, e Thalyson Fernandes ganhou na Cadete. Na F4 Jr, Guilherme Freire triunfou, com Jo\u00e3o Victor sendo o melhor na F4 Graduados. Gustav Kirst venceu na Light, e M\u00e1rcio Gazquez na F4 S\u00eanior.<\/p>\n<p>Francisco Rocha venceu na Rotax Mini Max. Na Rotax Junior Max, Dudu Salamonde levou a melhor. Pela Rotax Max, Lucas Paiva venceu. Gilnei Soares triunfou na Rotax Max Masters, enquanto Rodrigo Giacomini levou a melhor na Super S\u00eanior. <\/p>\n<p>Na Rotax Micro Max, Bernardo Gubert triunfou, e Tito Giaffone venceu na Rotax DD2, com Michel Aboissa vencendo na Masters. Adriano Amaral foi o melhor na Shifter Graduados. Na S\u00eanior, Diego Lozov ganhou. Alexandre Trita venceu na Super S\u00eanior e Jo\u00e3o Carlos Fregonezi na Super S\u00eanior Masters.<\/p>\n<p>Na Pro 500, a Pastore\/Racingclub venceu na Light, e o kart 777 da equipe &#8220;Revise seu Plano&#8221; foi o melhor na S\u00eanior. E na geral, a vit\u00f3ria foi do nosso kart, One &#8211; Jornada Rumo \u00e0 Vit\u00f3ria, pilotado por Enzo Prando. <\/p>\n<p>Confira a reportagem completa do Momento Velocidade:<\/p>\n<p><iframe loading=\"lazy\" title=\"Petronas | Momento Velocidade | Gazeta Motors\" width=\"640\" height=\"360\" src=\"https:\/\/www.youtube.com\/embed\/msEw-ZdcryM?feature=oembed\" frameborder=\"0\" allow=\"accelerometer; autoplay; clipboard-write; encrypted-media; gyroscope; picture-in-picture; web-share\" referrerpolicy=\"strict-origin-when-cross-origin\" allowfullscreen><\/iframe><\/p>\n","protected":false},"excerpt":{"rendered":"<p>A Copa S\u00e3o Paulo de Kart consagrou os vencedores da s\u00e9tima etapa da temporada no Kart\u00f3dromo Granja Viana e o Momento Velocidade deste domingo na <a class=\"read-more\" href=\"https:\/\/blogs.gazetaesportiva.com\/automobilismo\/2024\/09\/09\/tv-gazeta-exibe-no-momento-velocidade-os-vencedores-da-copa-sp-de-kart-na-granja-viana\/\">leia mais<\/a><\/p>\n","protected":false},"author":75,"featured_media":1803,"comment_status":"open","ping_status":"open","sticky":false,"template":"","format":"standard","meta":{"jetpack_post_was_ever_published":false,"_jetpack_newsletter_access":"","_jetpack_dont_email_post_to_subs":false,"_jetpack_newsletter_tier_id":0,"_jetpack_memberships_contains_paywalled_content":false,"_jetpack_memberships_contains_paid_content":false,"footnotes":"","jetpack_publicize_message":"","jetpack_publicize_feature_enabled":true,"jetpack_social_post_already_shared":false,"jetpack_social_options":{"image_generator_settings":{"template":"highway","default_image_id":0,"font":"","enabled":false},"version":2}},"categories":[1],"tags":[],"class_list":["post-1802","post","type-post","status-publish","format-standard","has-post-thumbnail","hentry","category-sem-categoria"],"jetpack_publicize_connections":[],"jetpack_featured_media_url":"https:\/\/blogs.gazetaesportiva.com\/automobilismo\/files\/2024\/09\/Kgv-31-08-24-Tartalho-0676-scaled.jpg","jetpack_sharing_enabled":true,"jetpack_shortlink":"https:\/\/wp.me\/pblv91-t4","_links":{"self":[{"href":"https:\/\/blogs.gazetaesportiva.com\/automobilismo\/wp-json\/wp\/v2\/posts\/1802","targetHints":{"allow":["GET"]}}],"collection":[{"href":"https:\/\/blogs.gazetaesportiva.com\/automobilismo\/wp-json\/wp\/v2\/posts"}],"about":[{"href":"https:\/\/blogs.gazetaesportiva.com\/automobilismo\/wp-json\/wp\/v2\/types\/post"}],"author":[{"embeddable":true,"href":"https:\/\/blogs.gazetaesportiva.com\/automobilismo\/wp-json\/wp\/v2\/users\/75"}],"replies":[{"embeddable":true,"href":"https:\/\/blogs.gazetaesportiva.com\/automobilismo\/wp-json\/wp\/v2\/comments?post=1802"}],"version-history":[{"count":0,"href":"https:\/\/blogs.gazetaesportiva.com\/automobilismo\/wp-json\/wp\/v2\/posts\/1802\/revisions"}],"wp:featuredmedia":[{"embeddable":true,"href":"https:\/\/blogs.gazetaesportiva.com\/automobilismo\/wp-json\/wp\/v2\/media\/1803"}],"wp:attachment":[{"href":"https:\/\/blogs.gazetaesportiva.com\/automobilismo\/wp-json\/wp\/v2\/media?parent=1802"}],"wp:term":[{"taxonomy":"category","embeddable":true,"href":"https:\/\/blogs.gazetaesportiva.com\/automobilismo\/wp-json\/wp\/v2\/categories?post=1802"},{"taxonomy":"post_tag","embeddable":true,"href":"https:\/\/blogs.gazetaesportiva.com\/automobilismo\/wp-json\/wp\/v2\/tags?post=1802"}],"curies":[{"name":"wp","href":"https:\/\/api.w.org\/{rel}","templated":true}]}}