{"id":1796,"date":"2024-09-04T15:13:23","date_gmt":"2024-09-04T15:13:23","guid":{"rendered":"https:\/\/blogs.gazetaesportiva.com\/automobilismo\/?p=1796"},"modified":"2024-09-04T15:14:48","modified_gmt":"2024-09-04T15:14:48","slug":"momento-velocidade-traz-vitoria-da-ferrari-na-f1-e-stock-car-no-velopark","status":"publish","type":"post","link":"https:\/\/blogs.gazetaesportiva.com\/automobilismo\/2024\/09\/04\/momento-velocidade-traz-vitoria-da-ferrari-na-f1-e-stock-car-no-velopark\/","title":{"rendered":"Momento Velocidade traz vit\u00f3ria da Ferrari na F1 e Stock Car no Velopark"},"content":{"rendered":"<p>O nosso programa de automobilismo na TV aberta e hor\u00e1rio nobre trouxe nesta ter\u00e7a no Gazeta Esportiva a cobertura da F1. Eu estive no GP da It\u00e1lia de F1 e foi emocionante ver a vit\u00f3ria da Ferrari. Foi um festa incr\u00edvel, \u00e9 uma sensa\u00e7\u00e3o \u00fanica ver a apaixonada torcida italiana celebrando a vit\u00f3ria de Charles Leclerc. <\/p>\n<figure id=\"attachment_1797\" aria-describedby=\"caption-attachment-1797\" style=\"width: 640px\" class=\"wp-caption alignnone\"><img loading=\"lazy\" decoding=\"async\" src=\"https:\/\/blogs.gazetaesportiva.com\/automobilismo\/files\/2024\/09\/240831_R16_ITALIA_DP_FG0O6536_82d81a30-3890-48df-a348-751cedccdf68-1024x683.jpg\" alt=\"Charles Leclerc\" width=\"640\" height=\"427\" class=\"size-large wp-image-1797\" srcset=\"https:\/\/blogs.gazetaesportiva.com\/automobilismo\/files\/2024\/09\/240831_R16_ITALIA_DP_FG0O6536_82d81a30-3890-48df-a348-751cedccdf68-1024x683.jpg 1024w, https:\/\/blogs.gazetaesportiva.com\/automobilismo\/files\/2024\/09\/240831_R16_ITALIA_DP_FG0O6536_82d81a30-3890-48df-a348-751cedccdf68-300x200.jpg 300w, https:\/\/blogs.gazetaesportiva.com\/automobilismo\/files\/2024\/09\/240831_R16_ITALIA_DP_FG0O6536_82d81a30-3890-48df-a348-751cedccdf68-768x512.jpg 768w, https:\/\/blogs.gazetaesportiva.com\/automobilismo\/files\/2024\/09\/240831_R16_ITALIA_DP_FG0O6536_82d81a30-3890-48df-a348-751cedccdf68-1536x1024.jpg 1536w, https:\/\/blogs.gazetaesportiva.com\/automobilismo\/files\/2024\/09\/240831_R16_ITALIA_DP_FG0O6536_82d81a30-3890-48df-a348-751cedccdf68-2048x1365.jpg 2048w\" sizes=\"auto, (max-width: 640px) 100vw, 640px\" \/><figcaption id=\"caption-attachment-1797\" class=\"wp-caption-text\">Foto: Scuderia Ferrari<\/figcaption><\/figure>\n<p>E foi uma conquista surpreendente, j\u00e1 que a McLaren dominou os treinos. Mas uma disputa intensa entre Lando Norris e Oscar Piastri deu a chance que a Ferrari precisava, que tamb\u00e9m fez uma \u00f3tima estrat\u00e9gia de apenas uma parada no box. Quem teve grande preju\u00edzo em Monza foi Max Verstappen, que ficou apenas em sexto, deixando o campeonato imprevis\u00edvel. O dia tamb\u00e9m foi hist\u00f3rico com a vit\u00f3ria brilhante de Gabriel Bortoleto, largando de \u00faltimo para vencer na F2, um recorde. Ele luta por uma vaga na equipe Sauber\/Audi em 2025&#8230;<\/p>\n<p>O Brasil tamb\u00e9m est\u00e1 brilhando em outra importante categoria de base, a FRECA. Eu entrevistei o l\u00edder do campeonato, Rafael C\u00e2mara, piloto da Academia Ferrari e que pode correr na preliminar da F1 j\u00e1 no ano que vem:<\/p>\n<p><iframe loading=\"lazy\" title=\"F1: Charles Leclerc vence GP da It\u00e1lia e encerra jejum da Ferrari | MOMENTO VELOCIDADE (03\/09\/24)\" width=\"640\" height=\"360\" src=\"https:\/\/www.youtube.com\/embed\/3Y1rvPeGCFk?feature=oembed\" frameborder=\"0\" allow=\"accelerometer; autoplay; clipboard-write; encrypted-media; gyroscope; picture-in-picture; web-share\" referrerpolicy=\"strict-origin-when-cross-origin\" allowfullscreen><\/iframe><\/p>\n<figure id=\"attachment_1655\" aria-describedby=\"caption-attachment-1655\" style=\"width: 640px\" class=\"wp-caption alignnone\"><img loading=\"lazy\" decoding=\"async\" src=\"https:\/\/blogs.gazetaesportiva.com\/automobilismo\/files\/2024\/06\/438398_1108926_spa_fr_eh_0067_2048x1365-1024x683.jpg\" alt=\"\" width=\"640\" height=\"427\" class=\"size-large wp-image-1655\" srcset=\"https:\/\/blogs.gazetaesportiva.com\/automobilismo\/files\/2024\/06\/438398_1108926_spa_fr_eh_0067_2048x1365-1024x683.jpg 1024w, https:\/\/blogs.gazetaesportiva.com\/automobilismo\/files\/2024\/06\/438398_1108926_spa_fr_eh_0067_2048x1365-300x200.jpg 300w, https:\/\/blogs.gazetaesportiva.com\/automobilismo\/files\/2024\/06\/438398_1108926_spa_fr_eh_0067_2048x1365-768x512.jpg 768w, https:\/\/blogs.gazetaesportiva.com\/automobilismo\/files\/2024\/06\/438398_1108926_spa_fr_eh_0067_2048x1365-1536x1024.jpg 1536w, https:\/\/blogs.gazetaesportiva.com\/automobilismo\/files\/2024\/06\/438398_1108926_spa_fr_eh_0067_2048x1365.jpg 2048w\" sizes=\"auto, (max-width: 640px) 100vw, 640px\" \/><figcaption id=\"caption-attachment-1655\" class=\"wp-caption-text\">Foto: Prema<\/figcaption><\/figure>\n<p>O Rafael est\u00e1 fazendo o mesmo caminho que o Kimi Antonelli, que foi anunciado pela Mercedes em 2025\u2026 E outro jovem talento que est\u00e1 brilhando nas pistas \u00e9 o Arthur Leist. O piloto da Toyota Gazoo Racing vai correr em casa neste final de semana na Stock Car, com a disputa da etapa do Velopark na Grande Porto Alegre. Ele foi destaque em BH e conta sua expectativa pro final de semana.<\/p>\n<figure id=\"attachment_1799\" aria-describedby=\"caption-attachment-1799\" style=\"width: 640px\" class=\"wp-caption alignnone\"><img loading=\"lazy\" decoding=\"async\" src=\"https:\/\/blogs.gazetaesportiva.com\/automobilismo\/files\/2024\/09\/441951_1120963_rafacatelan_stockbh_61833-1024x681.jpg\" alt=\"Arthur Leist\" width=\"640\" height=\"426\" class=\"size-large wp-image-1799\" srcset=\"https:\/\/blogs.gazetaesportiva.com\/automobilismo\/files\/2024\/09\/441951_1120963_rafacatelan_stockbh_61833-1024x681.jpg 1024w, https:\/\/blogs.gazetaesportiva.com\/automobilismo\/files\/2024\/09\/441951_1120963_rafacatelan_stockbh_61833-300x200.jpg 300w, https:\/\/blogs.gazetaesportiva.com\/automobilismo\/files\/2024\/09\/441951_1120963_rafacatelan_stockbh_61833-768x511.jpg 768w, https:\/\/blogs.gazetaesportiva.com\/automobilismo\/files\/2024\/09\/441951_1120963_rafacatelan_stockbh_61833-1536x1022.jpg 1536w, https:\/\/blogs.gazetaesportiva.com\/automobilismo\/files\/2024\/09\/441951_1120963_rafacatelan_stockbh_61833-2048x1363.jpg 2048w\" sizes=\"auto, (max-width: 640px) 100vw, 640px\" \/><figcaption id=\"caption-attachment-1799\" class=\"wp-caption-text\">Foto: Rafa Catelan<\/figcaption><\/figure>\n<p>Quem tamb\u00e9m est\u00e1 ansioso para esta corrida \u00e9 o \u00c1tila Abreu. Na etapa passada, ele fez uma homenagem para Petronas, sua patrocinadora que tamb\u00e9m est\u00e1 presente na F1 com os pilotos Lewis Hamilton e George Russell na Mercedes, e agora vai completar 300 GPs na Stock Car.<\/p>\n<figure id=\"attachment_1798\" aria-describedby=\"caption-attachment-1798\" style=\"width: 640px\" class=\"wp-caption alignnone\"><img loading=\"lazy\" decoding=\"async\" src=\"https:\/\/blogs.gazetaesportiva.com\/automobilismo\/files\/2024\/09\/441892_1120646_bt610058-1024x683.jpg\" alt=\"\u00c1tila Abreu\" width=\"640\" height=\"427\" class=\"size-large wp-image-1798\" srcset=\"https:\/\/blogs.gazetaesportiva.com\/automobilismo\/files\/2024\/09\/441892_1120646_bt610058-1024x683.jpg 1024w, https:\/\/blogs.gazetaesportiva.com\/automobilismo\/files\/2024\/09\/441892_1120646_bt610058-300x200.jpg 300w, https:\/\/blogs.gazetaesportiva.com\/automobilismo\/files\/2024\/09\/441892_1120646_bt610058-768x512.jpg 768w, https:\/\/blogs.gazetaesportiva.com\/automobilismo\/files\/2024\/09\/441892_1120646_bt610058-1536x1024.jpg 1536w, https:\/\/blogs.gazetaesportiva.com\/automobilismo\/files\/2024\/09\/441892_1120646_bt610058-2048x1365.jpg 2048w\" sizes=\"auto, (max-width: 640px) 100vw, 640px\" \/><figcaption id=\"caption-attachment-1798\" class=\"wp-caption-text\">Foto: Bruno Terena<\/figcaption><\/figure>\n<p>Eu fiz uma entrevista especial com o \u00c1tila contando sobre os 50 anos da Petronas no Brasil e a reportagem completa vai ao aqui aqui na TV Gazeta, 20h20, no Momento Velocidade.<\/p>\n","protected":false},"excerpt":{"rendered":"<p>O nosso programa de automobilismo na TV aberta e hor\u00e1rio nobre trouxe nesta ter\u00e7a no Gazeta Esportiva a cobertura da F1. Eu estive no GP <a class=\"read-more\" href=\"https:\/\/blogs.gazetaesportiva.com\/automobilismo\/2024\/09\/04\/momento-velocidade-traz-vitoria-da-ferrari-na-f1-e-stock-car-no-velopark\/\">leia mais<\/a><\/p>\n","protected":false},"author":75,"featured_media":1797,"comment_status":"open","ping_status":"open","sticky":false,"template":"","format":"standard","meta":{"jetpack_post_was_ever_published":false,"_jetpack_newsletter_access":"","_jetpack_dont_email_post_to_subs":false,"_jetpack_newsletter_tier_id":0,"_jetpack_memberships_contains_paywalled_content":false,"_jetpack_memberships_contains_paid_content":false,"footnotes":"","jetpack_publicize_message":"","jetpack_publicize_feature_enabled":true,"jetpack_social_post_already_shared":false,"jetpack_social_options":{"image_generator_settings":{"template":"highway","default_image_id":0,"font":"","enabled":false},"version":2}},"categories":[1],"tags":[],"class_list":["post-1796","post","type-post","status-publish","format-standard","has-post-thumbnail","hentry","category-sem-categoria"],"jetpack_publicize_connections":[],"jetpack_featured_media_url":"https:\/\/blogs.gazetaesportiva.com\/automobilismo\/files\/2024\/09\/240831_R16_ITALIA_DP_FG0O6536_82d81a30-3890-48df-a348-751cedccdf68-scaled.jpg","jetpack_sharing_enabled":true,"jetpack_shortlink":"https:\/\/wp.me\/pblv91-sY","_links":{"self":[{"href":"https:\/\/blogs.gazetaesportiva.com\/automobilismo\/wp-json\/wp\/v2\/posts\/1796","targetHints":{"allow":["GET"]}}],"collection":[{"href":"https:\/\/blogs.gazetaesportiva.com\/automobilismo\/wp-json\/wp\/v2\/posts"}],"about":[{"href":"https:\/\/blogs.gazetaesportiva.com\/automobilismo\/wp-json\/wp\/v2\/types\/post"}],"author":[{"embeddable":true,"href":"https:\/\/blogs.gazetaesportiva.com\/automobilismo\/wp-json\/wp\/v2\/users\/75"}],"replies":[{"embeddable":true,"href":"https:\/\/blogs.gazetaesportiva.com\/automobilismo\/wp-json\/wp\/v2\/comments?post=1796"}],"version-history":[{"count":0,"href":"https:\/\/blogs.gazetaesportiva.com\/automobilismo\/wp-json\/wp\/v2\/posts\/1796\/revisions"}],"wp:featuredmedia":[{"embeddable":true,"href":"https:\/\/blogs.gazetaesportiva.com\/automobilismo\/wp-json\/wp\/v2\/media\/1797"}],"wp:attachment":[{"href":"https:\/\/blogs.gazetaesportiva.com\/automobilismo\/wp-json\/wp\/v2\/media?parent=1796"}],"wp:term":[{"taxonomy":"category","embeddable":true,"href":"https:\/\/blogs.gazetaesportiva.com\/automobilismo\/wp-json\/wp\/v2\/categories?post=1796"},{"taxonomy":"post_tag","embeddable":true,"href":"https:\/\/blogs.gazetaesportiva.com\/automobilismo\/wp-json\/wp\/v2\/tags?post=1796"}],"curies":[{"name":"wp","href":"https:\/\/api.w.org\/{rel}","templated":true}]}}