{"id":1790,"date":"2024-09-03T21:23:55","date_gmt":"2024-09-03T21:23:55","guid":{"rendered":"https:\/\/blogs.gazetaesportiva.com\/automobilismo\/?p=1790"},"modified":"2024-09-03T21:25:20","modified_gmt":"2024-09-03T21:25:20","slug":"marcella-assumpcao-vence-na-copa-sao-paulo-e-agora-foca-preparacao-para-o-brasileiro-de-kart","status":"publish","type":"post","link":"https:\/\/blogs.gazetaesportiva.com\/automobilismo\/2024\/09\/03\/marcella-assumpcao-vence-na-copa-sao-paulo-e-agora-foca-preparacao-para-o-brasileiro-de-kart\/","title":{"rendered":"Marcella Assump\u00e7\u00e3o vence na Copa S\u00e3o Paulo e agora foca prepara\u00e7\u00e3o para o Brasileiro de Kart"},"content":{"rendered":"<figure id=\"attachment_1792\" aria-describedby=\"caption-attachment-1792\" style=\"width: 640px\" class=\"wp-caption alignnone\"><img loading=\"lazy\" decoding=\"async\" class=\"size-large wp-image-1792\" src=\"https:\/\/blogs.gazetaesportiva.com\/automobilismo\/files\/2024\/09\/Kgv-31-08-24-Tartalho-0677-1-1024x683.jpg\" alt=\"\" width=\"640\" height=\"427\" srcset=\"https:\/\/blogs.gazetaesportiva.com\/automobilismo\/files\/2024\/09\/Kgv-31-08-24-Tartalho-0677-1-1024x683.jpg 1024w, https:\/\/blogs.gazetaesportiva.com\/automobilismo\/files\/2024\/09\/Kgv-31-08-24-Tartalho-0677-1-300x200.jpg 300w, https:\/\/blogs.gazetaesportiva.com\/automobilismo\/files\/2024\/09\/Kgv-31-08-24-Tartalho-0677-1-768x512.jpg 768w, https:\/\/blogs.gazetaesportiva.com\/automobilismo\/files\/2024\/09\/Kgv-31-08-24-Tartalho-0677-1-1536x1024.jpg 1536w, https:\/\/blogs.gazetaesportiva.com\/automobilismo\/files\/2024\/09\/Kgv-31-08-24-Tartalho-0677-1-2048x1365.jpg 2048w\" sizes=\"auto, (max-width: 640px) 100vw, 640px\" \/><figcaption id=\"caption-attachment-1792\" class=\"wp-caption-text\">Marcella foi ao p\u00f3dio em duas categorias no \u00faltimo s\u00e1bado no KGV e inicia atividades no Open Brasileiro esta semana &#8211; Foto: Diego Tartalho Photografia<\/figcaption><\/figure>\n<p>Campe\u00e3 da Seletiva de Kart FIA Girls On Track em 2023, Marcella Assump\u00e7\u00e3o voltou a ser destaque em duas categorias do kartismo nacional no \u00faltimo final de semana. A pilota de apenas 12 anos venceu uma das provas na F4 J\u00fanior no Kart\u00f3dromo Granja Viana, em Cotia (SP), terminando a etapa com a segunda coloca\u00e7\u00e3o na somat\u00f3ria de pontos. Atual vice-l\u00edder do campeonato na F4 J\u00fanior, ela tamb\u00e9m foi ao p\u00f3dio na J\u00fanior Max com o top-5 na etapa.<\/p>\n<p>\u201cFoi um final de semana muito especial, poder levar dois trof\u00e9us para casa e tamb\u00e9m vencer uma das corridas na F4 J\u00fanior. Estou feliz demais, pois estamos seguindo bem nessa temporada. Agora est\u00e1 chegando esse per\u00edodo decisivo do ano e estamos preparados\u201d, diz Marcella, que compete pela equipe Car Racing e com chassi da Bravar.<\/p>\n<figure id=\"attachment_1793\" aria-describedby=\"caption-attachment-1793\" style=\"width: 640px\" class=\"wp-caption alignnone\"><img loading=\"lazy\" decoding=\"async\" class=\"size-large wp-image-1793\" src=\"https:\/\/blogs.gazetaesportiva.com\/automobilismo\/files\/2024\/09\/Kgv-31-08-24-Tartalho-0127-scaled-e1725398525383-883x1024.jpg\" alt=\"Marcella Assump\u00e7\u00e3o\" width=\"640\" height=\"742\" srcset=\"https:\/\/blogs.gazetaesportiva.com\/automobilismo\/files\/2024\/09\/Kgv-31-08-24-Tartalho-0127-scaled-e1725398525383-883x1024.jpg 883w, https:\/\/blogs.gazetaesportiva.com\/automobilismo\/files\/2024\/09\/Kgv-31-08-24-Tartalho-0127-scaled-e1725398525383-259x300.jpg 259w, https:\/\/blogs.gazetaesportiva.com\/automobilismo\/files\/2024\/09\/Kgv-31-08-24-Tartalho-0127-scaled-e1725398525383-768x891.jpg 768w, https:\/\/blogs.gazetaesportiva.com\/automobilismo\/files\/2024\/09\/Kgv-31-08-24-Tartalho-0127-scaled-e1725398525383-1324x1536.jpg 1324w, https:\/\/blogs.gazetaesportiva.com\/automobilismo\/files\/2024\/09\/Kgv-31-08-24-Tartalho-0127-scaled-e1725398525383.jpg 1706w\" sizes=\"auto, (max-width: 640px) 100vw, 640px\" \/><figcaption id=\"caption-attachment-1793\" class=\"wp-caption-text\">Foto: Diego Tartalho Photografia<\/figcaption><\/figure>\n<p>Marcella volta o foco para Open do Brasileiro de Kart, que ser\u00e1 disputado neste final de semana no Speed Park, kart\u00f3dromo localizado em Birigui (SP). Marcella \u00e9 atual campe\u00e3 do Open e tentar\u00e1 repetir o feito nos pr\u00f3ximos dias.<\/p>\n<p>\u201cUm dos meus principais objetivos da temporada \u00e9 fazer um bom Brasileiro de Kart e para isso teremos um final de semana totalmente dedicado ao Open. \u00c9 uma pista bem desafiadora e tudo o que aprendermos nos pr\u00f3ximos dias vai nos ajudar l\u00e1 em outubro\u201d, completa Marcella, que foi a quarta colocada no Brasileiro em 2023.<\/p>\n<p>A 59\u00aa edi\u00e7\u00e3o do Brasileiro de Kart ser\u00e1 disputada no Speed Park entre os dias 7 e 12 de outubro.<\/p>\n","protected":false},"excerpt":{"rendered":"<p>Campe\u00e3 da Seletiva de Kart FIA Girls On Track em 2023, Marcella Assump\u00e7\u00e3o voltou a ser destaque em duas categorias do kartismo nacional no \u00faltimo <a class=\"read-more\" href=\"https:\/\/blogs.gazetaesportiva.com\/automobilismo\/2024\/09\/03\/marcella-assumpcao-vence-na-copa-sao-paulo-e-agora-foca-preparacao-para-o-brasileiro-de-kart\/\">leia mais<\/a><\/p>\n","protected":false},"author":75,"featured_media":1793,"comment_status":"open","ping_status":"open","sticky":false,"template":"","format":"standard","meta":{"jetpack_post_was_ever_published":false,"_jetpack_newsletter_access":"","_jetpack_dont_email_post_to_subs":false,"_jetpack_newsletter_tier_id":0,"_jetpack_memberships_contains_paywalled_content":false,"_jetpack_memberships_contains_paid_content":false,"footnotes":"","jetpack_publicize_message":"","jetpack_publicize_feature_enabled":true,"jetpack_social_post_already_shared":false,"jetpack_social_options":{"image_generator_settings":{"template":"highway","default_image_id":0,"font":"","enabled":false},"version":2}},"categories":[1],"tags":[],"class_list":["post-1790","post","type-post","status-publish","format-standard","has-post-thumbnail","hentry","category-sem-categoria"],"jetpack_publicize_connections":[],"jetpack_featured_media_url":"https:\/\/blogs.gazetaesportiva.com\/automobilismo\/files\/2024\/09\/Kgv-31-08-24-Tartalho-0127-scaled-e1725398525383.jpg","jetpack_sharing_enabled":true,"jetpack_shortlink":"https:\/\/wp.me\/pblv91-sS","_links":{"self":[{"href":"https:\/\/blogs.gazetaesportiva.com\/automobilismo\/wp-json\/wp\/v2\/posts\/1790","targetHints":{"allow":["GET"]}}],"collection":[{"href":"https:\/\/blogs.gazetaesportiva.com\/automobilismo\/wp-json\/wp\/v2\/posts"}],"about":[{"href":"https:\/\/blogs.gazetaesportiva.com\/automobilismo\/wp-json\/wp\/v2\/types\/post"}],"author":[{"embeddable":true,"href":"https:\/\/blogs.gazetaesportiva.com\/automobilismo\/wp-json\/wp\/v2\/users\/75"}],"replies":[{"embeddable":true,"href":"https:\/\/blogs.gazetaesportiva.com\/automobilismo\/wp-json\/wp\/v2\/comments?post=1790"}],"version-history":[{"count":0,"href":"https:\/\/blogs.gazetaesportiva.com\/automobilismo\/wp-json\/wp\/v2\/posts\/1790\/revisions"}],"wp:featuredmedia":[{"embeddable":true,"href":"https:\/\/blogs.gazetaesportiva.com\/automobilismo\/wp-json\/wp\/v2\/media\/1793"}],"wp:attachment":[{"href":"https:\/\/blogs.gazetaesportiva.com\/automobilismo\/wp-json\/wp\/v2\/media?parent=1790"}],"wp:term":[{"taxonomy":"category","embeddable":true,"href":"https:\/\/blogs.gazetaesportiva.com\/automobilismo\/wp-json\/wp\/v2\/categories?post=1790"},{"taxonomy":"post_tag","embeddable":true,"href":"https:\/\/blogs.gazetaesportiva.com\/automobilismo\/wp-json\/wp\/v2\/tags?post=1790"}],"curies":[{"name":"wp","href":"https:\/\/api.w.org\/{rel}","templated":true}]}}