{"id":1787,"date":"2024-08-29T12:17:33","date_gmt":"2024-08-29T12:17:33","guid":{"rendered":"https:\/\/blogs.gazetaesportiva.com\/automobilismo\/?p=1787"},"modified":"2024-08-29T12:17:33","modified_gmt":"2024-08-29T12:17:33","slug":"bone-usado-por-ayrton-senna-vira-obra-de-arte-em-madeira-e-ouro-pelo-artista-plastico-caina-gartner","status":"publish","type":"post","link":"https:\/\/blogs.gazetaesportiva.com\/automobilismo\/2024\/08\/29\/bone-usado-por-ayrton-senna-vira-obra-de-arte-em-madeira-e-ouro-pelo-artista-plastico-caina-gartner\/","title":{"rendered":"Bon\u00e9 usado por Ayrton Senna vira obra de arte em madeira e ouro pelo artista pl\u00e1stico Cain\u00e3 Gartner"},"content":{"rendered":"<p>O renomado artista pl\u00e1stico Cain\u00e3 Gartner, conhecido por suas obras que transcendem os limites da carpintaria, lan\u00e7a sua mais recente cria\u00e7\u00e3o: \u201cTHE CAP NACIONAL\u201d. Inspirada no ic\u00f4nico bon\u00e9 Nacional usado pelo piloto Ayrton Senna, a obra \u00e9 uma homenagem sofisticada e detalhada a uma das figuras mais reverenciadas do automobilismo mundial.<\/p>\n<figure id=\"attachment_1788\" aria-describedby=\"caption-attachment-1788\" style=\"width: 640px\" class=\"wp-caption alignnone\"><img loading=\"lazy\" decoding=\"async\" src=\"https:\/\/blogs.gazetaesportiva.com\/automobilismo\/files\/2024\/08\/WhatsApp-Image-2024-08-29-at-07.22.24-1-1024x1024.jpeg\" alt=\"The Cap Nacional\" width=\"640\" height=\"640\" class=\"size-large wp-image-1788\" srcset=\"https:\/\/blogs.gazetaesportiva.com\/automobilismo\/files\/2024\/08\/WhatsApp-Image-2024-08-29-at-07.22.24-1-1024x1024.jpeg 1024w, https:\/\/blogs.gazetaesportiva.com\/automobilismo\/files\/2024\/08\/WhatsApp-Image-2024-08-29-at-07.22.24-1-300x300.jpeg 300w, https:\/\/blogs.gazetaesportiva.com\/automobilismo\/files\/2024\/08\/WhatsApp-Image-2024-08-29-at-07.22.24-1-150x150.jpeg 150w, https:\/\/blogs.gazetaesportiva.com\/automobilismo\/files\/2024\/08\/WhatsApp-Image-2024-08-29-at-07.22.24-1-768x768.jpeg 768w, https:\/\/blogs.gazetaesportiva.com\/automobilismo\/files\/2024\/08\/WhatsApp-Image-2024-08-29-at-07.22.24-1-1536x1536.jpeg 1536w, https:\/\/blogs.gazetaesportiva.com\/automobilismo\/files\/2024\/08\/WhatsApp-Image-2024-08-29-at-07.22.24-1.jpeg 1600w\" sizes=\"auto, (max-width: 640px) 100vw, 640px\" \/><figcaption id=\"caption-attachment-1788\" class=\"wp-caption-text\">Foto: divulga\u00e7\u00e3o<\/figcaption><\/figure>\n<p>\u201cTHE CAP NACIONAL\u201d \u00e9 uma obra meticulosamente trabalhada em madeiras nobres, capturando com grande fidelidade cada detalhe do bon\u00e9 que se tornou s\u00edmbolo de uma era. A pe\u00e7a destaca-se pela inclus\u00e3o da logo do Nacional e da assinatura de Senna, ambas gravadas em ouro 23 quilates, conferindo um toque de eleg\u00e2ncia ao trabalho. O bon\u00e9 repousa sobre uma almofada, simbolizando uma coroa em descanso, uma refer\u00eancia \u00e0 realeza do automobilismo que Senna representa.<\/p>\n<p>O bon\u00e9 Nacional foi inicialmente criado para a\u00e7\u00f5es publicit\u00e1rias do extinto Banco Nacional. Ao longo dos anos, tornou-se um \u00edcone associado \u00e0 imagem de Ayrton Senna, simbolizando n\u00e3o apenas seu estilo \u00fanico, mas tamb\u00e9m a conex\u00e3o de lealdade, confian\u00e7a e orgulho que ele tinha com seu patrocinador. \u201cTHE CAP NACIONAL\u201d de Cain\u00e3 Gartner captura essa ess\u00eancia, imortalizando o legado de Senna atrav\u00e9s de uma arte que combina tradi\u00e7\u00e3o, sofistica\u00e7\u00e3o e emo\u00e7\u00e3o.<\/p>\n<p>Essa obra exclusiva ser\u00e1 produzida em uma edi\u00e7\u00e3o limitada de apenas 30 unidades, em parceria com a Senna Brands, empresa respons\u00e1vel pela gest\u00e3o das marcas ligadas ao piloto. A produ\u00e7\u00e3o sob encomenda pode ser feita exclusivamente pelo site Cain\u00e3 Store e pelas redes sociais do artista.<\/p>\n","protected":false},"excerpt":{"rendered":"<p>O renomado artista pl\u00e1stico Cain\u00e3 Gartner, conhecido por suas obras que transcendem os limites da carpintaria, lan\u00e7a sua mais recente cria\u00e7\u00e3o: \u201cTHE CAP NACIONAL\u201d. Inspirada <a class=\"read-more\" href=\"https:\/\/blogs.gazetaesportiva.com\/automobilismo\/2024\/08\/29\/bone-usado-por-ayrton-senna-vira-obra-de-arte-em-madeira-e-ouro-pelo-artista-plastico-caina-gartner\/\">leia mais<\/a><\/p>\n","protected":false},"author":75,"featured_media":1788,"comment_status":"open","ping_status":"open","sticky":false,"template":"","format":"standard","meta":{"jetpack_post_was_ever_published":false,"_jetpack_newsletter_access":"","_jetpack_dont_email_post_to_subs":false,"_jetpack_newsletter_tier_id":0,"_jetpack_memberships_contains_paywalled_content":false,"_jetpack_memberships_contains_paid_content":false,"footnotes":"","jetpack_publicize_message":"","jetpack_publicize_feature_enabled":true,"jetpack_social_post_already_shared":false,"jetpack_social_options":{"image_generator_settings":{"template":"highway","default_image_id":0,"font":"","enabled":false},"version":2}},"categories":[1],"tags":[],"class_list":["post-1787","post","type-post","status-publish","format-standard","has-post-thumbnail","hentry","category-sem-categoria"],"jetpack_publicize_connections":[],"jetpack_featured_media_url":"https:\/\/blogs.gazetaesportiva.com\/automobilismo\/files\/2024\/08\/WhatsApp-Image-2024-08-29-at-07.22.24-1.jpeg","jetpack_sharing_enabled":true,"jetpack_shortlink":"https:\/\/wp.me\/pblv91-sP","_links":{"self":[{"href":"https:\/\/blogs.gazetaesportiva.com\/automobilismo\/wp-json\/wp\/v2\/posts\/1787","targetHints":{"allow":["GET"]}}],"collection":[{"href":"https:\/\/blogs.gazetaesportiva.com\/automobilismo\/wp-json\/wp\/v2\/posts"}],"about":[{"href":"https:\/\/blogs.gazetaesportiva.com\/automobilismo\/wp-json\/wp\/v2\/types\/post"}],"author":[{"embeddable":true,"href":"https:\/\/blogs.gazetaesportiva.com\/automobilismo\/wp-json\/wp\/v2\/users\/75"}],"replies":[{"embeddable":true,"href":"https:\/\/blogs.gazetaesportiva.com\/automobilismo\/wp-json\/wp\/v2\/comments?post=1787"}],"version-history":[{"count":0,"href":"https:\/\/blogs.gazetaesportiva.com\/automobilismo\/wp-json\/wp\/v2\/posts\/1787\/revisions"}],"wp:featuredmedia":[{"embeddable":true,"href":"https:\/\/blogs.gazetaesportiva.com\/automobilismo\/wp-json\/wp\/v2\/media\/1788"}],"wp:attachment":[{"href":"https:\/\/blogs.gazetaesportiva.com\/automobilismo\/wp-json\/wp\/v2\/media?parent=1787"}],"wp:term":[{"taxonomy":"category","embeddable":true,"href":"https:\/\/blogs.gazetaesportiva.com\/automobilismo\/wp-json\/wp\/v2\/categories?post=1787"},{"taxonomy":"post_tag","embeddable":true,"href":"https:\/\/blogs.gazetaesportiva.com\/automobilismo\/wp-json\/wp\/v2\/tags?post=1787"}],"curies":[{"name":"wp","href":"https:\/\/api.w.org\/{rel}","templated":true}]}}