{"id":1784,"date":"2024-08-26T21:25:14","date_gmt":"2024-08-26T21:25:14","guid":{"rendered":"https:\/\/blogs.gazetaesportiva.com\/automobilismo\/?p=1784"},"modified":"2024-08-26T21:25:14","modified_gmt":"2024-08-26T21:25:14","slug":"tv-gazeta-traz-vencedores-da-copa-sao-paulo-de-kart-e-mais-um-episodio-do-reality-show","status":"publish","type":"post","link":"https:\/\/blogs.gazetaesportiva.com\/automobilismo\/2024\/08\/26\/tv-gazeta-traz-vencedores-da-copa-sao-paulo-de-kart-e-mais-um-episodio-do-reality-show\/","title":{"rendered":"TV Gazeta traz vencedores da Copa S\u00e3o Paulo de Kart e mais um epis\u00f3dio do reality show"},"content":{"rendered":"<p>A Copa S\u00e3o Paulo de Kart realizou sua sexta etapa de 2024 no Kart\u00f3dromo Granja Viana e tamb\u00e9m fechou os classificados para o Mundial Rotax na It\u00e1lia.  <\/p>\n<figure id=\"attachment_1785\" aria-describedby=\"caption-attachment-1785\" style=\"width: 640px\" class=\"wp-caption alignnone\"><img loading=\"lazy\" decoding=\"async\" src=\"https:\/\/blogs.gazetaesportiva.com\/automobilismo\/files\/2024\/08\/441705_1120067_072d2faa_d6f7_4813_b8a5_2f2fcb811f51-1024x683.jpg\" alt=\"Copa S\u00e3o Paulo\" width=\"640\" height=\"427\" class=\"size-large wp-image-1785\" srcset=\"https:\/\/blogs.gazetaesportiva.com\/automobilismo\/files\/2024\/08\/441705_1120067_072d2faa_d6f7_4813_b8a5_2f2fcb811f51-1024x683.jpg 1024w, https:\/\/blogs.gazetaesportiva.com\/automobilismo\/files\/2024\/08\/441705_1120067_072d2faa_d6f7_4813_b8a5_2f2fcb811f51-300x200.jpg 300w, https:\/\/blogs.gazetaesportiva.com\/automobilismo\/files\/2024\/08\/441705_1120067_072d2faa_d6f7_4813_b8a5_2f2fcb811f51-768x512.jpg 768w, https:\/\/blogs.gazetaesportiva.com\/automobilismo\/files\/2024\/08\/441705_1120067_072d2faa_d6f7_4813_b8a5_2f2fcb811f51-1536x1024.jpg 1536w, https:\/\/blogs.gazetaesportiva.com\/automobilismo\/files\/2024\/08\/441705_1120067_072d2faa_d6f7_4813_b8a5_2f2fcb811f51-2048x1365.jpg 2048w\" sizes=\"auto, (max-width: 640px) 100vw, 640px\" \/><figcaption id=\"caption-attachment-1785\" class=\"wp-caption-text\">Foto: Serj\u00e3o Soares<\/figcaption><\/figure>\n<p>Enzo Prando, Francisco Rocha, Gabriel Rosa, Leonardo Reis, Jo\u00e3o Cunha e Pedro Lima conquistaram as vagas e v\u00e3o representar o Brasil!<\/p>\n<p>Na Copa S\u00e3o Paulo, na Mirim, Alexandre Gomes foi o vencedor desta etapa, e Thalyson Fernandes ganhou na Cadete. Na F4 Junior, Guilherme Freire triunfou, com Paulo Jorge sendo o melhor na Graduados. Gustavo Kirst venceu na Light, e M\u00e1rcio Gazquez, na F4 S\u00eanior.<\/p>\n<p>Na Rotax Mini Max, vit\u00f3ria de Francisco Rocha. J\u00e1 na Rotax Junior Max, Pedro Lima levou a melhor. Pela Rotax Max, Luiz Fernando venceu, com Gilnei Soares triunfou na Rotax Max Masters e Dudu Godinho na Rotax Max Super S\u00eanior. <\/p>\n<p>Na Rotax Micro Max, Bernardo Gubert triunfou, e Leonardo Reis venceu na Rotax DD2, com Lucas Souza vencendo na Masters. Filippo Fiorentino foi o melhor na Shifter Graduados. Na S\u00eanior, Kaio Dias triunfou e Luis Carvalho venceu na Super S\u00eanior, e Alexandre Trita, na Super S\u00eanior Masters.<\/p>\n<figure id=\"attachment_1786\" aria-describedby=\"caption-attachment-1786\" style=\"width: 640px\" class=\"wp-caption alignnone\"><img loading=\"lazy\" decoding=\"async\" src=\"https:\/\/blogs.gazetaesportiva.com\/automobilismo\/files\/2024\/08\/WhatsApp-Image-2024-08-13-at-11.42.53-1024x682.jpeg\" alt=\"Rodrigo Fran\u00e7a\" width=\"640\" height=\"426\" class=\"size-large wp-image-1786\" srcset=\"https:\/\/blogs.gazetaesportiva.com\/automobilismo\/files\/2024\/08\/WhatsApp-Image-2024-08-13-at-11.42.53-1024x682.jpeg 1024w, https:\/\/blogs.gazetaesportiva.com\/automobilismo\/files\/2024\/08\/WhatsApp-Image-2024-08-13-at-11.42.53-300x200.jpeg 300w, https:\/\/blogs.gazetaesportiva.com\/automobilismo\/files\/2024\/08\/WhatsApp-Image-2024-08-13-at-11.42.53-768x512.jpeg 768w, https:\/\/blogs.gazetaesportiva.com\/automobilismo\/files\/2024\/08\/WhatsApp-Image-2024-08-13-at-11.42.53-1536x1024.jpeg 1536w, https:\/\/blogs.gazetaesportiva.com\/automobilismo\/files\/2024\/08\/WhatsApp-Image-2024-08-13-at-11.42.53-2048x1365.jpeg 2048w\" sizes=\"auto, (max-width: 640px) 100vw, 640px\" \/><figcaption id=\"caption-attachment-1786\" class=\"wp-caption-text\">Foto: Serj\u00e3o Soares<\/figcaption><\/figure>\n<p>Na Pro 500, a Sterling Racing venceu na Light, e Eraldo Silva foi o melhor na S\u00eanior. E na geral, a vit\u00f3ria foi do nosso kart, One Jornada Rumo a Vit\u00f3ria, com os pilotos Leo Reis e Rodrigo Fran\u00e7a \u2013 e voc\u00ea confere agora mais um epis\u00f3dio do nosso reality show!<\/p>\n<p><iframe loading=\"lazy\" title=\"6\u00ba etapa da Copa S\u00e3o Paulo de Kart | Momento Velocidade | Gazeta Motors\" width=\"640\" height=\"360\" src=\"https:\/\/www.youtube.com\/embed\/PsJXI7R3lYc?feature=oembed\" frameborder=\"0\" allow=\"accelerometer; autoplay; clipboard-write; encrypted-media; gyroscope; picture-in-picture; web-share\" referrerpolicy=\"strict-origin-when-cross-origin\" allowfullscreen><\/iframe><\/p>\n","protected":false},"excerpt":{"rendered":"<p>A Copa S\u00e3o Paulo de Kart realizou sua sexta etapa de 2024 no Kart\u00f3dromo Granja Viana e tamb\u00e9m fechou os classificados para o Mundial Rotax <a class=\"read-more\" href=\"https:\/\/blogs.gazetaesportiva.com\/automobilismo\/2024\/08\/26\/tv-gazeta-traz-vencedores-da-copa-sao-paulo-de-kart-e-mais-um-episodio-do-reality-show\/\">leia mais<\/a><\/p>\n","protected":false},"author":75,"featured_media":1785,"comment_status":"open","ping_status":"open","sticky":false,"template":"","format":"standard","meta":{"jetpack_post_was_ever_published":false,"_jetpack_newsletter_access":"","_jetpack_dont_email_post_to_subs":false,"_jetpack_newsletter_tier_id":0,"_jetpack_memberships_contains_paywalled_content":false,"_jetpack_memberships_contains_paid_content":false,"footnotes":"","jetpack_publicize_message":"","jetpack_publicize_feature_enabled":true,"jetpack_social_post_already_shared":false,"jetpack_social_options":{"image_generator_settings":{"template":"highway","default_image_id":0,"font":"","enabled":false},"version":2}},"categories":[1],"tags":[],"class_list":["post-1784","post","type-post","status-publish","format-standard","has-post-thumbnail","hentry","category-sem-categoria"],"jetpack_publicize_connections":[],"jetpack_featured_media_url":"https:\/\/blogs.gazetaesportiva.com\/automobilismo\/files\/2024\/08\/441705_1120067_072d2faa_d6f7_4813_b8a5_2f2fcb811f51-scaled.jpg","jetpack_sharing_enabled":true,"jetpack_shortlink":"https:\/\/wp.me\/pblv91-sM","_links":{"self":[{"href":"https:\/\/blogs.gazetaesportiva.com\/automobilismo\/wp-json\/wp\/v2\/posts\/1784","targetHints":{"allow":["GET"]}}],"collection":[{"href":"https:\/\/blogs.gazetaesportiva.com\/automobilismo\/wp-json\/wp\/v2\/posts"}],"about":[{"href":"https:\/\/blogs.gazetaesportiva.com\/automobilismo\/wp-json\/wp\/v2\/types\/post"}],"author":[{"embeddable":true,"href":"https:\/\/blogs.gazetaesportiva.com\/automobilismo\/wp-json\/wp\/v2\/users\/75"}],"replies":[{"embeddable":true,"href":"https:\/\/blogs.gazetaesportiva.com\/automobilismo\/wp-json\/wp\/v2\/comments?post=1784"}],"version-history":[{"count":0,"href":"https:\/\/blogs.gazetaesportiva.com\/automobilismo\/wp-json\/wp\/v2\/posts\/1784\/revisions"}],"wp:featuredmedia":[{"embeddable":true,"href":"https:\/\/blogs.gazetaesportiva.com\/automobilismo\/wp-json\/wp\/v2\/media\/1785"}],"wp:attachment":[{"href":"https:\/\/blogs.gazetaesportiva.com\/automobilismo\/wp-json\/wp\/v2\/media?parent=1784"}],"wp:term":[{"taxonomy":"category","embeddable":true,"href":"https:\/\/blogs.gazetaesportiva.com\/automobilismo\/wp-json\/wp\/v2\/categories?post=1784"},{"taxonomy":"post_tag","embeddable":true,"href":"https:\/\/blogs.gazetaesportiva.com\/automobilismo\/wp-json\/wp\/v2\/tags?post=1784"}],"curies":[{"name":"wp","href":"https:\/\/api.w.org\/{rel}","templated":true}]}}