{"id":1751,"date":"2024-08-02T13:50:30","date_gmt":"2024-08-02T13:50:30","guid":{"rendered":"https:\/\/blogs.gazetaesportiva.com\/automobilismo\/?p=1751"},"modified":"2024-08-02T13:51:06","modified_gmt":"2024-08-02T13:51:06","slug":"omp-anuncia-linha-art-no-brasil-unico-pais-fora-da-italia-a-ter-novos-macacoes-personalizados","status":"publish","type":"post","link":"https:\/\/blogs.gazetaesportiva.com\/automobilismo\/2024\/08\/02\/omp-anuncia-linha-art-no-brasil-unico-pais-fora-da-italia-a-ter-novos-macacoes-personalizados\/","title":{"rendered":"OMP anuncia linha ART no Brasil, \u00fanico Pa\u00eds fora da It\u00e1lia a ter novos macac\u00f5es personalizados"},"content":{"rendered":"<figure id=\"attachment_1752\" aria-describedby=\"caption-attachment-1752\" style=\"width: 640px\" class=\"wp-caption alignnone\"><img loading=\"lazy\" decoding=\"async\" class=\"size-large wp-image-1752\" src=\"https:\/\/blogs.gazetaesportiva.com\/automobilismo\/files\/2024\/08\/OMP-1024x683.jpg\" alt=\"OMP\" width=\"640\" height=\"427\" srcset=\"https:\/\/blogs.gazetaesportiva.com\/automobilismo\/files\/2024\/08\/OMP-1024x683.jpg 1024w, https:\/\/blogs.gazetaesportiva.com\/automobilismo\/files\/2024\/08\/OMP-300x200.jpg 300w, https:\/\/blogs.gazetaesportiva.com\/automobilismo\/files\/2024\/08\/OMP-768x512.jpg 768w, https:\/\/blogs.gazetaesportiva.com\/automobilismo\/files\/2024\/08\/OMP.jpg 1200w\" sizes=\"auto, (max-width: 640px) 100vw, 640px\" \/><figcaption id=\"caption-attachment-1752\" class=\"wp-caption-text\">Loja da OMP em Interlagos<\/figcaption><\/figure>\n<p>O automobilismo brasileiro ganhou uma novidade nesta semana: a OMP, uma das principais fabricantes de materiais para esporte a motor do planeta, apresentou a linha OMP ART na loja localizada em S\u00e3o Paulo (SP), com a presen\u00e7a de diversos pilotos e de personalidades do esporte a motor.<\/p>\n<p>Os consumidores podem visitar a unidade da OMP localizada pr\u00f3xima do Aut\u00f3dromo de Interlagos, na zona sul da capital paulista, para fazer um macac\u00e3o sob medida, algo que pela primeira vez \u00e9 oferecido fora da It\u00e1lia, onde a fabricante foi fundada.<\/p>\n<p>Para a personaliza\u00e7\u00e3o, basta ao piloto visitar a loja da OMP, onde designers tiram as medidas do competidor, como em um servi\u00e7o de alfaiataria, no melhor estilo \u201ctaylor made\u201d. A partir da\u00ed, s\u00e3o usados materiais importados da It\u00e1lia para a confec\u00e7\u00e3o dos macac\u00f5es de corrida, tudo levando em conta a certifica\u00e7\u00e3o e homologados da Federa\u00e7\u00e3o Internacional de Automobilismo (FIA).<\/p>\n<p>\u201c\u00c9 um orgulho para a gente trazer a linha OMP ART para o Brasil. Somos o primeiro pa\u00eds fora da It\u00e1lia a contar com este servi\u00e7o para os pilotos, que ter\u00e3o um produto premium e absolutamente exclusivo em m\u00e3os. Os materiais s\u00e3o importados da It\u00e1lia e produzidos com alta tecnologia, sempre para atender as expectativas de nossos clientes\u201d, diz Marcelo Venturella, Diretor-Executivo da GO BS, distribuidora e importadora oficial da OMP no Brasil.<\/p>\n<figure id=\"attachment_1753\" aria-describedby=\"caption-attachment-1753\" style=\"width: 640px\" class=\"wp-caption alignnone\"><img loading=\"lazy\" decoding=\"async\" class=\"size-large wp-image-1753\" src=\"https:\/\/blogs.gazetaesportiva.com\/automobilismo\/files\/2024\/08\/Macacoes-da-OMP-1024x683.jpg\" alt=\"\" width=\"640\" height=\"427\" srcset=\"https:\/\/blogs.gazetaesportiva.com\/automobilismo\/files\/2024\/08\/Macacoes-da-OMP-1024x683.jpg 1024w, https:\/\/blogs.gazetaesportiva.com\/automobilismo\/files\/2024\/08\/Macacoes-da-OMP-300x200.jpg 300w, https:\/\/blogs.gazetaesportiva.com\/automobilismo\/files\/2024\/08\/Macacoes-da-OMP-768x512.jpg 768w, https:\/\/blogs.gazetaesportiva.com\/automobilismo\/files\/2024\/08\/Macacoes-da-OMP.jpg 1500w\" sizes=\"auto, (max-width: 640px) 100vw, 640px\" \/><figcaption id=\"caption-attachment-1753\" class=\"wp-caption-text\">Macac\u00f5es da OMP<\/figcaption><\/figure>\n<p>As pe\u00e7as s\u00e3o produzidas com material respir\u00e1vel, o que permite maior conforto ao piloto, e s\u00e3o oferecidos em duas varia\u00e7\u00f5es: antiabras\u00e3o, espec\u00edfico para pilotos que competem no kart, e antichamas, para competidores que disputam provas de automobilismo de pista e fora de estrada.<\/p>\n<p>O servi\u00e7o para aquisi\u00e7\u00e3o dos macac\u00f5es da linha OMP ART j\u00e1 est\u00e1 dispon\u00edvel na loja da OMP, localizada na Avenida do Jangadeiro, 347, Interlagos, S\u00e3o Paulo (SP).<\/p>\n","protected":false},"excerpt":{"rendered":"<p>O automobilismo brasileiro ganhou uma novidade nesta semana: a OMP, uma das principais fabricantes de materiais para esporte a motor do planeta, apresentou a linha <a class=\"read-more\" href=\"https:\/\/blogs.gazetaesportiva.com\/automobilismo\/2024\/08\/02\/omp-anuncia-linha-art-no-brasil-unico-pais-fora-da-italia-a-ter-novos-macacoes-personalizados\/\">leia mais<\/a><\/p>\n","protected":false},"author":75,"featured_media":1752,"comment_status":"open","ping_status":"open","sticky":false,"template":"","format":"standard","meta":{"jetpack_post_was_ever_published":false,"_jetpack_newsletter_access":"","_jetpack_dont_email_post_to_subs":false,"_jetpack_newsletter_tier_id":0,"_jetpack_memberships_contains_paywalled_content":false,"_jetpack_memberships_contains_paid_content":false,"footnotes":"","jetpack_publicize_message":"","jetpack_publicize_feature_enabled":true,"jetpack_social_post_already_shared":false,"jetpack_social_options":{"image_generator_settings":{"template":"highway","default_image_id":0,"font":"","enabled":false},"version":2}},"categories":[1],"tags":[],"class_list":["post-1751","post","type-post","status-publish","format-standard","has-post-thumbnail","hentry","category-sem-categoria"],"jetpack_publicize_connections":[],"jetpack_featured_media_url":"https:\/\/blogs.gazetaesportiva.com\/automobilismo\/files\/2024\/08\/OMP.jpg","jetpack_sharing_enabled":true,"jetpack_shortlink":"https:\/\/wp.me\/pblv91-sf","_links":{"self":[{"href":"https:\/\/blogs.gazetaesportiva.com\/automobilismo\/wp-json\/wp\/v2\/posts\/1751","targetHints":{"allow":["GET"]}}],"collection":[{"href":"https:\/\/blogs.gazetaesportiva.com\/automobilismo\/wp-json\/wp\/v2\/posts"}],"about":[{"href":"https:\/\/blogs.gazetaesportiva.com\/automobilismo\/wp-json\/wp\/v2\/types\/post"}],"author":[{"embeddable":true,"href":"https:\/\/blogs.gazetaesportiva.com\/automobilismo\/wp-json\/wp\/v2\/users\/75"}],"replies":[{"embeddable":true,"href":"https:\/\/blogs.gazetaesportiva.com\/automobilismo\/wp-json\/wp\/v2\/comments?post=1751"}],"version-history":[{"count":0,"href":"https:\/\/blogs.gazetaesportiva.com\/automobilismo\/wp-json\/wp\/v2\/posts\/1751\/revisions"}],"wp:featuredmedia":[{"embeddable":true,"href":"https:\/\/blogs.gazetaesportiva.com\/automobilismo\/wp-json\/wp\/v2\/media\/1752"}],"wp:attachment":[{"href":"https:\/\/blogs.gazetaesportiva.com\/automobilismo\/wp-json\/wp\/v2\/media?parent=1751"}],"wp:term":[{"taxonomy":"category","embeddable":true,"href":"https:\/\/blogs.gazetaesportiva.com\/automobilismo\/wp-json\/wp\/v2\/categories?post=1751"},{"taxonomy":"post_tag","embeddable":true,"href":"https:\/\/blogs.gazetaesportiva.com\/automobilismo\/wp-json\/wp\/v2\/tags?post=1751"}],"curies":[{"name":"wp","href":"https:\/\/api.w.org\/{rel}","templated":true}]}}