{"id":1740,"date":"2024-07-26T18:02:02","date_gmt":"2024-07-26T18:02:02","guid":{"rendered":"https:\/\/blogs.gazetaesportiva.com\/automobilismo\/?p=1740"},"modified":"2024-07-26T18:02:02","modified_gmt":"2024-07-26T18:02:02","slug":"alpha7-e-sports-homenageia-ayrton-senna-em-mundial-na-arabia-saudita","status":"publish","type":"post","link":"https:\/\/blogs.gazetaesportiva.com\/automobilismo\/2024\/07\/26\/alpha7-e-sports-homenageia-ayrton-senna-em-mundial-na-arabia-saudita\/","title":{"rendered":"Alpha7 e-Sports homenageia Ayrton Senna em mundial na Ar\u00e1bia Saudita"},"content":{"rendered":"<p>O Alpha7 e-Sports, time brasileiro de esportes eletr\u00f4nicos que recentemente foi eleito o melhor time de PUBG Mobile do mundo pela empresa administradora do game, prestou uma homenagem a Ayrton Senna na abertura das finais da Copa do Mundo de E-sports (EWC), que acontece em Riad, na Ar\u00e1bia Saudita, at\u00e9 o dia 25 de agosto.<\/p>\n<figure id=\"attachment_1741\" aria-describedby=\"caption-attachment-1741\" style=\"width: 640px\" class=\"wp-caption alignnone\"><img loading=\"lazy\" decoding=\"async\" src=\"https:\/\/blogs.gazetaesportiva.com\/automobilismo\/files\/2024\/07\/Divulgacao-Alpha7-1024x577.jpg\" alt=\"\" width=\"640\" height=\"361\" class=\"size-large wp-image-1741\" srcset=\"https:\/\/blogs.gazetaesportiva.com\/automobilismo\/files\/2024\/07\/Divulgacao-Alpha7-1024x577.jpg 1024w, https:\/\/blogs.gazetaesportiva.com\/automobilismo\/files\/2024\/07\/Divulgacao-Alpha7-300x169.jpg 300w, https:\/\/blogs.gazetaesportiva.com\/automobilismo\/files\/2024\/07\/Divulgacao-Alpha7-768x432.jpg 768w, https:\/\/blogs.gazetaesportiva.com\/automobilismo\/files\/2024\/07\/Divulgacao-Alpha7-1536x865.jpg 1536w, https:\/\/blogs.gazetaesportiva.com\/automobilismo\/files\/2024\/07\/Divulgacao-Alpha7.jpg 2048w\" sizes=\"auto, (max-width: 640px) 100vw, 640px\" \/><figcaption id=\"caption-attachment-1741\" class=\"wp-caption-text\">Foto: divulga\u00e7\u00e3o<\/figcaption><\/figure>\n<p>Na cerim\u00f4nia de apresenta\u00e7\u00e3o das equipes, os jogadores do time brasileiro usaram uniformes inspirados no macac\u00e3o usado pelo piloto. Na camisa oficial do time, um selo especial que marca os 30 anos do legado do tricampe\u00e3o de F\u00f3rmula 1.<\/p>\n<p>A Copa do Mundo de E-sports (EWC), tamb\u00e9m conhecida como Esports World Cup, \u00e9 um torneio anual que re\u00fane as melhores equipes e jogadores do mundo para competir em diversas modalidades. O evento oferece a maior premia\u00e7\u00e3o da hist\u00f3ria dos esportes eletr\u00f4nicos, com um total de US$ 60 milh\u00f5es distribu\u00eddos entre os vencedores. Esta \u00e9 a quarta participa\u00e7\u00e3o da Alpha7, \u00fanico time no mundo a disputar todos os campeonatos mundiais do game e que busca o bicampeonato, ap\u00f3s vencer em 2021 (PUBG Mobile World Invitational).<\/p>\n<p>Cada passo da homenagem ao tricampe\u00e3o das pistas ser\u00e1 compartilhado nas redes sociais da equipe, visando aproximar ainda mais o p\u00fablico jovem do \u00eddolo.<\/p>\n<p>Grande refor\u00e7o da equipe eleito o melhor jogador do mundo na modalidade, o ga\u00facho Lucas Miguel Carrilho, de 21 anos, diz ter herdado dos pais a admira\u00e7\u00e3o por Senna: \u201cdesde pequeno, acompanhava corridas de carro e ouvia meus pais falarem dos feitos de Ayrton Senna nas pistas. Ele marcou seu nome na hist\u00f3ria por tudo que fazia nas corridas e fora das pistas. Para mim, ele \u00e9 uma refer\u00eancia que vai al\u00e9m do esporte e atravessa gera\u00e7\u00f5es\u201d.<\/p>\n<p> O reconhecimento do piloto como uma grande inspira\u00e7\u00e3o \u00e9 compartilhada por outros jogadores da equipe. Roan Henrique Alessio, o \u201cRevo\u201d, de 19 anos, come\u00e7ou a jogar desde pequeno, sem imaginar que no futuro isso se tornaria sua profiss\u00e3o. Embora n\u00e3o tenha visto Ayrton correr, ele se inspira nos valores do tricampe\u00e3o: \u201cA determina\u00e7\u00e3o, o foco e a resili\u00eancia de Senna s\u00e3o exemplos para todos n\u00f3s.\u201d<\/p>\n<p>O conhecimento sobre Ayrton Senna n\u00e3o vem apenas dos pais dos gamers. Na Game House instalada em S\u00e3o Paulo, os jogadores vindos de v\u00e1rias partes do pa\u00eds encontram estrutura completa de alimenta\u00e7\u00e3o, moradia, estudos, assist\u00eancia de sa\u00fade e suporte psicol\u00f3gico, tudo isso permeado por um contato di\u00e1rio com a hist\u00f3ria e os valores do piloto brasileiro. \u201cTemos o Senna como refer\u00eancia de for\u00e7a, resili\u00eancia, foco e determina\u00e7\u00e3o para fazer o que precisa ser feito. Trabalhamos muito esses valores com o time nos atendimentos psicol\u00f3gicos\u201d, afirma P\u00e9tala Barreiros, CEO da Alpha7. \u201cEstamos muito emocionados de prestar essa homenagem ao Ayrton e levar sua hist\u00f3ria para as novas gera\u00e7\u00f5es\u201d, conclui.<\/p>\n","protected":false},"excerpt":{"rendered":"<p>O Alpha7 e-Sports, time brasileiro de esportes eletr\u00f4nicos que recentemente foi eleito o melhor time de PUBG Mobile do mundo pela empresa administradora do game, <a class=\"read-more\" href=\"https:\/\/blogs.gazetaesportiva.com\/automobilismo\/2024\/07\/26\/alpha7-e-sports-homenageia-ayrton-senna-em-mundial-na-arabia-saudita\/\">leia mais<\/a><\/p>\n","protected":false},"author":75,"featured_media":1741,"comment_status":"open","ping_status":"open","sticky":false,"template":"","format":"standard","meta":{"jetpack_post_was_ever_published":false,"_jetpack_newsletter_access":"","_jetpack_dont_email_post_to_subs":false,"_jetpack_newsletter_tier_id":0,"_jetpack_memberships_contains_paywalled_content":false,"_jetpack_memberships_contains_paid_content":false,"footnotes":"","jetpack_publicize_message":"","jetpack_publicize_feature_enabled":true,"jetpack_social_post_already_shared":false,"jetpack_social_options":{"image_generator_settings":{"template":"highway","default_image_id":0,"font":"","enabled":false},"version":2}},"categories":[1],"tags":[],"class_list":["post-1740","post","type-post","status-publish","format-standard","has-post-thumbnail","hentry","category-sem-categoria"],"jetpack_publicize_connections":[],"jetpack_featured_media_url":"https:\/\/blogs.gazetaesportiva.com\/automobilismo\/files\/2024\/07\/Divulgacao-Alpha7.jpg","jetpack_sharing_enabled":true,"jetpack_shortlink":"https:\/\/wp.me\/pblv91-s4","_links":{"self":[{"href":"https:\/\/blogs.gazetaesportiva.com\/automobilismo\/wp-json\/wp\/v2\/posts\/1740","targetHints":{"allow":["GET"]}}],"collection":[{"href":"https:\/\/blogs.gazetaesportiva.com\/automobilismo\/wp-json\/wp\/v2\/posts"}],"about":[{"href":"https:\/\/blogs.gazetaesportiva.com\/automobilismo\/wp-json\/wp\/v2\/types\/post"}],"author":[{"embeddable":true,"href":"https:\/\/blogs.gazetaesportiva.com\/automobilismo\/wp-json\/wp\/v2\/users\/75"}],"replies":[{"embeddable":true,"href":"https:\/\/blogs.gazetaesportiva.com\/automobilismo\/wp-json\/wp\/v2\/comments?post=1740"}],"version-history":[{"count":0,"href":"https:\/\/blogs.gazetaesportiva.com\/automobilismo\/wp-json\/wp\/v2\/posts\/1740\/revisions"}],"wp:featuredmedia":[{"embeddable":true,"href":"https:\/\/blogs.gazetaesportiva.com\/automobilismo\/wp-json\/wp\/v2\/media\/1741"}],"wp:attachment":[{"href":"https:\/\/blogs.gazetaesportiva.com\/automobilismo\/wp-json\/wp\/v2\/media?parent=1740"}],"wp:term":[{"taxonomy":"category","embeddable":true,"href":"https:\/\/blogs.gazetaesportiva.com\/automobilismo\/wp-json\/wp\/v2\/categories?post=1740"},{"taxonomy":"post_tag","embeddable":true,"href":"https:\/\/blogs.gazetaesportiva.com\/automobilismo\/wp-json\/wp\/v2\/tags?post=1740"}],"curies":[{"name":"wp","href":"https:\/\/api.w.org\/{rel}","templated":true}]}}