{"id":1736,"date":"2024-07-24T15:10:34","date_gmt":"2024-07-24T15:10:34","guid":{"rendered":"https:\/\/blogs.gazetaesportiva.com\/automobilismo\/?p=1736"},"modified":"2024-07-24T15:10:34","modified_gmt":"2024-07-24T15:10:34","slug":"vitoria-polemica-na-f1-stock-car-em-goiania-turismo-nacional-e-kart-em-destaque-na-tv-gazeta","status":"publish","type":"post","link":"https:\/\/blogs.gazetaesportiva.com\/automobilismo\/2024\/07\/24\/vitoria-polemica-na-f1-stock-car-em-goiania-turismo-nacional-e-kart-em-destaque-na-tv-gazeta\/","title":{"rendered":"Vit\u00f3ria pol\u00eamica na F1, Stock Car em Goi\u00e2nia, Turismo nacional e kart em destaque na TV Gazeta"},"content":{"rendered":"<p>O Momento Velocidade apresentado ontem ao vivo dentro do Gazeta Esportiva na TV Gazeta trouxe a an\u00e1lise do \u00faltimo GP de F1. A McLaren dominou a corrida da Hungria, mas as ordens de equipe foram muito criticadas.<\/p>\n<figure id=\"attachment_1737\" aria-describedby=\"caption-attachment-1737\" style=\"width: 640px\" class=\"wp-caption alignnone\"><img loading=\"lazy\" decoding=\"async\" src=\"https:\/\/blogs.gazetaesportiva.com\/automobilismo\/files\/2024\/07\/GTBVL7MW4AADReE-1024x682.jpeg\" alt=\"\" width=\"640\" height=\"426\" class=\"size-large wp-image-1737\" srcset=\"https:\/\/blogs.gazetaesportiva.com\/automobilismo\/files\/2024\/07\/GTBVL7MW4AADReE-1024x682.jpeg 1024w, https:\/\/blogs.gazetaesportiva.com\/automobilismo\/files\/2024\/07\/GTBVL7MW4AADReE-300x200.jpeg 300w, https:\/\/blogs.gazetaesportiva.com\/automobilismo\/files\/2024\/07\/GTBVL7MW4AADReE-768x512.jpeg 768w, https:\/\/blogs.gazetaesportiva.com\/automobilismo\/files\/2024\/07\/GTBVL7MW4AADReE-1536x1024.jpeg 1536w, https:\/\/blogs.gazetaesportiva.com\/automobilismo\/files\/2024\/07\/GTBVL7MW4AADReE-2048x1365.jpeg 2048w\" sizes=\"auto, (max-width: 640px) 100vw, 640px\" \/><figcaption id=\"caption-attachment-1737\" class=\"wp-caption-text\">Foto: McLaren<\/figcaption><\/figure>\n<p>Oscar Piastri liderava a corrida, mas nas paradas de box Lando Norris levou vantagem e assumiu a ponta. O ingl\u00eas se recusou a devolver a posi\u00e7\u00e3o depois e a discuss\u00e3o no r\u00e1dio foi intensa, mas no fim acabou dando a vit\u00f3ria para o companheiro de equipe. Foi a primeira vit\u00f3ria de Piastri na F1. O GP tamb\u00e9m teve enrosco de Hamilton e Verstappen, que quer voltar a vencer domingo em Spa! <\/p>\n<figure id=\"attachment_1738\" aria-describedby=\"caption-attachment-1738\" style=\"width: 640px\" class=\"wp-caption alignnone\"><img loading=\"lazy\" decoding=\"async\" src=\"https:\/\/blogs.gazetaesportiva.com\/automobilismo\/files\/2024\/07\/RHD17683-1024x683.jpg\" alt=\"Gabriel Casagrande\" width=\"640\" height=\"427\" class=\"size-large wp-image-1738\" srcset=\"https:\/\/blogs.gazetaesportiva.com\/automobilismo\/files\/2024\/07\/RHD17683-1024x683.jpg 1024w, https:\/\/blogs.gazetaesportiva.com\/automobilismo\/files\/2024\/07\/RHD17683-300x200.jpg 300w, https:\/\/blogs.gazetaesportiva.com\/automobilismo\/files\/2024\/07\/RHD17683-768x512.jpg 768w, https:\/\/blogs.gazetaesportiva.com\/automobilismo\/files\/2024\/07\/RHD17683-1536x1024.jpg 1536w, https:\/\/blogs.gazetaesportiva.com\/automobilismo\/files\/2024\/07\/RHD17683-2048x1365.jpg 2048w\" sizes=\"auto, (max-width: 640px) 100vw, 640px\" \/><figcaption id=\"caption-attachment-1738\" class=\"wp-caption-text\">Foto: Rodrigo Guimar\u00e3es<\/figcaption><\/figure>\n<p>O final de semana de velocidade tamb\u00e9m \u00e9 garantido no Brasil com a Stock Car. Estaremos l\u00e1 em Goi\u00e2nia cobrindo a sexta etapa da temporada e quem fala sobre a expectativa desta prova \u00e9 o atual campe\u00e3o, Gabriel Casagrande.<\/p>\n<p><iframe loading=\"lazy\" title=\"TRETA NA MCLAREN: Lando Norris ENTREGA vit\u00f3ria para Piastri! - Momento Velocidade (23\/07)\" width=\"640\" height=\"360\" src=\"https:\/\/www.youtube.com\/embed\/V9rV0yGHxws?feature=oembed\" frameborder=\"0\" allow=\"accelerometer; autoplay; clipboard-write; encrypted-media; gyroscope; picture-in-picture; web-share\" referrerpolicy=\"strict-origin-when-cross-origin\" allowfullscreen><\/iframe><\/p>\n<p>Boa sorte ao piloto que tamb\u00e9m \u00e9 garoto propaganda da Baterias J\u00fapiter! E muita gente v\u00ea o Stock Car e imagina que seja f\u00e1cil de pilotar, mas o carro de corrida \u00e9 bem mais complexo. Eu conversei com o \u00c1tila Abreu, que falou de um ponto interessante: a visibilidade dos pilotos dentro do Stock Car \u00e9 bem limitada.<\/p>\n<figure id=\"attachment_1575\" aria-describedby=\"caption-attachment-1575\" style=\"width: 1024px\" class=\"wp-caption alignnone\"><img loading=\"lazy\" decoding=\"async\" src=\"https:\/\/blogs.gazetaesportiva.com\/automobilismo\/files\/2024\/03\/434814_1097559_btx10653_web_.jpg\" alt=\"\u00c1tila Abreu\" width=\"1024\" height=\"683\" class=\"size-full wp-image-1575\" srcset=\"https:\/\/blogs.gazetaesportiva.com\/automobilismo\/files\/2024\/03\/434814_1097559_btx10653_web_.jpg 1024w, https:\/\/blogs.gazetaesportiva.com\/automobilismo\/files\/2024\/03\/434814_1097559_btx10653_web_-300x200.jpg 300w, https:\/\/blogs.gazetaesportiva.com\/automobilismo\/files\/2024\/03\/434814_1097559_btx10653_web_-768x512.jpg 768w\" sizes=\"auto, (max-width: 1024px) 100vw, 1024px\" \/><figcaption id=\"caption-attachment-1575\" class=\"wp-caption-text\">Foto: Bruno Terena<\/figcaption><\/figure>\n<p>A gente mostrou no Mesa Redonda o m\u00eas de sucesso da Toyota Gazoo Racing nas pistas e no domingo no Turismo Nacional tamb\u00e9m deu Toyota com vit\u00f3rias de Juninho Berlanda. Ele compete com um Toyota Yaris no torneio que premia o campe\u00e3o com um ano na Stock Series com tudo pago.<\/p>\n<figure id=\"attachment_1739\" aria-describedby=\"caption-attachment-1739\" style=\"width: 640px\" class=\"wp-caption alignnone\"><img loading=\"lazy\" decoding=\"async\" src=\"https:\/\/blogs.gazetaesportiva.com\/automobilismo\/files\/2024\/07\/TN-BR-2024-04-Interlagos-Juninho-Berlanda-3-1024x683.jpg\" alt=\"\" width=\"640\" height=\"427\" class=\"size-large wp-image-1739\" srcset=\"https:\/\/blogs.gazetaesportiva.com\/automobilismo\/files\/2024\/07\/TN-BR-2024-04-Interlagos-Juninho-Berlanda-3-1024x683.jpg 1024w, https:\/\/blogs.gazetaesportiva.com\/automobilismo\/files\/2024\/07\/TN-BR-2024-04-Interlagos-Juninho-Berlanda-3-300x200.jpg 300w, https:\/\/blogs.gazetaesportiva.com\/automobilismo\/files\/2024\/07\/TN-BR-2024-04-Interlagos-Juninho-Berlanda-3-768x512.jpg 768w, https:\/\/blogs.gazetaesportiva.com\/automobilismo\/files\/2024\/07\/TN-BR-2024-04-Interlagos-Juninho-Berlanda-3-1536x1024.jpg 1536w, https:\/\/blogs.gazetaesportiva.com\/automobilismo\/files\/2024\/07\/TN-BR-2024-04-Interlagos-Juninho-Berlanda-3-2048x1365.jpg 2048w\" sizes=\"auto, (max-width: 640px) 100vw, 640px\" \/><figcaption id=\"caption-attachment-1739\" class=\"wp-caption-text\">Foto: Ricardo Saibro<\/figcaption><\/figure>\n<p>Neste domingo no Momento Velocidade vamos falar de mais jovens talentos da Toyota Gazoo Racing e uma mat\u00e9ria especial sobre o Mundial de Kart Rental, que est\u00e1 acontecendo nesta semana no Brasil. N\u00f3s aceleramos tamb\u00e9m na Granja Viana e vencemos junto com a equipe Karteiros na categoria Endurance em uma prova de 6 horas de dura\u00e7\u00e3o! <\/p>\n<p>\u00c9 neste domingo, 20h25, antes do Mesa Redonda!<\/p>\n","protected":false},"excerpt":{"rendered":"<p>O Momento Velocidade apresentado ontem ao vivo dentro do Gazeta Esportiva na TV Gazeta trouxe a an\u00e1lise do \u00faltimo GP de F1. A McLaren dominou <a class=\"read-more\" href=\"https:\/\/blogs.gazetaesportiva.com\/automobilismo\/2024\/07\/24\/vitoria-polemica-na-f1-stock-car-em-goiania-turismo-nacional-e-kart-em-destaque-na-tv-gazeta\/\">leia mais<\/a><\/p>\n","protected":false},"author":75,"featured_media":1737,"comment_status":"open","ping_status":"open","sticky":false,"template":"","format":"standard","meta":{"jetpack_post_was_ever_published":false,"_jetpack_newsletter_access":"","_jetpack_dont_email_post_to_subs":false,"_jetpack_newsletter_tier_id":0,"_jetpack_memberships_contains_paywalled_content":false,"_jetpack_memberships_contains_paid_content":false,"footnotes":"","jetpack_publicize_message":"","jetpack_publicize_feature_enabled":true,"jetpack_social_post_already_shared":false,"jetpack_social_options":{"image_generator_settings":{"template":"highway","default_image_id":0,"font":"","enabled":false},"version":2}},"categories":[1],"tags":[],"class_list":["post-1736","post","type-post","status-publish","format-standard","has-post-thumbnail","hentry","category-sem-categoria"],"jetpack_publicize_connections":[],"jetpack_featured_media_url":"https:\/\/blogs.gazetaesportiva.com\/automobilismo\/files\/2024\/07\/GTBVL7MW4AADReE.jpeg","jetpack_sharing_enabled":true,"jetpack_shortlink":"https:\/\/wp.me\/pblv91-s0","_links":{"self":[{"href":"https:\/\/blogs.gazetaesportiva.com\/automobilismo\/wp-json\/wp\/v2\/posts\/1736","targetHints":{"allow":["GET"]}}],"collection":[{"href":"https:\/\/blogs.gazetaesportiva.com\/automobilismo\/wp-json\/wp\/v2\/posts"}],"about":[{"href":"https:\/\/blogs.gazetaesportiva.com\/automobilismo\/wp-json\/wp\/v2\/types\/post"}],"author":[{"embeddable":true,"href":"https:\/\/blogs.gazetaesportiva.com\/automobilismo\/wp-json\/wp\/v2\/users\/75"}],"replies":[{"embeddable":true,"href":"https:\/\/blogs.gazetaesportiva.com\/automobilismo\/wp-json\/wp\/v2\/comments?post=1736"}],"version-history":[{"count":0,"href":"https:\/\/blogs.gazetaesportiva.com\/automobilismo\/wp-json\/wp\/v2\/posts\/1736\/revisions"}],"wp:featuredmedia":[{"embeddable":true,"href":"https:\/\/blogs.gazetaesportiva.com\/automobilismo\/wp-json\/wp\/v2\/media\/1737"}],"wp:attachment":[{"href":"https:\/\/blogs.gazetaesportiva.com\/automobilismo\/wp-json\/wp\/v2\/media?parent=1736"}],"wp:term":[{"taxonomy":"category","embeddable":true,"href":"https:\/\/blogs.gazetaesportiva.com\/automobilismo\/wp-json\/wp\/v2\/categories?post=1736"},{"taxonomy":"post_tag","embeddable":true,"href":"https:\/\/blogs.gazetaesportiva.com\/automobilismo\/wp-json\/wp\/v2\/tags?post=1736"}],"curies":[{"name":"wp","href":"https:\/\/api.w.org\/{rel}","templated":true}]}}