{"id":1734,"date":"2024-07-24T14:29:31","date_gmt":"2024-07-24T14:29:31","guid":{"rendered":"https:\/\/blogs.gazetaesportiva.com\/automobilismo\/?p=1734"},"modified":"2024-07-24T14:29:31","modified_gmt":"2024-07-24T14:29:31","slug":"senninha-viaja-no-tempo-para-se-encontrar-com-idolo-ayrton-senna-em-nova-serie-especial","status":"publish","type":"post","link":"https:\/\/blogs.gazetaesportiva.com\/automobilismo\/2024\/07\/24\/senninha-viaja-no-tempo-para-se-encontrar-com-idolo-ayrton-senna-em-nova-serie-especial\/","title":{"rendered":"Senninha viaja no tempo para se encontrar com \u00eddolo Ayrton Senna em nova s\u00e9rie especial"},"content":{"rendered":"<p>Um piloto mirim que tem o sonho de ser campe\u00e3o, mas enfrenta um obst\u00e1culo: pilotar na chuva, em pista molhada. Determinado a superar essa dificuldade, ele embarca em uma aventura no tempo para conseguir dicas valiosas do mestre em pilotar na chuva, Ayrton Senna. Esse \u00e9 o fio condutor de \u201cO Pilotinho do Futuro\u201d, nova s\u00e9rie do Senninha, que estreia dia 24 de julho no canal do personagem, no YouTube. <a href=\"https:\/\/www.youtube.com\/watch?v=L2-fOZsKGIE\" target=\"_blank\" rel=\"noopener\">Veja o primeiro epis\u00f3dio aqui.<\/a><\/p>\n<figure id=\"attachment_1735\" aria-describedby=\"caption-attachment-1735\" style=\"width: 640px\" class=\"wp-caption alignnone\"><img loading=\"lazy\" decoding=\"async\" src=\"https:\/\/blogs.gazetaesportiva.com\/automobilismo\/files\/2024\/07\/Imagem1-1024x577.jpg\" alt=\"Senninha\" width=\"640\" height=\"361\" class=\"size-large wp-image-1735\" srcset=\"https:\/\/blogs.gazetaesportiva.com\/automobilismo\/files\/2024\/07\/Imagem1-1024x577.jpg 1024w, https:\/\/blogs.gazetaesportiva.com\/automobilismo\/files\/2024\/07\/Imagem1-300x169.jpg 300w, https:\/\/blogs.gazetaesportiva.com\/automobilismo\/files\/2024\/07\/Imagem1-768x432.jpg 768w, https:\/\/blogs.gazetaesportiva.com\/automobilismo\/files\/2024\/07\/Imagem1.jpg 1378w\" sizes=\"auto, (max-width: 640px) 100vw, 640px\" \/><figcaption id=\"caption-attachment-1735\" class=\"wp-caption-text\">Foto: divulga\u00e7\u00e3o<\/figcaption><\/figure>\n<p>A s\u00e9rie \u00e9 composta por 08 epis\u00f3dios que ser\u00e3o lan\u00e7ados mensalmente e mostram o personagem infantil em corridas hist\u00f3ricas da carreira de Ayrton Senna. A primeira parada \u00e9 em Suzuka, 1988, quando o piloto conquistou o primeiro t\u00edtulo na F\u00f3rmula 1. Com uso de tecnologia 3D nas anima\u00e7\u00f5es, o brasileiro ser\u00e1 recriado pela equipe de animadores da s\u00e9rie.<\/p>\n<p>\u201cPreparamos algo in\u00e9dito para unir f\u00e3s de todas as gera\u00e7\u00f5es nas celebra\u00e7\u00f5es dos 30 anos do legado do Ayrton. A partir de um enredo repleto de aventura, buscamos alimentar o imagin\u00e1rio das crian\u00e7as e trazer a nostalgia para os adultos que cresceram com o Senninha. \u00c9 uma s\u00e9rie para pais e filhos assistirem juntos, reviverem grandes momentos da carreira do Ayrton e ensinarem que nao devemos desistir dos nossos sonhos\u201d, afirma Bianca Senna, CEO da Senna Brands e sobrinha do tricampe\u00e3o.<\/p>\n<p>O personagem Senninha foi lan\u00e7ado em 1994 pelo pr\u00f3prio Ayrton Senna com o objetivo de conectar as gera\u00e7\u00f5es mais novas aos valores positivos do tricampe\u00e3o, al\u00e9m de desempenhar um importante papel no est\u00edmulo ao desenvolvimento de habilidades motoras, socioemocionais e o cuidado com o meio ambiente. Ao longo de tr\u00eas d\u00e9cadas, o Senninha e sua turma estiveram presentes em hist\u00f3rias em quadrinhos, desenhos animados e produtos oficiais que, at\u00e9 hoje, despertam o interesse de compra de 93% dos pais, de acordo com uma recente pesquisa feita pela marca.<\/p>\n<p>A s\u00e9rie &#8220;O Pilotinho do Futuro&#8221; promete cativar ainda mais os espectadores de todas as idades e inspirar fam\u00edlias e educadores, mostrando que com determina\u00e7\u00e3o, prop\u00f3sito e boas orienta\u00e7\u00f5es &#8211; al\u00e9m de uma boa dose de aventura -, qualquer obst\u00e1culo pode ser superado.<\/p>\n<p><strong>Sinopse oficial<\/strong><br \/>\nSenninha est\u00e1 prestes a conquistar mais uma corrida, at\u00e9 que \u00e9 surpreendido pela chuva e acaba perdendo n\u00e3o s\u00f3 a prova, mas o campeonato. Quando isso acontece, o pilotinho percebe que n\u00e3o pode mais se deixar vencer pela chuva e toma uma decis\u00e3o: vai pedir conselhos ao seu \u00eddolo e melhor piloto da hist\u00f3ria em pistas molhadas, Ayrton Senna.<\/p>\n<p>Com a ajuda de mais uma engenhoca criada por Neco e a nova vers\u00e3o inteligente do capacete Meu Her\u00f3i, Senninha parte em uma viagem pelo tempo, visitando Grandes Pr\u00eamios ic\u00f4nicos da F\u00f3rmula 1 em busca de um encontro especial com o tricampe\u00e3o mundial e acaba aprendendo li\u00e7\u00f5es que v\u00e3o muito al\u00e9m da pilotagem.<\/p>\n<p>A s\u00e9rie, dispon\u00edvel exclusivamente no canal oficial do Senninha no YouTube, \u00e9 a primeira do personagem a contar com a tecnologia de renderiza\u00e7\u00e3o das anima\u00e7\u00f5es em 3D, que acrescenta profundidade e mais realismo \u00e0s cenas, fazendo com que os espectadores se sintam ainda mais parte da hist\u00f3ria.<\/p>\n<p>Em \u201cO Pilotinho do Futuro\u201d, voc\u00ea encontrar\u00e1 emo\u00e7\u00e3o, divers\u00e3o e muita nostalgia ao acompanhar nosso pilotinho favorito em uma aventura in\u00e9dita. Aperte os cintos e viaje nessa com Senninha e sua turma!<\/p>\n<p><strong>Ficha t\u00e9cnica<\/strong><br \/>\nDire\u00e7\u00e3o geral: Bianca Senna Lalli Nery<br \/>\nRoteiro:Kaled Karbour<br \/>\nIdentidade visual: \u00c9rica Lima Di Miscio<br \/>\nCriadores do Senninha e sua turma: Rog\u00e9rio Martins e Ridaut Dias<\/p>\n<p><strong>AGA Studios<\/strong><br \/>\nDire\u00e7\u00e3o de arte: Antoniane Gimenez<br \/>\nDire\u00e7\u00e3o audiovisual: Antoniane Gimenez e Celso Soldi<br \/>\nP\u00f3s-produ\u00e7\u00e3o: Celso Soldi<br \/>\nAnima\u00e7\u00e3o 2D: Carlos Tureta, Antoniane Gimenez, Genoviz Pagani e Celso Soldi<br \/>\nAnimatic\/Storyboard: Genoviz Pagani<br \/>\nIlustra\u00e7\u00e3o\/Arte final\/Coloriza\u00e7\u00e3o: Genoviz Pagani, Antoniane Gimenez e Andressa Feitosa<br \/>\nAnima\u00e7\u00e3o e ilustra\u00e7\u00e3o 3D: Antoniane Gimenez<br \/>\nM\u00fasicas\/Trilha incidental\/Sonoplastia: Antoniane Gimenez<\/p>\n<p><strong>Epidemic Sound<\/strong><br \/>\nVozes originais: Caroline Rocha e Levi Aysar<\/p>\n","protected":false},"excerpt":{"rendered":"<p>Um piloto mirim que tem o sonho de ser campe\u00e3o, mas enfrenta um obst\u00e1culo: pilotar na chuva, em pista molhada. Determinado a superar essa dificuldade, <a class=\"read-more\" href=\"https:\/\/blogs.gazetaesportiva.com\/automobilismo\/2024\/07\/24\/senninha-viaja-no-tempo-para-se-encontrar-com-idolo-ayrton-senna-em-nova-serie-especial\/\">leia mais<\/a><\/p>\n","protected":false},"author":75,"featured_media":1735,"comment_status":"open","ping_status":"open","sticky":false,"template":"","format":"standard","meta":{"jetpack_post_was_ever_published":false,"_jetpack_newsletter_access":"","_jetpack_dont_email_post_to_subs":false,"_jetpack_newsletter_tier_id":0,"_jetpack_memberships_contains_paywalled_content":false,"_jetpack_memberships_contains_paid_content":false,"footnotes":"","jetpack_publicize_message":"","jetpack_publicize_feature_enabled":true,"jetpack_social_post_already_shared":false,"jetpack_social_options":{"image_generator_settings":{"template":"highway","default_image_id":0,"font":"","enabled":false},"version":2}},"categories":[1],"tags":[],"class_list":["post-1734","post","type-post","status-publish","format-standard","has-post-thumbnail","hentry","category-sem-categoria"],"jetpack_publicize_connections":[],"jetpack_featured_media_url":"https:\/\/blogs.gazetaesportiva.com\/automobilismo\/files\/2024\/07\/Imagem1.jpg","jetpack_sharing_enabled":true,"jetpack_shortlink":"https:\/\/wp.me\/pblv91-rY","_links":{"self":[{"href":"https:\/\/blogs.gazetaesportiva.com\/automobilismo\/wp-json\/wp\/v2\/posts\/1734","targetHints":{"allow":["GET"]}}],"collection":[{"href":"https:\/\/blogs.gazetaesportiva.com\/automobilismo\/wp-json\/wp\/v2\/posts"}],"about":[{"href":"https:\/\/blogs.gazetaesportiva.com\/automobilismo\/wp-json\/wp\/v2\/types\/post"}],"author":[{"embeddable":true,"href":"https:\/\/blogs.gazetaesportiva.com\/automobilismo\/wp-json\/wp\/v2\/users\/75"}],"replies":[{"embeddable":true,"href":"https:\/\/blogs.gazetaesportiva.com\/automobilismo\/wp-json\/wp\/v2\/comments?post=1734"}],"version-history":[{"count":0,"href":"https:\/\/blogs.gazetaesportiva.com\/automobilismo\/wp-json\/wp\/v2\/posts\/1734\/revisions"}],"wp:featuredmedia":[{"embeddable":true,"href":"https:\/\/blogs.gazetaesportiva.com\/automobilismo\/wp-json\/wp\/v2\/media\/1735"}],"wp:attachment":[{"href":"https:\/\/blogs.gazetaesportiva.com\/automobilismo\/wp-json\/wp\/v2\/media?parent=1734"}],"wp:term":[{"taxonomy":"category","embeddable":true,"href":"https:\/\/blogs.gazetaesportiva.com\/automobilismo\/wp-json\/wp\/v2\/categories?post=1734"},{"taxonomy":"post_tag","embeddable":true,"href":"https:\/\/blogs.gazetaesportiva.com\/automobilismo\/wp-json\/wp\/v2\/tags?post=1734"}],"curies":[{"name":"wp","href":"https:\/\/api.w.org\/{rel}","templated":true}]}}