{"id":1716,"date":"2024-07-17T19:14:38","date_gmt":"2024-07-17T19:14:38","guid":{"rendered":"https:\/\/blogs.gazetaesportiva.com\/automobilismo\/?p=1716"},"modified":"2024-07-17T19:14:38","modified_gmt":"2024-07-17T19:14:38","slug":"sao-paulo-vira-capital-mundial-da-velocidade-apos-wec-que-teve-vitoria-da-toyota-gazoo-racing","status":"publish","type":"post","link":"https:\/\/blogs.gazetaesportiva.com\/automobilismo\/2024\/07\/17\/sao-paulo-vira-capital-mundial-da-velocidade-apos-wec-que-teve-vitoria-da-toyota-gazoo-racing\/","title":{"rendered":"S\u00e3o Paulo vira capital mundial da velocidade ap\u00f3s WEC, que teve vit\u00f3ria da TOYOTA GAZOO Racing"},"content":{"rendered":"<figure id=\"attachment_1718\" aria-describedby=\"caption-attachment-1718\" style=\"width: 640px\" class=\"wp-caption alignnone\"><img loading=\"lazy\" decoding=\"async\" class=\"size-large wp-image-1718\" src=\"https:\/\/blogs.gazetaesportiva.com\/automobilismo\/files\/2024\/07\/WhatsApp-Image-2024-07-17-at-16.08.03-1024x681.jpeg\" alt=\"Largada das 6 Horas de SP \" width=\"640\" height=\"426\" srcset=\"https:\/\/blogs.gazetaesportiva.com\/automobilismo\/files\/2024\/07\/WhatsApp-Image-2024-07-17-at-16.08.03-1024x681.jpeg 1024w, https:\/\/blogs.gazetaesportiva.com\/automobilismo\/files\/2024\/07\/WhatsApp-Image-2024-07-17-at-16.08.03-300x200.jpeg 300w, https:\/\/blogs.gazetaesportiva.com\/automobilismo\/files\/2024\/07\/WhatsApp-Image-2024-07-17-at-16.08.03-768x511.jpeg 768w, https:\/\/blogs.gazetaesportiva.com\/automobilismo\/files\/2024\/07\/WhatsApp-Image-2024-07-17-at-16.08.03-1536x1022.jpeg 1536w, https:\/\/blogs.gazetaesportiva.com\/automobilismo\/files\/2024\/07\/WhatsApp-Image-2024-07-17-at-16.08.03-2048x1362.jpeg 2048w\" sizes=\"auto, (max-width: 640px) 100vw, 640px\" \/><figcaption id=\"caption-attachment-1718\" class=\"wp-caption-text\">Largada das 6 Horas de SP &#8211; Foto: Rafa Catelan \/RF1<\/figcaption><\/figure>\n<p>No \u00faltimo domingo, Interlagos recebeu o Mundial de Endurance e com isso S\u00e3o Paulo \u00e9 a \u00fanica cidade do mundo a receber as tr\u00eas maiores competi\u00e7\u00f5es da FIA: F\u00f3rmula E, WEC e F\u00f3rmula 1.<\/p>\n<p>Mais de 70 mil pessoas estiveram no aut\u00f3dromo paulistano nos 3 dias de evento. Em uma prova bem acirrada, reunindo mais de 30 carros de 14 marcas diferentes, a vit\u00f3ria ficou com a equipe TOYOTA GAZOO Racing, no prot\u00f3tipo liderado pelo ex-piloto de F1 S\u00e9bastien Buemi. A Porsche Penske ficou com a segunda coloca\u00e7\u00e3o. Vitoriosa em Le Mans, a Ferrari ficou na quinta coloca\u00e7\u00e3o.<\/p>\n<p>O final de semana tamb\u00e9m teve muita velocidade na It\u00e1lia, onde teve jovem talento brasileiro ganhou destaque. Pedro Clerot venceu na categoria rookie e ficou na terceira coloca\u00e7\u00e3o entre os 30 pilotos da FRECA em Mugello. Ele foi o primeiro campe\u00e3o da F4 Brasil e est\u00e1 em seu primeiro ano neste campeonato que \u00e9 um dos mais importantes da base rumo \u00e0 F1.<\/p>\n<figure id=\"attachment_1717\" aria-describedby=\"caption-attachment-1717\" style=\"width: 640px\" class=\"wp-caption alignnone\"><img loading=\"lazy\" decoding=\"async\" class=\"size-large wp-image-1717\" src=\"https:\/\/blogs.gazetaesportiva.com\/automobilismo\/files\/2024\/07\/Clerot-em-Mugello-1024x683.jpg\" alt=\"Pedro Clerot em Mugello\" width=\"640\" height=\"427\" srcset=\"https:\/\/blogs.gazetaesportiva.com\/automobilismo\/files\/2024\/07\/Clerot-em-Mugello-1024x683.jpg 1024w, https:\/\/blogs.gazetaesportiva.com\/automobilismo\/files\/2024\/07\/Clerot-em-Mugello-300x200.jpg 300w, https:\/\/blogs.gazetaesportiva.com\/automobilismo\/files\/2024\/07\/Clerot-em-Mugello-768x512.jpg 768w, https:\/\/blogs.gazetaesportiva.com\/automobilismo\/files\/2024\/07\/Clerot-em-Mugello-1536x1024.jpg 1536w, https:\/\/blogs.gazetaesportiva.com\/automobilismo\/files\/2024\/07\/Clerot-em-Mugello-2048x1365.jpg 2048w\" sizes=\"auto, (max-width: 640px) 100vw, 640px\" \/><figcaption id=\"caption-attachment-1717\" class=\"wp-caption-text\">Pedro Clerot &#8211; Foto: Dutch Photo Agency \/RF1<\/figcaption><\/figure>\n<p>E S\u00e3o Paulo segue sendo a capital mundial da velocidade com Interlagos recebendo neste final de semana a etapa do TCR World Tour e tamb\u00e9m as competi\u00e7\u00f5es brasileiras, como o Turismo Nacional. E o l\u00edder do campeonato \u00e9 o piloto da equipe Car Racing, Rafael Reis, que mandou um recado pra gente.<\/p>\n<p><iframe loading=\"lazy\" title=\"S\u00e3o Paulo virou a capital mundial da velocidade: saiba o motivo! | MOMENTO VELOCIDADE (16\/07\/24)\" width=\"640\" height=\"360\" src=\"https:\/\/www.youtube.com\/embed\/0_x07-CHwG4?feature=oembed\" frameborder=\"0\" allow=\"accelerometer; autoplay; clipboard-write; encrypted-media; gyroscope; picture-in-picture; web-share\" referrerpolicy=\"strict-origin-when-cross-origin\" allowfullscreen><\/iframe><\/p>\n<p>Legal demais este pr\u00eamio, o campe\u00e3o correr\u00e1 na divis\u00e3o de acesso da Stock Car com tudo pago!<\/p>\n<figure id=\"attachment_1719\" aria-describedby=\"caption-attachment-1719\" style=\"width: 640px\" class=\"wp-caption alignnone\"><img loading=\"lazy\" decoding=\"async\" class=\"size-large wp-image-1719\" src=\"https:\/\/blogs.gazetaesportiva.com\/automobilismo\/files\/2024\/07\/440568_1116127_436676_1103474_whatsapp_image_2024_04_14_at_18.06.34-1024x683.jpeg\" alt=\"Rafa Reis\" width=\"640\" height=\"427\" srcset=\"https:\/\/blogs.gazetaesportiva.com\/automobilismo\/files\/2024\/07\/440568_1116127_436676_1103474_whatsapp_image_2024_04_14_at_18.06.34-1024x683.jpeg 1024w, https:\/\/blogs.gazetaesportiva.com\/automobilismo\/files\/2024\/07\/440568_1116127_436676_1103474_whatsapp_image_2024_04_14_at_18.06.34-300x200.jpeg 300w, https:\/\/blogs.gazetaesportiva.com\/automobilismo\/files\/2024\/07\/440568_1116127_436676_1103474_whatsapp_image_2024_04_14_at_18.06.34-768x512.jpeg 768w, https:\/\/blogs.gazetaesportiva.com\/automobilismo\/files\/2024\/07\/440568_1116127_436676_1103474_whatsapp_image_2024_04_14_at_18.06.34-1536x1024.jpeg 1536w, https:\/\/blogs.gazetaesportiva.com\/automobilismo\/files\/2024\/07\/440568_1116127_436676_1103474_whatsapp_image_2024_04_14_at_18.06.34.jpeg 1600w\" sizes=\"auto, (max-width: 640px) 100vw, 640px\" \/><figcaption id=\"caption-attachment-1719\" class=\"wp-caption-text\">Rafa Reis &#8211; Foto: Ricardo Saibro\/ RF1<\/figcaption><\/figure>\n<p>E neste domingo vamos ter Momento Velocidade dentro do Mesa Redonda mostrando o m\u00eas especial da TOYOTA GAZOO Racing com a vit\u00f3ria no Mundial de Endurance e a marca dos 100 GPs na Stock Car.<\/p>\n<p>Eu entrevistei o Daniel Grespan, l\u00edder do projeto TOYOTA GAZOO Racing, sobre esta conquista hist\u00f3rica. A mat\u00e9ria completa vai ao ar no Mesa Redonda neste domingo!<\/p>\n","protected":false},"excerpt":{"rendered":"<p>No \u00faltimo domingo, Interlagos recebeu o Mundial de Endurance e com isso S\u00e3o Paulo \u00e9 a \u00fanica cidade do mundo a receber as tr\u00eas maiores <a class=\"read-more\" href=\"https:\/\/blogs.gazetaesportiva.com\/automobilismo\/2024\/07\/17\/sao-paulo-vira-capital-mundial-da-velocidade-apos-wec-que-teve-vitoria-da-toyota-gazoo-racing\/\">leia mais<\/a><\/p>\n","protected":false},"author":75,"featured_media":1718,"comment_status":"open","ping_status":"open","sticky":false,"template":"","format":"standard","meta":{"jetpack_post_was_ever_published":false,"_jetpack_newsletter_access":"","_jetpack_dont_email_post_to_subs":false,"_jetpack_newsletter_tier_id":0,"_jetpack_memberships_contains_paywalled_content":false,"_jetpack_memberships_contains_paid_content":false,"footnotes":"","jetpack_publicize_message":"","jetpack_publicize_feature_enabled":true,"jetpack_social_post_already_shared":false,"jetpack_social_options":{"image_generator_settings":{"template":"highway","default_image_id":0,"font":"","enabled":false},"version":2}},"categories":[1],"tags":[],"class_list":["post-1716","post","type-post","status-publish","format-standard","has-post-thumbnail","hentry","category-sem-categoria"],"jetpack_publicize_connections":[],"jetpack_featured_media_url":"https:\/\/blogs.gazetaesportiva.com\/automobilismo\/files\/2024\/07\/WhatsApp-Image-2024-07-17-at-16.08.03.jpeg","jetpack_sharing_enabled":true,"jetpack_shortlink":"https:\/\/wp.me\/pblv91-rG","_links":{"self":[{"href":"https:\/\/blogs.gazetaesportiva.com\/automobilismo\/wp-json\/wp\/v2\/posts\/1716","targetHints":{"allow":["GET"]}}],"collection":[{"href":"https:\/\/blogs.gazetaesportiva.com\/automobilismo\/wp-json\/wp\/v2\/posts"}],"about":[{"href":"https:\/\/blogs.gazetaesportiva.com\/automobilismo\/wp-json\/wp\/v2\/types\/post"}],"author":[{"embeddable":true,"href":"https:\/\/blogs.gazetaesportiva.com\/automobilismo\/wp-json\/wp\/v2\/users\/75"}],"replies":[{"embeddable":true,"href":"https:\/\/blogs.gazetaesportiva.com\/automobilismo\/wp-json\/wp\/v2\/comments?post=1716"}],"version-history":[{"count":0,"href":"https:\/\/blogs.gazetaesportiva.com\/automobilismo\/wp-json\/wp\/v2\/posts\/1716\/revisions"}],"wp:featuredmedia":[{"embeddable":true,"href":"https:\/\/blogs.gazetaesportiva.com\/automobilismo\/wp-json\/wp\/v2\/media\/1718"}],"wp:attachment":[{"href":"https:\/\/blogs.gazetaesportiva.com\/automobilismo\/wp-json\/wp\/v2\/media?parent=1716"}],"wp:term":[{"taxonomy":"category","embeddable":true,"href":"https:\/\/blogs.gazetaesportiva.com\/automobilismo\/wp-json\/wp\/v2\/categories?post=1716"},{"taxonomy":"post_tag","embeddable":true,"href":"https:\/\/blogs.gazetaesportiva.com\/automobilismo\/wp-json\/wp\/v2\/tags?post=1716"}],"curies":[{"name":"wp","href":"https:\/\/api.w.org\/{rel}","templated":true}]}}