{"id":1715,"date":"2024-07-15T15:01:02","date_gmt":"2024-07-15T15:01:02","guid":{"rendered":"https:\/\/blogs.gazetaesportiva.com\/automobilismo\/?p=1715"},"modified":"2024-07-15T15:01:02","modified_gmt":"2024-07-15T15:01:02","slug":"momento-velocidade-traz-novo-episodio-do-reality-show-com-bastidores-do-kart-na-tv-gazeta","status":"publish","type":"post","link":"https:\/\/blogs.gazetaesportiva.com\/automobilismo\/2024\/07\/15\/momento-velocidade-traz-novo-episodio-do-reality-show-com-bastidores-do-kart-na-tv-gazeta\/","title":{"rendered":"Momento Velocidade traz novo epis\u00f3dio do reality show com bastidores do kart na TV Gazeta"},"content":{"rendered":"<p>O Momento Velocidade exibiu na semana passada mais um epis\u00f3dio do reality show \u201cONE \u2013 Jornada Rumo a Vit\u00f3ria\u201d, que traz os bastidores da Copa S\u00e3o Paulo de Kart acompanhando a Car Racing na categoria Pro-500 com os pilotos Leo Reis e Rodrigo Fran\u00e7a.<\/p>\n<figure id=\"attachment_1582\" aria-describedby=\"caption-attachment-1582\" style=\"width: 640px\" class=\"wp-caption alignnone\"><img loading=\"lazy\" decoding=\"async\" src=\"https:\/\/blogs.gazetaesportiva.com\/automobilismo\/files\/2024\/03\/WhatsApp-Image-2024-03-11-at-11.44.28-682x1024.jpeg\" alt=\"Rodrigo Fran\u00e7a\" width=\"640\" height=\"961\" class=\"size-large wp-image-1582\" srcset=\"https:\/\/blogs.gazetaesportiva.com\/automobilismo\/files\/2024\/03\/WhatsApp-Image-2024-03-11-at-11.44.28-682x1024.jpeg 682w, https:\/\/blogs.gazetaesportiva.com\/automobilismo\/files\/2024\/03\/WhatsApp-Image-2024-03-11-at-11.44.28-200x300.jpeg 200w, https:\/\/blogs.gazetaesportiva.com\/automobilismo\/files\/2024\/03\/WhatsApp-Image-2024-03-11-at-11.44.28-768x1153.jpeg 768w, https:\/\/blogs.gazetaesportiva.com\/automobilismo\/files\/2024\/03\/WhatsApp-Image-2024-03-11-at-11.44.28-1023x1536.jpeg 1023w, https:\/\/blogs.gazetaesportiva.com\/automobilismo\/files\/2024\/03\/WhatsApp-Image-2024-03-11-at-11.44.28.jpeg 1066w\" sizes=\"auto, (max-width: 640px) 100vw, 640px\" \/><figcaption id=\"caption-attachment-1582\" class=\"wp-caption-text\">Foto: divulga\u00e7\u00e3o<\/figcaption><\/figure>\n<p>Pilotando o kart 1 da Techspeed no Kart\u00f3dromo Granja Viana, o jornalista e apresentador da TV Gazeta compete em dupla com uma das principais revela\u00e7\u00f5es do automobilismo brasileiro, com cinco t\u00edtulos brasileiros de kart, campe\u00e3o da Copa HB20 e Nascar Brasil, Leo Reis.<\/p>\n<p>Confira o sexto epis\u00f3dio da s\u00e9rie, que tem cobertura completa na noite de domingo na TV Gazeta, dentro do Momento Velocidade, encerrando a faixa do Gazeta Motors e antes do tradicional Mesa Redonda.<\/p>\n<p><iframe loading=\"lazy\" title=\"Quinta etapa da Copa S\u00e3o Paulo de Kart | Momento Velocidade | Gazeta Motors\" width=\"640\" height=\"360\" src=\"https:\/\/www.youtube.com\/embed\/dmU7fvCABBA?feature=oembed\" frameborder=\"0\" allow=\"accelerometer; autoplay; clipboard-write; encrypted-media; gyroscope; picture-in-picture; web-share\" referrerpolicy=\"strict-origin-when-cross-origin\" allowfullscreen><\/iframe><\/p>\n","protected":false},"excerpt":{"rendered":"<p>O Momento Velocidade exibiu na semana passada mais um epis\u00f3dio do reality show \u201cONE \u2013 Jornada Rumo a Vit\u00f3ria\u201d, que traz os bastidores da Copa <a class=\"read-more\" href=\"https:\/\/blogs.gazetaesportiva.com\/automobilismo\/2024\/07\/15\/momento-velocidade-traz-novo-episodio-do-reality-show-com-bastidores-do-kart-na-tv-gazeta\/\">leia mais<\/a><\/p>\n","protected":false},"author":75,"featured_media":1582,"comment_status":"open","ping_status":"open","sticky":false,"template":"","format":"standard","meta":{"jetpack_post_was_ever_published":false,"_jetpack_newsletter_access":"","_jetpack_dont_email_post_to_subs":false,"_jetpack_newsletter_tier_id":0,"_jetpack_memberships_contains_paywalled_content":false,"_jetpack_memberships_contains_paid_content":false,"footnotes":"","jetpack_publicize_message":"","jetpack_publicize_feature_enabled":true,"jetpack_social_post_already_shared":false,"jetpack_social_options":{"image_generator_settings":{"template":"highway","default_image_id":0,"font":"","enabled":false},"version":2}},"categories":[1],"tags":[],"class_list":["post-1715","post","type-post","status-publish","format-standard","has-post-thumbnail","hentry","category-sem-categoria"],"jetpack_publicize_connections":[],"jetpack_featured_media_url":"https:\/\/blogs.gazetaesportiva.com\/automobilismo\/files\/2024\/03\/WhatsApp-Image-2024-03-11-at-11.44.28.jpeg","jetpack_sharing_enabled":true,"jetpack_shortlink":"https:\/\/wp.me\/pblv91-rF","_links":{"self":[{"href":"https:\/\/blogs.gazetaesportiva.com\/automobilismo\/wp-json\/wp\/v2\/posts\/1715","targetHints":{"allow":["GET"]}}],"collection":[{"href":"https:\/\/blogs.gazetaesportiva.com\/automobilismo\/wp-json\/wp\/v2\/posts"}],"about":[{"href":"https:\/\/blogs.gazetaesportiva.com\/automobilismo\/wp-json\/wp\/v2\/types\/post"}],"author":[{"embeddable":true,"href":"https:\/\/blogs.gazetaesportiva.com\/automobilismo\/wp-json\/wp\/v2\/users\/75"}],"replies":[{"embeddable":true,"href":"https:\/\/blogs.gazetaesportiva.com\/automobilismo\/wp-json\/wp\/v2\/comments?post=1715"}],"version-history":[{"count":0,"href":"https:\/\/blogs.gazetaesportiva.com\/automobilismo\/wp-json\/wp\/v2\/posts\/1715\/revisions"}],"wp:featuredmedia":[{"embeddable":true,"href":"https:\/\/blogs.gazetaesportiva.com\/automobilismo\/wp-json\/wp\/v2\/media\/1582"}],"wp:attachment":[{"href":"https:\/\/blogs.gazetaesportiva.com\/automobilismo\/wp-json\/wp\/v2\/media?parent=1715"}],"wp:term":[{"taxonomy":"category","embeddable":true,"href":"https:\/\/blogs.gazetaesportiva.com\/automobilismo\/wp-json\/wp\/v2\/categories?post=1715"},{"taxonomy":"post_tag","embeddable":true,"href":"https:\/\/blogs.gazetaesportiva.com\/automobilismo\/wp-json\/wp\/v2\/tags?post=1715"}],"curies":[{"name":"wp","href":"https:\/\/api.w.org\/{rel}","templated":true}]}}