{"id":1713,"date":"2024-07-11T19:34:17","date_gmt":"2024-07-11T19:34:17","guid":{"rendered":"https:\/\/blogs.gazetaesportiva.com\/automobilismo\/?p=1713"},"modified":"2024-07-11T19:34:17","modified_gmt":"2024-07-11T19:34:17","slug":"wec-toyota-gazoo-racing-abre-segunda-metade-da-temporada-nas-6-horas-de-sao-paulo-de-olho-em-titulo","status":"publish","type":"post","link":"https:\/\/blogs.gazetaesportiva.com\/automobilismo\/2024\/07\/11\/wec-toyota-gazoo-racing-abre-segunda-metade-da-temporada-nas-6-horas-de-sao-paulo-de-olho-em-titulo\/","title":{"rendered":"WEC: TOYOTA GAZOO Racing abre segunda metade da temporada nas 6 Horas de S\u00e3o Paulo de olho em t\u00edtulo"},"content":{"rendered":"<p>O WEC abriu oficialmente sua programa\u00e7\u00e3o para as 6 Horas de S\u00e3o Paulo, quinta etapa da temporada 2024, que \u00e9 realizada no Aut\u00f3dromo de Interlagos. Em um dia reservado para compromissos de m\u00eddia, os pilotos da TOYOTA GAZOO Racing tiveram o primeiro contato com o circuito localizado na zona sul de S\u00e3o Paulo (SP).<\/p>\n<figure id=\"attachment_1714\" aria-describedby=\"caption-attachment-1714\" style=\"width: 640px\" class=\"wp-caption alignnone\"><img loading=\"lazy\" decoding=\"async\" src=\"https:\/\/blogs.gazetaesportiva.com\/automobilismo\/files\/2024\/07\/RafaCatelan_FIAWECBR24-60818-1024x681.jpg\" alt=\"Toyota\" width=\"640\" height=\"426\" class=\"size-large wp-image-1714\" srcset=\"https:\/\/blogs.gazetaesportiva.com\/automobilismo\/files\/2024\/07\/RafaCatelan_FIAWECBR24-60818-1024x681.jpg 1024w, https:\/\/blogs.gazetaesportiva.com\/automobilismo\/files\/2024\/07\/RafaCatelan_FIAWECBR24-60818-300x200.jpg 300w, https:\/\/blogs.gazetaesportiva.com\/automobilismo\/files\/2024\/07\/RafaCatelan_FIAWECBR24-60818-768x511.jpg 768w, https:\/\/blogs.gazetaesportiva.com\/automobilismo\/files\/2024\/07\/RafaCatelan_FIAWECBR24-60818-1536x1022.jpg 1536w, https:\/\/blogs.gazetaesportiva.com\/automobilismo\/files\/2024\/07\/RafaCatelan_FIAWECBR24-60818-2048x1363.jpg 2048w\" sizes=\"auto, (max-width: 640px) 100vw, 640px\" \/><figcaption id=\"caption-attachment-1714\" class=\"wp-caption-text\">Foto: Rafa Catelan<\/figcaption><\/figure>\n<p>Vencedora da edi\u00e7\u00e3o inaugural da prova, disputada em 2012, a TOYOTA GAZOO Racing tem na disputa que marca o retorno do WEC ao Brasil ap\u00f3s dez anos dois times. No Toyota GR 010 Hybrid n\u00famero 7 est\u00e3o Kamui Kobayashi, Nyck de Vries e Mike Conway, este \u00faltimo, de volta ao grid ap\u00f3s ficar de fora das 24 Horas de Le Mans. J\u00e1 no Toyota numeral 8 est\u00e3o S\u00e9bastien Buemi, Ryo Hirakawa e Brendon Hartley.<\/p>\n<p>A prova ser\u00e1 especial para De Vries, que pela primeira vez correr\u00e1 naquele que \u00e9 considerado o mais importante palco do automobilismo brasileiro. O holand\u00eas, que faz sua temporada de estreia no WEC, destacou o fato de, ao lado de Kobayashi, estar em boa posi\u00e7\u00e3o na disputa do t\u00edtulo ap\u00f3s a primeira metade da temporada. Os dois est\u00e3o apenas h\u00e1 17 pontos da lideran\u00e7a do campeonato. Entre as equipes, a TOYOTA GAZOO Racing ocupa a segunda posi\u00e7\u00e3o.<\/p>\n<p>\u201c\u00c9 incr\u00edvel estar em S\u00e3o Paulo para correr pela primeira vez aqui em Interlagos. N\u00f3s entramos na disputa do campeonato depois de Le Mans, e estamos na metade da temporada, ent\u00e3o precisamos de bons pontos para seguir na disputa pelo t\u00edtulo\u201d, disse De Vries, que completou as 24 Horas de Le Mans com a segunda posi\u00e7\u00e3o no \u00faltimo m\u00eas de junho.<\/p>\n<p>As atividades de pista ser\u00e3o abertas nesta sexta-feira (12) com a realiza\u00e7\u00e3o de dois treinos livres, \u00e0s 10h45 e \u00e0s 15h15. O s\u00e1bado tem mais um ensaio, marcado para 10h30, e a classifica\u00e7\u00e3o a partir das 14h30. A edi\u00e7\u00e3o deste ano das 6 Horas de S\u00e3o Paulo tem largada marcada para 11h30 de domingo.<\/p>\n","protected":false},"excerpt":{"rendered":"<p>O WEC abriu oficialmente sua programa\u00e7\u00e3o para as 6 Horas de S\u00e3o Paulo, quinta etapa da temporada 2024, que \u00e9 realizada no Aut\u00f3dromo de Interlagos. <a class=\"read-more\" href=\"https:\/\/blogs.gazetaesportiva.com\/automobilismo\/2024\/07\/11\/wec-toyota-gazoo-racing-abre-segunda-metade-da-temporada-nas-6-horas-de-sao-paulo-de-olho-em-titulo\/\">leia mais<\/a><\/p>\n","protected":false},"author":75,"featured_media":1714,"comment_status":"open","ping_status":"open","sticky":false,"template":"","format":"standard","meta":{"jetpack_post_was_ever_published":false,"_jetpack_newsletter_access":"","_jetpack_dont_email_post_to_subs":false,"_jetpack_newsletter_tier_id":0,"_jetpack_memberships_contains_paywalled_content":false,"_jetpack_memberships_contains_paid_content":false,"footnotes":"","jetpack_publicize_message":"","jetpack_publicize_feature_enabled":true,"jetpack_social_post_already_shared":false,"jetpack_social_options":{"image_generator_settings":{"template":"highway","default_image_id":0,"font":"","enabled":false},"version":2}},"categories":[1],"tags":[],"class_list":["post-1713","post","type-post","status-publish","format-standard","has-post-thumbnail","hentry","category-sem-categoria"],"jetpack_publicize_connections":[],"jetpack_featured_media_url":"https:\/\/blogs.gazetaesportiva.com\/automobilismo\/files\/2024\/07\/RafaCatelan_FIAWECBR24-60818-scaled.jpg","jetpack_sharing_enabled":true,"jetpack_shortlink":"https:\/\/wp.me\/pblv91-rD","_links":{"self":[{"href":"https:\/\/blogs.gazetaesportiva.com\/automobilismo\/wp-json\/wp\/v2\/posts\/1713","targetHints":{"allow":["GET"]}}],"collection":[{"href":"https:\/\/blogs.gazetaesportiva.com\/automobilismo\/wp-json\/wp\/v2\/posts"}],"about":[{"href":"https:\/\/blogs.gazetaesportiva.com\/automobilismo\/wp-json\/wp\/v2\/types\/post"}],"author":[{"embeddable":true,"href":"https:\/\/blogs.gazetaesportiva.com\/automobilismo\/wp-json\/wp\/v2\/users\/75"}],"replies":[{"embeddable":true,"href":"https:\/\/blogs.gazetaesportiva.com\/automobilismo\/wp-json\/wp\/v2\/comments?post=1713"}],"version-history":[{"count":0,"href":"https:\/\/blogs.gazetaesportiva.com\/automobilismo\/wp-json\/wp\/v2\/posts\/1713\/revisions"}],"wp:featuredmedia":[{"embeddable":true,"href":"https:\/\/blogs.gazetaesportiva.com\/automobilismo\/wp-json\/wp\/v2\/media\/1714"}],"wp:attachment":[{"href":"https:\/\/blogs.gazetaesportiva.com\/automobilismo\/wp-json\/wp\/v2\/media?parent=1713"}],"wp:term":[{"taxonomy":"category","embeddable":true,"href":"https:\/\/blogs.gazetaesportiva.com\/automobilismo\/wp-json\/wp\/v2\/categories?post=1713"},{"taxonomy":"post_tag","embeddable":true,"href":"https:\/\/blogs.gazetaesportiva.com\/automobilismo\/wp-json\/wp\/v2\/tags?post=1713"}],"curies":[{"name":"wp","href":"https:\/\/api.w.org\/{rel}","templated":true}]}}