{"id":1616,"date":"2024-04-25T12:24:51","date_gmt":"2024-04-25T12:24:51","guid":{"rendered":"https:\/\/blogs.gazetaesportiva.com\/automobilismo\/?p=1616"},"modified":"2024-04-25T12:24:51","modified_gmt":"2024-04-25T12:24:51","slug":"f1-stock-car-e-porsche-cup-sao-os-assuntos-do-momento-velocidade-na-tv-gazeta","status":"publish","type":"post","link":"https:\/\/blogs.gazetaesportiva.com\/automobilismo\/2024\/04\/25\/f1-stock-car-e-porsche-cup-sao-os-assuntos-do-momento-velocidade-na-tv-gazeta\/","title":{"rendered":"F1, Stock Car e Porsche Cup s\u00e3o os assuntos do Momento Velocidade na TV Gazeta"},"content":{"rendered":"<p>A F1 teve uma vit\u00f3ria in\u00e9dita, mas com o personagem de sempre: Max Verstappen! O holand\u00eas ganhou o GP da China, uma das \u00fanicas provas da F1 onde ele nunca havia vencido. Lando Norris foi o segundo com a McLaren, seguido por Sergio P\u00e9rez, com a outra Red Bull.<\/p>\n<p>Mas se na F1 est\u00e1 faltando emo\u00e7\u00e3o, na Stock Car ela est\u00e1 sobrando! A categoria completou 45 anos de exist\u00eancia no \u00faltimo domingo em Interlagos. E eu falei com o atual campe\u00e3o da Stock Car, Gabriel Casagrande, sobre este marco hist\u00f3rico!<\/p>\n<figure id=\"attachment_1618\" aria-describedby=\"caption-attachment-1618\" style=\"width: 640px\" class=\"wp-caption alignnone\"><img loading=\"lazy\" decoding=\"async\" src=\"https:\/\/blogs.gazetaesportiva.com\/automobilismo\/files\/2024\/04\/RHD16094-1024x683.jpg\" alt=\"Gabriel Casagrande\" width=\"640\" height=\"427\" class=\"size-large wp-image-1618\" srcset=\"https:\/\/blogs.gazetaesportiva.com\/automobilismo\/files\/2024\/04\/RHD16094-1024x683.jpg 1024w, https:\/\/blogs.gazetaesportiva.com\/automobilismo\/files\/2024\/04\/RHD16094-300x200.jpg 300w, https:\/\/blogs.gazetaesportiva.com\/automobilismo\/files\/2024\/04\/RHD16094-768x512.jpg 768w, https:\/\/blogs.gazetaesportiva.com\/automobilismo\/files\/2024\/04\/RHD16094-1536x1024.jpg 1536w, https:\/\/blogs.gazetaesportiva.com\/automobilismo\/files\/2024\/04\/RHD16094-2048x1365.jpg 2048w\" sizes=\"auto, (max-width: 640px) 100vw, 640px\" \/><figcaption id=\"caption-attachment-1618\" class=\"wp-caption-text\">Foto: Rodrigo Guimar\u00e3es<\/figcaption><\/figure>\n<p><iframe loading=\"lazy\" title=\"Verstappen vence GP da China de F1 pela primeira vez | MOMENTO VELOCIDADE (23\/04\/24)\" width=\"640\" height=\"360\" src=\"https:\/\/www.youtube.com\/embed\/4vWCuN_uV8c?feature=oembed\" frameborder=\"0\" allow=\"accelerometer; autoplay; clipboard-write; encrypted-media; gyroscope; picture-in-picture; web-share\" referrerpolicy=\"strict-origin-when-cross-origin\" allowfullscreen><\/iframe><\/p>\n<p>Interlagos tamb\u00e9m foi palco neste m\u00eas de uma estreia importante: a de Lucas Fecury, campe\u00e3o brasileiro de kart e que agora representa o Brasil correndo de f\u00f3rmula l\u00e1 nos Estados Unidos, na USF 2000. O piloto do Maranh\u00e3o nunca tinha competido em Interlagos e conseguiu um top-5 em dupla com Arthur Leist na TCR.<\/p>\n<figure id=\"attachment_1619\" aria-describedby=\"caption-attachment-1619\" style=\"width: 640px\" class=\"wp-caption alignnone\"><img loading=\"lazy\" decoding=\"async\" src=\"https:\/\/blogs.gazetaesportiva.com\/automobilismo\/files\/2024\/04\/436427_1102541_435203_1098777_gb_stpete_240309_19739-1-1024x682.jpg\" alt=\"Lucas Fecury\" width=\"640\" height=\"426\" class=\"size-large wp-image-1619\" srcset=\"https:\/\/blogs.gazetaesportiva.com\/automobilismo\/files\/2024\/04\/436427_1102541_435203_1098777_gb_stpete_240309_19739-1-1024x682.jpg 1024w, https:\/\/blogs.gazetaesportiva.com\/automobilismo\/files\/2024\/04\/436427_1102541_435203_1098777_gb_stpete_240309_19739-1-300x200.jpg 300w, https:\/\/blogs.gazetaesportiva.com\/automobilismo\/files\/2024\/04\/436427_1102541_435203_1098777_gb_stpete_240309_19739-1-768x512.jpg 768w, https:\/\/blogs.gazetaesportiva.com\/automobilismo\/files\/2024\/04\/436427_1102541_435203_1098777_gb_stpete_240309_19739-1-1536x1023.jpg 1536w, https:\/\/blogs.gazetaesportiva.com\/automobilismo\/files\/2024\/04\/436427_1102541_435203_1098777_gb_stpete_240309_19739-1-2048x1364.jpg 2048w\" sizes=\"auto, (max-width: 640px) 100vw, 640px\" \/><figcaption id=\"caption-attachment-1619\" class=\"wp-caption-text\">Foto: Gavin Baker<\/figcaption><\/figure>\n<p>E o aut\u00f3dromo paulistano segue recebendo grandes corridas neste m\u00eas, agora com a Porsche Cup neste s\u00e1bado e domingo. E tem piloto que subiu de categoria neste ano: o Leo Sanchez, que inclusive na Endurance far\u00e1 dupla forte com o \u00c1tila Abreu.<\/p>\n<figure id=\"attachment_1595\" aria-describedby=\"caption-attachment-1595\" style=\"width: 640px\" class=\"wp-caption alignnone\"><img loading=\"lazy\" decoding=\"async\" src=\"https:\/\/blogs.gazetaesportiva.com\/automobilismo\/files\/2024\/03\/434639_1097120_btx20312-1024x683.jpg\" alt=\"L\u00e9o Sanchez\" width=\"640\" height=\"427\" class=\"size-large wp-image-1595\" srcset=\"https:\/\/blogs.gazetaesportiva.com\/automobilismo\/files\/2024\/03\/434639_1097120_btx20312-1024x683.jpg 1024w, https:\/\/blogs.gazetaesportiva.com\/automobilismo\/files\/2024\/03\/434639_1097120_btx20312-300x200.jpg 300w, https:\/\/blogs.gazetaesportiva.com\/automobilismo\/files\/2024\/03\/434639_1097120_btx20312-768x512.jpg 768w, https:\/\/blogs.gazetaesportiva.com\/automobilismo\/files\/2024\/03\/434639_1097120_btx20312-1536x1024.jpg 1536w, https:\/\/blogs.gazetaesportiva.com\/automobilismo\/files\/2024\/03\/434639_1097120_btx20312-2048x1365.jpg 2048w\" sizes=\"auto, (max-width: 640px) 100vw, 640px\" \/><figcaption id=\"caption-attachment-1595\" class=\"wp-caption-text\">Foto: Bruno Terena<\/figcaption><\/figure>\n<p>E domingo 20h25 tem mais Momento Velocidade aqui na TV Gazeta!<\/p>\n","protected":false},"excerpt":{"rendered":"<p>A F1 teve uma vit\u00f3ria in\u00e9dita, mas com o personagem de sempre: Max Verstappen! O holand\u00eas ganhou o GP da China, uma das \u00fanicas provas <a class=\"read-more\" href=\"https:\/\/blogs.gazetaesportiva.com\/automobilismo\/2024\/04\/25\/f1-stock-car-e-porsche-cup-sao-os-assuntos-do-momento-velocidade-na-tv-gazeta\/\">leia mais<\/a><\/p>\n","protected":false},"author":75,"featured_media":1618,"comment_status":"open","ping_status":"open","sticky":false,"template":"","format":"standard","meta":{"jetpack_post_was_ever_published":false,"_jetpack_newsletter_access":"","_jetpack_dont_email_post_to_subs":false,"_jetpack_newsletter_tier_id":0,"_jetpack_memberships_contains_paywalled_content":false,"_jetpack_memberships_contains_paid_content":false,"footnotes":"","jetpack_publicize_message":"","jetpack_publicize_feature_enabled":true,"jetpack_social_post_already_shared":false,"jetpack_social_options":{"image_generator_settings":{"template":"highway","default_image_id":0,"font":"","enabled":false},"version":2}},"categories":[1],"tags":[],"class_list":["post-1616","post","type-post","status-publish","format-standard","has-post-thumbnail","hentry","category-sem-categoria"],"jetpack_publicize_connections":[],"jetpack_featured_media_url":"https:\/\/blogs.gazetaesportiva.com\/automobilismo\/files\/2024\/04\/RHD16094-scaled.jpg","jetpack_sharing_enabled":true,"jetpack_shortlink":"https:\/\/wp.me\/pblv91-q4","_links":{"self":[{"href":"https:\/\/blogs.gazetaesportiva.com\/automobilismo\/wp-json\/wp\/v2\/posts\/1616","targetHints":{"allow":["GET"]}}],"collection":[{"href":"https:\/\/blogs.gazetaesportiva.com\/automobilismo\/wp-json\/wp\/v2\/posts"}],"about":[{"href":"https:\/\/blogs.gazetaesportiva.com\/automobilismo\/wp-json\/wp\/v2\/types\/post"}],"author":[{"embeddable":true,"href":"https:\/\/blogs.gazetaesportiva.com\/automobilismo\/wp-json\/wp\/v2\/users\/75"}],"replies":[{"embeddable":true,"href":"https:\/\/blogs.gazetaesportiva.com\/automobilismo\/wp-json\/wp\/v2\/comments?post=1616"}],"version-history":[{"count":0,"href":"https:\/\/blogs.gazetaesportiva.com\/automobilismo\/wp-json\/wp\/v2\/posts\/1616\/revisions"}],"wp:featuredmedia":[{"embeddable":true,"href":"https:\/\/blogs.gazetaesportiva.com\/automobilismo\/wp-json\/wp\/v2\/media\/1618"}],"wp:attachment":[{"href":"https:\/\/blogs.gazetaesportiva.com\/automobilismo\/wp-json\/wp\/v2\/media?parent=1616"}],"wp:term":[{"taxonomy":"category","embeddable":true,"href":"https:\/\/blogs.gazetaesportiva.com\/automobilismo\/wp-json\/wp\/v2\/categories?post=1616"},{"taxonomy":"post_tag","embeddable":true,"href":"https:\/\/blogs.gazetaesportiva.com\/automobilismo\/wp-json\/wp\/v2\/tags?post=1616"}],"curies":[{"name":"wp","href":"https:\/\/api.w.org\/{rel}","templated":true}]}}