{"id":1606,"date":"2024-04-15T16:16:42","date_gmt":"2024-04-15T16:16:42","guid":{"rendered":"https:\/\/blogs.gazetaesportiva.com\/automobilismo\/?p=1606"},"modified":"2024-04-15T16:16:42","modified_gmt":"2024-04-15T16:16:42","slug":"carro-campeao-da-toyota-gazoo-racing-no-wec-e-destaque-na-tv-gazeta","status":"publish","type":"post","link":"https:\/\/blogs.gazetaesportiva.com\/automobilismo\/2024\/04\/15\/carro-campeao-da-toyota-gazoo-racing-no-wec-e-destaque-na-tv-gazeta\/","title":{"rendered":"Carro campe\u00e3o da TOYOTA GAZOO RACING no WEC \u00e9 destaque na TV Gazeta"},"content":{"rendered":"<p>O Mundial de Endurance volta ao Brasil em 2024 com as 6 Horas de S\u00e3o Paulo, prova marcada para o Aut\u00f3dromo de Interlagos, na capital paulista para o dia 14 de julho.<\/p>\n<figure id=\"attachment_1607\" aria-describedby=\"caption-attachment-1607\" style=\"width: 640px\" class=\"wp-caption alignnone\"><img loading=\"lazy\" decoding=\"async\" src=\"https:\/\/blogs.gazetaesportiva.com\/automobilismo\/files\/2024\/04\/MSM_8727-1024x683.jpg\" alt=\"\" width=\"640\" height=\"427\" class=\"size-large wp-image-1607\" srcset=\"https:\/\/blogs.gazetaesportiva.com\/automobilismo\/files\/2024\/04\/MSM_8727-1024x683.jpg 1024w, https:\/\/blogs.gazetaesportiva.com\/automobilismo\/files\/2024\/04\/MSM_8727-300x200.jpg 300w, https:\/\/blogs.gazetaesportiva.com\/automobilismo\/files\/2024\/04\/MSM_8727-768x513.jpg 768w, https:\/\/blogs.gazetaesportiva.com\/automobilismo\/files\/2024\/04\/MSM_8727-1536x1025.jpg 1536w, https:\/\/blogs.gazetaesportiva.com\/automobilismo\/files\/2024\/04\/MSM_8727-2048x1367.jpg 2048w\" sizes=\"auto, (max-width: 640px) 100vw, 640px\" \/><figcaption id=\"caption-attachment-1607\" class=\"wp-caption-text\">Foto: divulga\u00e7\u00e3o<\/figcaption><\/figure>\n<p>E o Momento Velocidade na TV Gazeta trouxe uma reportagem especial com o carro da TOYOTA GAZOO Racing, equipe atual pentacampe\u00e3 do mundo de endurance: o Toyota GR010 Hybrid.<\/p>\n<p>A etapa brasileira volta a ser disputada ap\u00f3s um hiato de dez anos e ter\u00e1 sua quarta edi\u00e7\u00e3o realizada no Aut\u00f3dromo de Interlagos. Na atual temporada do Mundial de Endurance, a equipe japonesa est\u00e1 na disputa com dois modelos Toyota GR010 Hybrid.<\/p>\n<p>O carro n\u00famero 7 \u00e9 pilotado por Mike Conway, Kamui Kobayashi e Nyck de Vries, enquanto o equipamento numeral 8 conta em seu time de pilotos com os atuais campe\u00f5es do mundo S\u00e9bastien Buemi, Brendon Hartley e Ryo Hirakawa.<\/p>\n<p>A 6 Horas de S\u00e3o Paulo ser\u00e1 a quinta etapa da temporada, e ser\u00e1 a primeira corrida logo ap\u00f3s a disputa das 24 Horas de Le Mans, mais importante prova de endurance do planeta.<\/p>\n<p>Confira a reportagem sobre a etapa brasileira da WEC com entrevista exclusiva com Daniel Grespan, l\u00edder de projeto TOYOTA GAZOO Racing no Brasil:<\/p>\n<p><iframe loading=\"lazy\" title=\"Prot\u00f3tipo incr\u00edvel da Toyota Gazoo Racing | Gazeta Motors | Webmotors\" width=\"640\" height=\"360\" src=\"https:\/\/www.youtube.com\/embed\/HCzkWHbjMUw?feature=oembed\" frameborder=\"0\" allow=\"accelerometer; autoplay; clipboard-write; encrypted-media; gyroscope; picture-in-picture; web-share\" referrerpolicy=\"strict-origin-when-cross-origin\" allowfullscreen><\/iframe><\/p>\n","protected":false},"excerpt":{"rendered":"<p>O Mundial de Endurance volta ao Brasil em 2024 com as 6 Horas de S\u00e3o Paulo, prova marcada para o Aut\u00f3dromo de Interlagos, na capital <a class=\"read-more\" href=\"https:\/\/blogs.gazetaesportiva.com\/automobilismo\/2024\/04\/15\/carro-campeao-da-toyota-gazoo-racing-no-wec-e-destaque-na-tv-gazeta\/\">leia mais<\/a><\/p>\n","protected":false},"author":75,"featured_media":1607,"comment_status":"open","ping_status":"open","sticky":false,"template":"","format":"standard","meta":{"jetpack_post_was_ever_published":false,"_jetpack_newsletter_access":"","_jetpack_dont_email_post_to_subs":false,"_jetpack_newsletter_tier_id":0,"_jetpack_memberships_contains_paywalled_content":false,"_jetpack_memberships_contains_paid_content":false,"footnotes":"","jetpack_publicize_message":"","jetpack_publicize_feature_enabled":true,"jetpack_social_post_already_shared":false,"jetpack_social_options":{"image_generator_settings":{"template":"highway","default_image_id":0,"font":"","enabled":false},"version":2}},"categories":[1],"tags":[],"class_list":["post-1606","post","type-post","status-publish","format-standard","has-post-thumbnail","hentry","category-sem-categoria"],"jetpack_publicize_connections":[],"jetpack_featured_media_url":"https:\/\/blogs.gazetaesportiva.com\/automobilismo\/files\/2024\/04\/MSM_8727-scaled.jpg","jetpack_sharing_enabled":true,"jetpack_shortlink":"https:\/\/wp.me\/pblv91-pU","_links":{"self":[{"href":"https:\/\/blogs.gazetaesportiva.com\/automobilismo\/wp-json\/wp\/v2\/posts\/1606","targetHints":{"allow":["GET"]}}],"collection":[{"href":"https:\/\/blogs.gazetaesportiva.com\/automobilismo\/wp-json\/wp\/v2\/posts"}],"about":[{"href":"https:\/\/blogs.gazetaesportiva.com\/automobilismo\/wp-json\/wp\/v2\/types\/post"}],"author":[{"embeddable":true,"href":"https:\/\/blogs.gazetaesportiva.com\/automobilismo\/wp-json\/wp\/v2\/users\/75"}],"replies":[{"embeddable":true,"href":"https:\/\/blogs.gazetaesportiva.com\/automobilismo\/wp-json\/wp\/v2\/comments?post=1606"}],"version-history":[{"count":0,"href":"https:\/\/blogs.gazetaesportiva.com\/automobilismo\/wp-json\/wp\/v2\/posts\/1606\/revisions"}],"wp:featuredmedia":[{"embeddable":true,"href":"https:\/\/blogs.gazetaesportiva.com\/automobilismo\/wp-json\/wp\/v2\/media\/1607"}],"wp:attachment":[{"href":"https:\/\/blogs.gazetaesportiva.com\/automobilismo\/wp-json\/wp\/v2\/media?parent=1606"}],"wp:term":[{"taxonomy":"category","embeddable":true,"href":"https:\/\/blogs.gazetaesportiva.com\/automobilismo\/wp-json\/wp\/v2\/categories?post=1606"},{"taxonomy":"post_tag","embeddable":true,"href":"https:\/\/blogs.gazetaesportiva.com\/automobilismo\/wp-json\/wp\/v2\/tags?post=1606"}],"curies":[{"name":"wp","href":"https:\/\/api.w.org\/{rel}","templated":true}]}}