{"id":1604,"date":"2024-04-12T16:15:45","date_gmt":"2024-04-12T16:15:45","guid":{"rendered":"https:\/\/blogs.gazetaesportiva.com\/automobilismo\/?p=1604"},"modified":"2024-04-12T16:15:45","modified_gmt":"2024-04-12T16:15:45","slug":"pedro-clerot-tera-patrocinio-do-banco-brb-em-temporada-de-estreia-na-freca","status":"publish","type":"post","link":"https:\/\/blogs.gazetaesportiva.com\/automobilismo\/2024\/04\/12\/pedro-clerot-tera-patrocinio-do-banco-brb-em-temporada-de-estreia-na-freca\/","title":{"rendered":"Pedro Clerot ter\u00e1 patroc\u00ednio do Banco BRB em temporada de estreia na FRECA"},"content":{"rendered":"<p>Um dos mais promissores brasileiros nas categorias de base da F\u00f3rmula 1, Pedro Clerot ter\u00e1 um apoio importante para sua temporada de estreia na FRECA. A temporada ser\u00e1 aberta nos dias 11 e 12 de maio, em Hockenheim, na Alemanha, e terminar\u00e1 em 26 e 27 de outubro, em Monza, na It\u00e1lia.<\/p>\n<figure id=\"attachment_1605\" aria-describedby=\"caption-attachment-1605\" style=\"width: 640px\" class=\"wp-caption alignnone\"><img loading=\"lazy\" decoding=\"async\" class=\"size-large wp-image-1605\" src=\"https:\/\/blogs.gazetaesportiva.com\/automobilismo\/files\/2024\/04\/BAR_FR_DL-3058-683x1024.jpg\" alt=\"Pedro Clerot\" width=\"640\" height=\"960\" srcset=\"https:\/\/blogs.gazetaesportiva.com\/automobilismo\/files\/2024\/04\/BAR_FR_DL-3058-683x1024.jpg 683w, https:\/\/blogs.gazetaesportiva.com\/automobilismo\/files\/2024\/04\/BAR_FR_DL-3058-200x300.jpg 200w, https:\/\/blogs.gazetaesportiva.com\/automobilismo\/files\/2024\/04\/BAR_FR_DL-3058-768x1152.jpg 768w, https:\/\/blogs.gazetaesportiva.com\/automobilismo\/files\/2024\/04\/BAR_FR_DL-3058-1024x1536.jpg 1024w, https:\/\/blogs.gazetaesportiva.com\/automobilismo\/files\/2024\/04\/BAR_FR_DL-3058-1365x2048.jpg 1365w, https:\/\/blogs.gazetaesportiva.com\/automobilismo\/files\/2024\/04\/BAR_FR_DL-3058-scaled.jpg 1707w\" sizes=\"auto, (max-width: 640px) 100vw, 640px\" \/><figcaption id=\"caption-attachment-1605\" class=\"wp-caption-text\">Foto: Dutch Photo Agency<\/figcaption><\/figure>\n<p>\u201cEstou muito feliz em anunciar que esse ano terei o apoio do Banco BRB, um dos maiores apoiadores do automobilismo brasileiro. Tenho muito orgulho de representar Bras\u00edlia nas pistas internacionais e agora tamb\u00e9m levo comigo e no meu carro o nome do Banco BRB em uma das principais competi\u00e7\u00f5es de f\u00f3rmula do mundo, a FRECA\u201d, disse Clerot.<\/p>\n<p>Primeiro campe\u00e3o da hist\u00f3ria da F4 Brasil, em 2022, Clerot disputou no ano passado a F4 Espanhola, em que venceu duas corridas e acumulou tr\u00eas p\u00f3dios e nove chegadas entre os cinco melhores. Para esta temporada, o piloto de Bras\u00edlia defender\u00e1 a equipe holandesa Van Amersfoort para seu primeiro ano na FRECA.<\/p>\n<p>A categoria passar\u00e1 por alguns dos mais importantes aut\u00f3dromos do planeta em sua temporada de 2024, o que inclui Spa-Francorchamps, Zandvoort, Hungaroring, \u00cdmola, Red Bull Ring, Barcelona e Monza, todos circuitos que recebem nesta temporada Grandes Pr\u00eamios de F\u00f3rmula 1.<\/p>\n","protected":false},"excerpt":{"rendered":"<p>Um dos mais promissores brasileiros nas categorias de base da F\u00f3rmula 1, Pedro Clerot ter\u00e1 um apoio importante para sua temporada de estreia na FRECA. <a class=\"read-more\" href=\"https:\/\/blogs.gazetaesportiva.com\/automobilismo\/2024\/04\/12\/pedro-clerot-tera-patrocinio-do-banco-brb-em-temporada-de-estreia-na-freca\/\">leia mais<\/a><\/p>\n","protected":false},"author":75,"featured_media":1605,"comment_status":"open","ping_status":"open","sticky":false,"template":"","format":"standard","meta":{"jetpack_post_was_ever_published":false,"_jetpack_newsletter_access":"","_jetpack_dont_email_post_to_subs":false,"_jetpack_newsletter_tier_id":0,"_jetpack_memberships_contains_paywalled_content":false,"_jetpack_memberships_contains_paid_content":false,"footnotes":"","jetpack_publicize_message":"","jetpack_publicize_feature_enabled":true,"jetpack_social_post_already_shared":false,"jetpack_social_options":{"image_generator_settings":{"template":"highway","default_image_id":0,"font":"","enabled":false},"version":2}},"categories":[1],"tags":[],"class_list":["post-1604","post","type-post","status-publish","format-standard","has-post-thumbnail","hentry","category-sem-categoria"],"jetpack_publicize_connections":[],"jetpack_featured_media_url":"https:\/\/blogs.gazetaesportiva.com\/automobilismo\/files\/2024\/04\/BAR_FR_DL-3058-scaled.jpg","jetpack_sharing_enabled":true,"jetpack_shortlink":"https:\/\/wp.me\/pblv91-pS","_links":{"self":[{"href":"https:\/\/blogs.gazetaesportiva.com\/automobilismo\/wp-json\/wp\/v2\/posts\/1604","targetHints":{"allow":["GET"]}}],"collection":[{"href":"https:\/\/blogs.gazetaesportiva.com\/automobilismo\/wp-json\/wp\/v2\/posts"}],"about":[{"href":"https:\/\/blogs.gazetaesportiva.com\/automobilismo\/wp-json\/wp\/v2\/types\/post"}],"author":[{"embeddable":true,"href":"https:\/\/blogs.gazetaesportiva.com\/automobilismo\/wp-json\/wp\/v2\/users\/75"}],"replies":[{"embeddable":true,"href":"https:\/\/blogs.gazetaesportiva.com\/automobilismo\/wp-json\/wp\/v2\/comments?post=1604"}],"version-history":[{"count":0,"href":"https:\/\/blogs.gazetaesportiva.com\/automobilismo\/wp-json\/wp\/v2\/posts\/1604\/revisions"}],"wp:featuredmedia":[{"embeddable":true,"href":"https:\/\/blogs.gazetaesportiva.com\/automobilismo\/wp-json\/wp\/v2\/media\/1605"}],"wp:attachment":[{"href":"https:\/\/blogs.gazetaesportiva.com\/automobilismo\/wp-json\/wp\/v2\/media?parent=1604"}],"wp:term":[{"taxonomy":"category","embeddable":true,"href":"https:\/\/blogs.gazetaesportiva.com\/automobilismo\/wp-json\/wp\/v2\/categories?post=1604"},{"taxonomy":"post_tag","embeddable":true,"href":"https:\/\/blogs.gazetaesportiva.com\/automobilismo\/wp-json\/wp\/v2\/tags?post=1604"}],"curies":[{"name":"wp","href":"https:\/\/api.w.org\/{rel}","templated":true}]}}