{"id":1602,"date":"2024-04-01T22:30:23","date_gmt":"2024-04-01T22:30:23","guid":{"rendered":"https:\/\/blogs.gazetaesportiva.com\/automobilismo\/?p=1602"},"modified":"2024-04-01T22:30:23","modified_gmt":"2024-04-01T22:30:23","slug":"terceiro-episodio-de-one-jornada-rumo-a-vitoria-esta-no-ar-na-tv-gazeta","status":"publish","type":"post","link":"https:\/\/blogs.gazetaesportiva.com\/automobilismo\/2024\/04\/01\/terceiro-episodio-de-one-jornada-rumo-a-vitoria-esta-no-ar-na-tv-gazeta\/","title":{"rendered":"Terceiro epis\u00f3dio de ONE \u2013 Jornada Rumo \u00e0 Vit\u00f3ria est\u00e1 no ar na TV Gazeta"},"content":{"rendered":"<p>Nosso reality show com os bastidores da Copa S\u00e3o Paulo de Kart no Kart\u00f3dromo Granja Viana ganhou mais um epis\u00f3dio neste domingo. A exibi\u00e7\u00e3o foi no Momento Velocidade, dentro do Gazeta Motors, pouco antes do Mesa Redonda na TV Gazeta.<\/p>\n<figure id=\"attachment_1582\" aria-describedby=\"caption-attachment-1582\" style=\"width: 640px\" class=\"wp-caption alignnone\"><img loading=\"lazy\" decoding=\"async\" src=\"https:\/\/blogs.gazetaesportiva.com\/automobilismo\/files\/2024\/03\/WhatsApp-Image-2024-03-11-at-11.44.28-682x1024.jpeg\" alt=\"Rodrigo Fran\u00e7a\" width=\"640\" height=\"961\" class=\"size-large wp-image-1582\" srcset=\"https:\/\/blogs.gazetaesportiva.com\/automobilismo\/files\/2024\/03\/WhatsApp-Image-2024-03-11-at-11.44.28-682x1024.jpeg 682w, https:\/\/blogs.gazetaesportiva.com\/automobilismo\/files\/2024\/03\/WhatsApp-Image-2024-03-11-at-11.44.28-200x300.jpeg 200w, https:\/\/blogs.gazetaesportiva.com\/automobilismo\/files\/2024\/03\/WhatsApp-Image-2024-03-11-at-11.44.28-768x1153.jpeg 768w, https:\/\/blogs.gazetaesportiva.com\/automobilismo\/files\/2024\/03\/WhatsApp-Image-2024-03-11-at-11.44.28-1023x1536.jpeg 1023w, https:\/\/blogs.gazetaesportiva.com\/automobilismo\/files\/2024\/03\/WhatsApp-Image-2024-03-11-at-11.44.28.jpeg 1066w\" sizes=\"auto, (max-width: 640px) 100vw, 640px\" \/><figcaption id=\"caption-attachment-1582\" class=\"wp-caption-text\">Foto: divulga\u00e7\u00e3o<\/figcaption><\/figure>\n<p>Batizado de \u201cO tal do lastro de sucesso\u201d, o epis\u00f3dio trouxe a repercuss\u00e3o da vit\u00f3ria de Rodrigo Fran\u00e7a e Leo Reis na etapa de abertura do campeonato, em fevereiro, e a segunda etapa disputada em mar\u00e7o \u2013 na qual Fran\u00e7a teve que competir sozinho, j\u00e1 que Leo estava na Nascar Brasil em Campo Grande, e tamb\u00e9m com um peso adicional de oito quilos, o chamado lastro de sucesso.<\/p>\n<figure id=\"attachment_1596\" aria-describedby=\"caption-attachment-1596\" style=\"width: 640px\" class=\"wp-caption alignnone\"><img loading=\"lazy\" decoding=\"async\" src=\"https:\/\/blogs.gazetaesportiva.com\/automobilismo\/files\/2024\/03\/434591_1096987_807_7786-1-1024x683.jpg\" alt=\"\" width=\"640\" height=\"427\" class=\"size-large wp-image-1596\" srcset=\"https:\/\/blogs.gazetaesportiva.com\/automobilismo\/files\/2024\/03\/434591_1096987_807_7786-1-1024x683.jpg 1024w, https:\/\/blogs.gazetaesportiva.com\/automobilismo\/files\/2024\/03\/434591_1096987_807_7786-1-300x200.jpg 300w, https:\/\/blogs.gazetaesportiva.com\/automobilismo\/files\/2024\/03\/434591_1096987_807_7786-1-768x512.jpg 768w, https:\/\/blogs.gazetaesportiva.com\/automobilismo\/files\/2024\/03\/434591_1096987_807_7786-1-1536x1024.jpg 1536w, https:\/\/blogs.gazetaesportiva.com\/automobilismo\/files\/2024\/03\/434591_1096987_807_7786-1-2048x1366.jpg 2048w\" sizes=\"auto, (max-width: 640px) 100vw, 640px\" \/><figcaption id=\"caption-attachment-1596\" class=\"wp-caption-text\">Foto: Pedro Bragan\u00e7a<\/figcaption><\/figure>\n<p>O epis\u00f3dio contou at\u00e9 com a participa\u00e7\u00e3o especial do bicampe\u00e3o da Stock Car, Gabriel Casagrande. Confira:<\/p>\n<p><iframe loading=\"lazy\" title=\"Terceiro epis\u00f3dio &quot;A jornada rumo \u00e0 vit\u00f3ria&quot; |  Momento Velocidade | Gazeta Motors\" width=\"640\" height=\"360\" src=\"https:\/\/www.youtube.com\/embed\/22DlSW0ThWs?feature=oembed\" frameborder=\"0\" allow=\"accelerometer; autoplay; clipboard-write; encrypted-media; gyroscope; picture-in-picture; web-share\" referrerpolicy=\"strict-origin-when-cross-origin\" allowfullscreen><\/iframe><\/p>\n","protected":false},"excerpt":{"rendered":"<p>Nosso reality show com os bastidores da Copa S\u00e3o Paulo de Kart no Kart\u00f3dromo Granja Viana ganhou mais um epis\u00f3dio neste domingo. A exibi\u00e7\u00e3o foi <a class=\"read-more\" href=\"https:\/\/blogs.gazetaesportiva.com\/automobilismo\/2024\/04\/01\/terceiro-episodio-de-one-jornada-rumo-a-vitoria-esta-no-ar-na-tv-gazeta\/\">leia mais<\/a><\/p>\n","protected":false},"author":75,"featured_media":1582,"comment_status":"open","ping_status":"open","sticky":false,"template":"","format":"standard","meta":{"jetpack_post_was_ever_published":false,"_jetpack_newsletter_access":"","_jetpack_dont_email_post_to_subs":false,"_jetpack_newsletter_tier_id":0,"_jetpack_memberships_contains_paywalled_content":false,"_jetpack_memberships_contains_paid_content":false,"footnotes":"","jetpack_publicize_message":"","jetpack_publicize_feature_enabled":true,"jetpack_social_post_already_shared":false,"jetpack_social_options":{"image_generator_settings":{"template":"highway","default_image_id":0,"font":"","enabled":false},"version":2}},"categories":[1],"tags":[],"class_list":["post-1602","post","type-post","status-publish","format-standard","has-post-thumbnail","hentry","category-sem-categoria"],"jetpack_publicize_connections":[],"jetpack_featured_media_url":"https:\/\/blogs.gazetaesportiva.com\/automobilismo\/files\/2024\/03\/WhatsApp-Image-2024-03-11-at-11.44.28.jpeg","jetpack_sharing_enabled":true,"jetpack_shortlink":"https:\/\/wp.me\/pblv91-pQ","_links":{"self":[{"href":"https:\/\/blogs.gazetaesportiva.com\/automobilismo\/wp-json\/wp\/v2\/posts\/1602","targetHints":{"allow":["GET"]}}],"collection":[{"href":"https:\/\/blogs.gazetaesportiva.com\/automobilismo\/wp-json\/wp\/v2\/posts"}],"about":[{"href":"https:\/\/blogs.gazetaesportiva.com\/automobilismo\/wp-json\/wp\/v2\/types\/post"}],"author":[{"embeddable":true,"href":"https:\/\/blogs.gazetaesportiva.com\/automobilismo\/wp-json\/wp\/v2\/users\/75"}],"replies":[{"embeddable":true,"href":"https:\/\/blogs.gazetaesportiva.com\/automobilismo\/wp-json\/wp\/v2\/comments?post=1602"}],"version-history":[{"count":0,"href":"https:\/\/blogs.gazetaesportiva.com\/automobilismo\/wp-json\/wp\/v2\/posts\/1602\/revisions"}],"wp:featuredmedia":[{"embeddable":true,"href":"https:\/\/blogs.gazetaesportiva.com\/automobilismo\/wp-json\/wp\/v2\/media\/1582"}],"wp:attachment":[{"href":"https:\/\/blogs.gazetaesportiva.com\/automobilismo\/wp-json\/wp\/v2\/media?parent=1602"}],"wp:term":[{"taxonomy":"category","embeddable":true,"href":"https:\/\/blogs.gazetaesportiva.com\/automobilismo\/wp-json\/wp\/v2\/categories?post=1602"},{"taxonomy":"post_tag","embeddable":true,"href":"https:\/\/blogs.gazetaesportiva.com\/automobilismo\/wp-json\/wp\/v2\/tags?post=1602"}],"curies":[{"name":"wp","href":"https:\/\/api.w.org\/{rel}","templated":true}]}}