{"id":1578,"date":"2024-03-06T13:35:40","date_gmt":"2024-03-06T13:35:40","guid":{"rendered":"https:\/\/blogs.gazetaesportiva.com\/automobilismo\/?p=1578"},"modified":"2024-03-06T13:35:40","modified_gmt":"2024-03-06T13:35:40","slug":"tv-gazeta-exibe-reality-show-sobre-kart-one-jornada-rumo-a-vitoria","status":"publish","type":"post","link":"https:\/\/blogs.gazetaesportiva.com\/automobilismo\/2024\/03\/06\/tv-gazeta-exibe-reality-show-sobre-kart-one-jornada-rumo-a-vitoria\/","title":{"rendered":"TV Gazeta exibe reality show sobre kart: One \u2013 Jornada Rumo \u00e0 Vit\u00f3ria"},"content":{"rendered":"<p>Al\u00e9m de apresentar os resultados e as reportagens especiais da Copa S\u00e3o Paulo de Kart na TV Gazeta, o jornalista Rodrigo Fran\u00e7a tamb\u00e9m participar\u00e1 do campeonato na categoria Pro-500 e levar\u00e1 aos telespectadores uma vis\u00e3o diferente das pistas, com um pequeno \u201creality show\u201d de dez epis\u00f3dios mostrando os bastidores do campeonato.<\/p>\n<figure id=\"attachment_1579\" aria-describedby=\"caption-attachment-1579\" style=\"width: 640px\" class=\"wp-caption alignnone\"><img loading=\"lazy\" decoding=\"async\" src=\"https:\/\/blogs.gazetaesportiva.com\/automobilismo\/files\/2024\/03\/434591_1096987_807_7786-1024x683.jpg\" alt=\"Rodrigo Fran\u00e7a\" width=\"640\" height=\"427\" class=\"size-large wp-image-1579\" srcset=\"https:\/\/blogs.gazetaesportiva.com\/automobilismo\/files\/2024\/03\/434591_1096987_807_7786-1024x683.jpg 1024w, https:\/\/blogs.gazetaesportiva.com\/automobilismo\/files\/2024\/03\/434591_1096987_807_7786-300x200.jpg 300w, https:\/\/blogs.gazetaesportiva.com\/automobilismo\/files\/2024\/03\/434591_1096987_807_7786-768x512.jpg 768w, https:\/\/blogs.gazetaesportiva.com\/automobilismo\/files\/2024\/03\/434591_1096987_807_7786-1536x1024.jpg 1536w, https:\/\/blogs.gazetaesportiva.com\/automobilismo\/files\/2024\/03\/434591_1096987_807_7786-2048x1366.jpg 2048w\" sizes=\"auto, (max-width: 640px) 100vw, 640px\" \/><figcaption id=\"caption-attachment-1579\" class=\"wp-caption-text\">Foto: Pedro Bragan\u00e7a<\/figcaption><\/figure>\n<p>Para isso, ele convidou Leo Reis, pentacampe\u00e3o brasileiro de kart e da Copa Shell HB20 e Nascar Brasil para ser sua dupla e \u201ccoach\u201d na temporada completa de 2024.<\/p>\n<p>\u201cJ\u00e1 participo com frequ\u00eancia das competi\u00e7\u00f5es de kart da Copa S\u00e3o Paulo, 500 Milhas e at\u00e9 Brasileiro. Mas desta vez ser\u00e1 diferente: vamos mostrar para o p\u00fablico da TV aberta como \u00e9 a viv\u00eancia de uma competi\u00e7\u00e3o profissional de kart e nada melhor do que ter ao lado o suporte de um jovem talento como Leo Reis e uma equipe super campe\u00e3 como a Car Racing\u201d, diz Fran\u00e7a.<\/p>\n<p>\u201cFiquei muito feliz com o convite para participar deste reality show e mostrar o mundo do kart para que todos possam conhecer um pouco das competi\u00e7\u00f5es. E ser\u00e1 interessante mostrar como um jornalista vai se virar no meio dos profissionais e espero ajudar o Fran\u00e7a a produzir um \u00f3timo conte\u00fado e, claro, subir no p\u00f3dio com frequ\u00eancia\u201d, diz Reis.<\/p>\n<p>A s\u00e9rie \u00e9 batizada de &#8220;One: jornada rumo \u00e0 vit\u00f3ria&#8221; e ter\u00e1 dez epis\u00f3dios, com o primeiro previsto para o in\u00edcio de mar\u00e7o. Confira o primeiro epis\u00f3dio exibido no \u00faltimo domingo aqui:<\/p>\n<p><iframe loading=\"lazy\" title=\"1\u00b0 epis\u00f3dio: A jornada rumo \u00e0 vit\u00f3ria | Momento Velocidade | Gazeta Motors\" width=\"640\" height=\"360\" src=\"https:\/\/www.youtube.com\/embed\/I0_8a52VLKk?feature=oembed\" frameborder=\"0\" allow=\"accelerometer; autoplay; clipboard-write; encrypted-media; gyroscope; picture-in-picture; web-share\" referrerpolicy=\"strict-origin-when-cross-origin\" allowfullscreen><\/iframe><\/p>\n","protected":false},"excerpt":{"rendered":"<p>Al\u00e9m de apresentar os resultados e as reportagens especiais da Copa S\u00e3o Paulo de Kart na TV Gazeta, o jornalista Rodrigo Fran\u00e7a tamb\u00e9m participar\u00e1 do <a class=\"read-more\" href=\"https:\/\/blogs.gazetaesportiva.com\/automobilismo\/2024\/03\/06\/tv-gazeta-exibe-reality-show-sobre-kart-one-jornada-rumo-a-vitoria\/\">leia mais<\/a><\/p>\n","protected":false},"author":75,"featured_media":1579,"comment_status":"open","ping_status":"open","sticky":false,"template":"","format":"standard","meta":{"jetpack_post_was_ever_published":false,"_jetpack_newsletter_access":"","_jetpack_dont_email_post_to_subs":false,"_jetpack_newsletter_tier_id":0,"_jetpack_memberships_contains_paywalled_content":false,"_jetpack_memberships_contains_paid_content":false,"footnotes":"","jetpack_publicize_message":"","jetpack_publicize_feature_enabled":true,"jetpack_social_post_already_shared":false,"jetpack_social_options":{"image_generator_settings":{"template":"highway","default_image_id":0,"font":"","enabled":false},"version":2}},"categories":[1],"tags":[],"class_list":["post-1578","post","type-post","status-publish","format-standard","has-post-thumbnail","hentry","category-sem-categoria"],"jetpack_publicize_connections":[],"jetpack_featured_media_url":"https:\/\/blogs.gazetaesportiva.com\/automobilismo\/files\/2024\/03\/434591_1096987_807_7786.jpg","jetpack_sharing_enabled":true,"jetpack_shortlink":"https:\/\/wp.me\/pblv91-ps","_links":{"self":[{"href":"https:\/\/blogs.gazetaesportiva.com\/automobilismo\/wp-json\/wp\/v2\/posts\/1578","targetHints":{"allow":["GET"]}}],"collection":[{"href":"https:\/\/blogs.gazetaesportiva.com\/automobilismo\/wp-json\/wp\/v2\/posts"}],"about":[{"href":"https:\/\/blogs.gazetaesportiva.com\/automobilismo\/wp-json\/wp\/v2\/types\/post"}],"author":[{"embeddable":true,"href":"https:\/\/blogs.gazetaesportiva.com\/automobilismo\/wp-json\/wp\/v2\/users\/75"}],"replies":[{"embeddable":true,"href":"https:\/\/blogs.gazetaesportiva.com\/automobilismo\/wp-json\/wp\/v2\/comments?post=1578"}],"version-history":[{"count":0,"href":"https:\/\/blogs.gazetaesportiva.com\/automobilismo\/wp-json\/wp\/v2\/posts\/1578\/revisions"}],"wp:featuredmedia":[{"embeddable":true,"href":"https:\/\/blogs.gazetaesportiva.com\/automobilismo\/wp-json\/wp\/v2\/media\/1579"}],"wp:attachment":[{"href":"https:\/\/blogs.gazetaesportiva.com\/automobilismo\/wp-json\/wp\/v2\/media?parent=1578"}],"wp:term":[{"taxonomy":"category","embeddable":true,"href":"https:\/\/blogs.gazetaesportiva.com\/automobilismo\/wp-json\/wp\/v2\/categories?post=1578"},{"taxonomy":"post_tag","embeddable":true,"href":"https:\/\/blogs.gazetaesportiva.com\/automobilismo\/wp-json\/wp\/v2\/tags?post=1578"}],"curies":[{"name":"wp","href":"https:\/\/api.w.org\/{rel}","templated":true}]}}