{"id":1576,"date":"2024-03-04T15:40:37","date_gmt":"2024-03-04T15:40:37","guid":{"rendered":"https:\/\/blogs.gazetaesportiva.com\/automobilismo\/?p=1576"},"modified":"2024-03-04T15:40:37","modified_gmt":"2024-03-04T15:40:37","slug":"copa-sao-paulo-de-kart-definira-vaga-para-mundial-de-rotax-na-classe-max-master","status":"publish","type":"post","link":"https:\/\/blogs.gazetaesportiva.com\/automobilismo\/2024\/03\/04\/copa-sao-paulo-de-kart-definira-vaga-para-mundial-de-rotax-na-classe-max-master\/","title":{"rendered":"Copa S\u00e3o Paulo de Kart definir\u00e1 vaga para Mundial de Rotax na classe Max Master"},"content":{"rendered":"<figure id=\"attachment_1577\" aria-describedby=\"caption-attachment-1577\" style=\"width: 640px\" class=\"wp-caption alignnone\"><img loading=\"lazy\" decoding=\"async\" class=\"size-large wp-image-1577\" src=\"https:\/\/blogs.gazetaesportiva.com\/automobilismo\/files\/2024\/03\/Copa-SP-de-Kart-1a-etapa-1024x683.jpg\" alt=\"\" width=\"640\" height=\"427\" srcset=\"https:\/\/blogs.gazetaesportiva.com\/automobilismo\/files\/2024\/03\/Copa-SP-de-Kart-1a-etapa-1024x683.jpg 1024w, https:\/\/blogs.gazetaesportiva.com\/automobilismo\/files\/2024\/03\/Copa-SP-de-Kart-1a-etapa-300x200.jpg 300w, https:\/\/blogs.gazetaesportiva.com\/automobilismo\/files\/2024\/03\/Copa-SP-de-Kart-1a-etapa-768x512.jpg 768w, https:\/\/blogs.gazetaesportiva.com\/automobilismo\/files\/2024\/03\/Copa-SP-de-Kart-1a-etapa.jpg 1500w\" sizes=\"auto, (max-width: 640px) 100vw, 640px\" \/><figcaption id=\"caption-attachment-1577\" class=\"wp-caption-text\">Categoria Rotax Max Master na Copa SP de Kart &#8211; Pedro Bragan\u00e7a\/ RF1<\/figcaption><\/figure>\n<p>Principal campeonato regional do kartismo brasileiro, a Copa S\u00e3o Paulo de Kart Granja Viana ser\u00e1 palco da defini\u00e7\u00e3o de mais uma vaga para o Rotax RMC Grand Finals, tamb\u00e9m conhecido como Campeonato Mundial de Rotax, que acontecer\u00e1 entre os dias 19 e 26 de outubro, em Sarno, na It\u00e1lia.<\/p>\n<p>Os pilotos inscritos na classe Rotax Max Masters, assim como j\u00e1 acontece em outras classes da Rotax, v\u00e3o disputar a vaga entre 3\u00aa e a 6\u00aa etapas da Copa SP para a defini\u00e7\u00e3o desta vaga. O piloto que somar mais pontos durante essas quatro etapas, considerando os descartes previstos, ser\u00e1 o representante brasileiro na It\u00e1lia, onde vai correr na categoria E20 Master, destinada a karts el\u00e9tricos.<\/p>\n<p>\u201cEstamos muito felizes por termos mais uma vaga garantida para o kartismo brasileiro dentro do Mundial de Rotax. Isso mostra que a parceria com o KGV tem sido um sucesso h\u00e1 muitos anos. Em 2023, o Brasil levou o t\u00edtulo l\u00e1 no Bahrein, fomos muito bem representados em v\u00e1rias categorias e em 2024 n\u00e3o ser\u00e1 diferente\u201d, diz Binho Carcasci, presidente da Bora Karting, empresa representante da Rotax no Brasil.<\/p>\n<p>Em dezembro de 2023, o Brasil foi campe\u00e3o do Mundial de Rotax justamente na classe E20 Master com o piloto Jo\u00e3o Gon\u00e7alves, em competi\u00e7\u00e3o realizada em Sakhir.<\/p>\n<p>A pr\u00f3xima etapa da Copa SP de Kart, segunda em 2024, ser\u00e1 realizada no dia 16 de mar\u00e7o. J\u00e1 a terceira etapa, em que ser\u00e1 iniciada a disputa pela vaga do Mundial, ocorre em 27 de abril. A Rotax Max Master \u00e9 destinada para pilotos com mais de 28 anos de idade.<\/p>\n","protected":false},"excerpt":{"rendered":"<p>Principal campeonato regional do kartismo brasileiro, a Copa S\u00e3o Paulo de Kart Granja Viana ser\u00e1 palco da defini\u00e7\u00e3o de mais uma vaga para o Rotax <a class=\"read-more\" href=\"https:\/\/blogs.gazetaesportiva.com\/automobilismo\/2024\/03\/04\/copa-sao-paulo-de-kart-definira-vaga-para-mundial-de-rotax-na-classe-max-master\/\">leia mais<\/a><\/p>\n","protected":false},"author":75,"featured_media":1577,"comment_status":"open","ping_status":"open","sticky":false,"template":"","format":"standard","meta":{"jetpack_post_was_ever_published":false,"_jetpack_newsletter_access":"","_jetpack_dont_email_post_to_subs":false,"_jetpack_newsletter_tier_id":0,"_jetpack_memberships_contains_paywalled_content":false,"_jetpack_memberships_contains_paid_content":false,"footnotes":"","jetpack_publicize_message":"","jetpack_publicize_feature_enabled":true,"jetpack_social_post_already_shared":false,"jetpack_social_options":{"image_generator_settings":{"template":"highway","default_image_id":0,"font":"","enabled":false},"version":2}},"categories":[1],"tags":[],"class_list":["post-1576","post","type-post","status-publish","format-standard","has-post-thumbnail","hentry","category-sem-categoria"],"jetpack_publicize_connections":[],"jetpack_featured_media_url":"https:\/\/blogs.gazetaesportiva.com\/automobilismo\/files\/2024\/03\/Copa-SP-de-Kart-1a-etapa.jpg","jetpack_sharing_enabled":true,"jetpack_shortlink":"https:\/\/wp.me\/pblv91-pq","_links":{"self":[{"href":"https:\/\/blogs.gazetaesportiva.com\/automobilismo\/wp-json\/wp\/v2\/posts\/1576","targetHints":{"allow":["GET"]}}],"collection":[{"href":"https:\/\/blogs.gazetaesportiva.com\/automobilismo\/wp-json\/wp\/v2\/posts"}],"about":[{"href":"https:\/\/blogs.gazetaesportiva.com\/automobilismo\/wp-json\/wp\/v2\/types\/post"}],"author":[{"embeddable":true,"href":"https:\/\/blogs.gazetaesportiva.com\/automobilismo\/wp-json\/wp\/v2\/users\/75"}],"replies":[{"embeddable":true,"href":"https:\/\/blogs.gazetaesportiva.com\/automobilismo\/wp-json\/wp\/v2\/comments?post=1576"}],"version-history":[{"count":0,"href":"https:\/\/blogs.gazetaesportiva.com\/automobilismo\/wp-json\/wp\/v2\/posts\/1576\/revisions"}],"wp:featuredmedia":[{"embeddable":true,"href":"https:\/\/blogs.gazetaesportiva.com\/automobilismo\/wp-json\/wp\/v2\/media\/1577"}],"wp:attachment":[{"href":"https:\/\/blogs.gazetaesportiva.com\/automobilismo\/wp-json\/wp\/v2\/media?parent=1576"}],"wp:term":[{"taxonomy":"category","embeddable":true,"href":"https:\/\/blogs.gazetaesportiva.com\/automobilismo\/wp-json\/wp\/v2\/categories?post=1576"},{"taxonomy":"post_tag","embeddable":true,"href":"https:\/\/blogs.gazetaesportiva.com\/automobilismo\/wp-json\/wp\/v2\/tags?post=1576"}],"curies":[{"name":"wp","href":"https:\/\/api.w.org\/{rel}","templated":true}]}}