{"id":1574,"date":"2024-03-01T16:25:40","date_gmt":"2024-03-01T16:25:40","guid":{"rendered":"https:\/\/blogs.gazetaesportiva.com\/automobilismo\/?p=1574"},"modified":"2024-03-01T16:25:40","modified_gmt":"2024-03-01T16:25:40","slug":"stock-car-sherwin-williams-renova-e-amplia-parceria-com-o-piloto-atila-abreu","status":"publish","type":"post","link":"https:\/\/blogs.gazetaesportiva.com\/automobilismo\/2024\/03\/01\/stock-car-sherwin-williams-renova-e-amplia-parceria-com-o-piloto-atila-abreu\/","title":{"rendered":"Stock Car: Sherwin-Williams renova e amplia parceria com o piloto \u00c1tila Abreu"},"content":{"rendered":"<p>A Sherwin-Williams, l\u00edder global na fabrica\u00e7\u00e3o, distribui\u00e7\u00e3o e venda de tintas e revestimentos, renova e amplia sua parceria com o piloto \u00c1tila Abreu para a Stock Car, maior competi\u00e7\u00e3o automobil\u00edstica brasileira. Agora, a marca brilha no topo do para-brisa, uma mudan\u00e7a em rela\u00e7\u00e3o \u00e0 sua posi\u00e7\u00e3o na porta do ve\u00edculo na temporada anterior. A abertura desta 35\u00aa edi\u00e7\u00e3o, a partir do pr\u00f3ximo final de semana, acontecer\u00e1 no aut\u00f3dromo de Goi\u00e2nia. <\/p>\n<figure id=\"attachment_1575\" aria-describedby=\"caption-attachment-1575\" style=\"width: 1024px\" class=\"wp-caption alignnone\"><img loading=\"lazy\" decoding=\"async\" src=\"https:\/\/blogs.gazetaesportiva.com\/automobilismo\/files\/2024\/03\/434814_1097559_btx10653_web_.jpg\" alt=\"\u00c1tila Abreu\" width=\"1024\" height=\"683\" class=\"size-full wp-image-1575\" srcset=\"https:\/\/blogs.gazetaesportiva.com\/automobilismo\/files\/2024\/03\/434814_1097559_btx10653_web_.jpg 1024w, https:\/\/blogs.gazetaesportiva.com\/automobilismo\/files\/2024\/03\/434814_1097559_btx10653_web_-300x200.jpg 300w, https:\/\/blogs.gazetaesportiva.com\/automobilismo\/files\/2024\/03\/434814_1097559_btx10653_web_-768x512.jpg 768w\" sizes=\"auto, (max-width: 1024px) 100vw, 1024px\" \/><figcaption id=\"caption-attachment-1575\" class=\"wp-caption-text\">Bruno Terena \/RF1<\/figcaption><\/figure>\n<p>\u201cEstamos muito satisfeitos com a continuidade da parceria. A Sherwin-Williams sempre investiu no esporte, porque acreditamos que o seu poder transformador est\u00e1 alinhado aos nossos valores. Vamos torcer e vibrar juntos para que \u00c1tila Abreu fa\u00e7a uma boa estreia e ven\u00e7a essa e outras etapas\u201d, diz Luiz Piva, diretor de Marketing da Sherwin-Williams.<\/p>\n<p>O piloto \u00c1tila Abreu expressa sua satisfa\u00e7\u00e3o com a renova\u00e7\u00e3o: \u201c\u00c9 uma honra e um privil\u00e9gio carregar as cores da Sherwin-Williams nas pistas. Receber o apoio de uma empresa que reconhece os desafios do esporte faz toda a diferen\u00e7a\u201d, afirma.<br \/>\nOs espectadores vivenciar\u00e3o mudan\u00e7as emocionantes no formato da competi\u00e7\u00e3o. A Stock Car, ao longo do ano, ter\u00e1 12 rodadas duplas, cada uma compreendendo uma corrida curta de 30 minutos no s\u00e1bado, seguida por outra de 50 minutos no domingo. A invers\u00e3o dos 12 melhores tempos no qualifying para determinar o grid de largada promete intensificar a competitividade.<br \/>\nVenha participar e descubra a emo\u00e7\u00e3o da Stock Car com a Sherwin-Williams. <\/p>\n<p>SOBRE A SHERWIN-WILLIAMS<br \/>\nA Sherwin-Williams \u00e9 l\u00edder global na fabrica\u00e7\u00e3o, distribui\u00e7\u00e3o e venda de tintas e revestimentos. A empresa, fundada em 1866, atua no Brasil h\u00e1 80 anos, e figura entre os principais fabricantes do mercado brasileiro. A Sherwin-Williams fornece tintas para os segmentos imobili\u00e1rio, industrial, automotivo, entre outros, al\u00e9m de possuir op\u00e7\u00f5es aerossol e em p\u00f3 contemplando diversas express\u00f5es art\u00edsticas. Possui marcas reconhecidas como Metalatex\u00ae, Novacor\u00ae, Design\u00ae, Super Paint\u00ae e Sumar\u00e9.<\/p>\n","protected":false},"excerpt":{"rendered":"<p>A Sherwin-Williams, l\u00edder global na fabrica\u00e7\u00e3o, distribui\u00e7\u00e3o e venda de tintas e revestimentos, renova e amplia sua parceria com o piloto \u00c1tila Abreu para a <a class=\"read-more\" href=\"https:\/\/blogs.gazetaesportiva.com\/automobilismo\/2024\/03\/01\/stock-car-sherwin-williams-renova-e-amplia-parceria-com-o-piloto-atila-abreu\/\">leia mais<\/a><\/p>\n","protected":false},"author":75,"featured_media":1575,"comment_status":"open","ping_status":"open","sticky":false,"template":"","format":"standard","meta":{"jetpack_post_was_ever_published":false,"_jetpack_newsletter_access":"","_jetpack_dont_email_post_to_subs":false,"_jetpack_newsletter_tier_id":0,"_jetpack_memberships_contains_paywalled_content":false,"_jetpack_memberships_contains_paid_content":false,"footnotes":"","jetpack_publicize_message":"","jetpack_publicize_feature_enabled":true,"jetpack_social_post_already_shared":false,"jetpack_social_options":{"image_generator_settings":{"template":"highway","default_image_id":0,"font":"","enabled":false},"version":2}},"categories":[1],"tags":[],"class_list":["post-1574","post","type-post","status-publish","format-standard","has-post-thumbnail","hentry","category-sem-categoria"],"jetpack_publicize_connections":[],"jetpack_featured_media_url":"https:\/\/blogs.gazetaesportiva.com\/automobilismo\/files\/2024\/03\/434814_1097559_btx10653_web_.jpg","jetpack_sharing_enabled":true,"jetpack_shortlink":"https:\/\/wp.me\/pblv91-po","_links":{"self":[{"href":"https:\/\/blogs.gazetaesportiva.com\/automobilismo\/wp-json\/wp\/v2\/posts\/1574","targetHints":{"allow":["GET"]}}],"collection":[{"href":"https:\/\/blogs.gazetaesportiva.com\/automobilismo\/wp-json\/wp\/v2\/posts"}],"about":[{"href":"https:\/\/blogs.gazetaesportiva.com\/automobilismo\/wp-json\/wp\/v2\/types\/post"}],"author":[{"embeddable":true,"href":"https:\/\/blogs.gazetaesportiva.com\/automobilismo\/wp-json\/wp\/v2\/users\/75"}],"replies":[{"embeddable":true,"href":"https:\/\/blogs.gazetaesportiva.com\/automobilismo\/wp-json\/wp\/v2\/comments?post=1574"}],"version-history":[{"count":0,"href":"https:\/\/blogs.gazetaesportiva.com\/automobilismo\/wp-json\/wp\/v2\/posts\/1574\/revisions"}],"wp:featuredmedia":[{"embeddable":true,"href":"https:\/\/blogs.gazetaesportiva.com\/automobilismo\/wp-json\/wp\/v2\/media\/1575"}],"wp:attachment":[{"href":"https:\/\/blogs.gazetaesportiva.com\/automobilismo\/wp-json\/wp\/v2\/media?parent=1574"}],"wp:term":[{"taxonomy":"category","embeddable":true,"href":"https:\/\/blogs.gazetaesportiva.com\/automobilismo\/wp-json\/wp\/v2\/categories?post=1574"},{"taxonomy":"post_tag","embeddable":true,"href":"https:\/\/blogs.gazetaesportiva.com\/automobilismo\/wp-json\/wp\/v2\/tags?post=1574"}],"curies":[{"name":"wp","href":"https:\/\/api.w.org\/{rel}","templated":true}]}}