{"id":1506,"date":"2023-12-15T20:57:16","date_gmt":"2023-12-15T20:57:16","guid":{"rendered":"https:\/\/blogs.gazetaesportiva.com\/automobilismo\/?p=1506"},"modified":"2023-12-15T20:59:45","modified_gmt":"2023-12-15T20:59:45","slug":"stock-car-tem-disputa-inedita-entre-tres-toyota-corolla-diferentes-em-interlagos","status":"publish","type":"post","link":"https:\/\/blogs.gazetaesportiva.com\/automobilismo\/2023\/12\/15\/stock-car-tem-disputa-inedita-entre-tres-toyota-corolla-diferentes-em-interlagos\/","title":{"rendered":"Stock Car tem disputa in\u00e9dita entre tr\u00eas Toyota Corolla diferentes em Interlagos"},"content":{"rendered":"<figure id=\"attachment_1508\" aria-describedby=\"caption-attachment-1508\" style=\"width: 640px\" class=\"wp-caption alignnone\"><img loading=\"lazy\" decoding=\"async\" class=\"size-large wp-image-1508\" src=\"https:\/\/blogs.gazetaesportiva.com\/automobilismo\/files\/2023\/12\/GR-Corolla-Stock-Car-e-Toyota-Corolla-GR-S-1024x595.jpg\" alt=\"\" width=\"640\" height=\"372\" srcset=\"https:\/\/blogs.gazetaesportiva.com\/automobilismo\/files\/2023\/12\/GR-Corolla-Stock-Car-e-Toyota-Corolla-GR-S-1024x595.jpg 1024w, https:\/\/blogs.gazetaesportiva.com\/automobilismo\/files\/2023\/12\/GR-Corolla-Stock-Car-e-Toyota-Corolla-GR-S-300x174.jpg 300w, https:\/\/blogs.gazetaesportiva.com\/automobilismo\/files\/2023\/12\/GR-Corolla-Stock-Car-e-Toyota-Corolla-GR-S-768x446.jpg 768w, https:\/\/blogs.gazetaesportiva.com\/automobilismo\/files\/2023\/12\/GR-Corolla-Stock-Car-e-Toyota-Corolla-GR-S-1536x893.jpg 1536w, https:\/\/blogs.gazetaesportiva.com\/automobilismo\/files\/2023\/12\/GR-Corolla-Stock-Car-e-Toyota-Corolla-GR-S-2048x1190.jpg 2048w\" sizes=\"auto, (max-width: 640px) 100vw, 640px\" \/><figcaption id=\"caption-attachment-1508\" class=\"wp-caption-text\">GR Corolla, Stock Car e Corolla GR-S em Interlagos &#8211; Foto: Divulga\u00e7\u00e3o<\/figcaption><\/figure>\n<p>Voc\u00ea j\u00e1 imaginou uma disputa entre um carro de rua e um Stock Car? A TOYOTA GAZOO Racing foi al\u00e9m, e promoveu uma disputa completamente in\u00e9dita em mais de 40 anos de Stock Car.<\/p>\n<p>A divis\u00e3o esportiva da Toyota colocou na pistas tr\u00eas Corolla diferentes para acelerar em Interlagos: o GR Corolla, Corolla GR-S e o Stock Car. Os carros foram pilotos por Tony Kanaan, piloto da Texaco Racing, Maur\u00edcio Ferreira, chefe de equipe da Full Time Sports, e Mat\u00edas Rossi, piloto da TOYOTA GAZOO Racing.<\/p>\n<p>\u201cFoi uma disputa muito divertida, \u00e9 a primeira vez que eu fa\u00e7o algo assim, com tr\u00eas Corolla diferentes. A diferen\u00e7a do Stock Car para o GR Corolla foi em torno de 15 segundos e para o Corolla GR-S uns 35 segundos, ent\u00e3o \u00e9 legal para o p\u00fablico saber como eles se comportam na mesma pista\u201d, diz Rossi.<\/p>\n<p>Tony Kanaan, campe\u00e3o das 500 Milhas Indian\u00e1polis da Indy e piloto da Texaco Racing, tamb\u00e9m aprovou a experi\u00eancia ao guiar o GR Corolla em Interlagos nessa a\u00e7\u00e3o in\u00e9dita.<\/p>\n<p>\u201cNunca tinha feito um desafio desse tipo. Eu sabia que o Stock Car iria ganhar por j\u00e1 ter andado nos tr\u00eas carros, mas foi especial porque n\u00f3s conseguimos calcular a diferen\u00e7a entre eles super bem. Foi bacana chegarmos os tr\u00eas juntos ali na linha de chegada\u201d, diz Tony.<\/p>\n<p>A etapa de Interlagos deste domingo marca o encerramento da temporada 2023, al\u00e9m de definir o grande o campe\u00e3o. A rodada dupla ser\u00e1 disputada a partir de 14h30.<\/p>\n","protected":false},"excerpt":{"rendered":"<p>Voc\u00ea j\u00e1 imaginou uma disputa entre um carro de rua e um Stock Car? A TOYOTA GAZOO Racing foi al\u00e9m, e promoveu uma disputa completamente <a class=\"read-more\" href=\"https:\/\/blogs.gazetaesportiva.com\/automobilismo\/2023\/12\/15\/stock-car-tem-disputa-inedita-entre-tres-toyota-corolla-diferentes-em-interlagos\/\">leia mais<\/a><\/p>\n","protected":false},"author":75,"featured_media":1508,"comment_status":"open","ping_status":"open","sticky":false,"template":"","format":"standard","meta":{"jetpack_post_was_ever_published":false,"_jetpack_newsletter_access":"","_jetpack_dont_email_post_to_subs":false,"_jetpack_newsletter_tier_id":0,"_jetpack_memberships_contains_paywalled_content":false,"_jetpack_memberships_contains_paid_content":false,"footnotes":"","jetpack_publicize_message":"","jetpack_publicize_feature_enabled":true,"jetpack_social_post_already_shared":false,"jetpack_social_options":{"image_generator_settings":{"template":"highway","default_image_id":0,"font":"","enabled":false},"version":2}},"categories":[1],"tags":[42,15,40],"class_list":["post-1506","post","type-post","status-publish","format-standard","has-post-thumbnail","hentry","category-sem-categoria","tag-interlagos","tag-stock-car","tag-toyota"],"jetpack_publicize_connections":[],"jetpack_featured_media_url":"https:\/\/blogs.gazetaesportiva.com\/automobilismo\/files\/2023\/12\/GR-Corolla-Stock-Car-e-Toyota-Corolla-GR-S-scaled.jpg","jetpack_sharing_enabled":true,"jetpack_shortlink":"https:\/\/wp.me\/pblv91-oi","_links":{"self":[{"href":"https:\/\/blogs.gazetaesportiva.com\/automobilismo\/wp-json\/wp\/v2\/posts\/1506","targetHints":{"allow":["GET"]}}],"collection":[{"href":"https:\/\/blogs.gazetaesportiva.com\/automobilismo\/wp-json\/wp\/v2\/posts"}],"about":[{"href":"https:\/\/blogs.gazetaesportiva.com\/automobilismo\/wp-json\/wp\/v2\/types\/post"}],"author":[{"embeddable":true,"href":"https:\/\/blogs.gazetaesportiva.com\/automobilismo\/wp-json\/wp\/v2\/users\/75"}],"replies":[{"embeddable":true,"href":"https:\/\/blogs.gazetaesportiva.com\/automobilismo\/wp-json\/wp\/v2\/comments?post=1506"}],"version-history":[{"count":0,"href":"https:\/\/blogs.gazetaesportiva.com\/automobilismo\/wp-json\/wp\/v2\/posts\/1506\/revisions"}],"wp:featuredmedia":[{"embeddable":true,"href":"https:\/\/blogs.gazetaesportiva.com\/automobilismo\/wp-json\/wp\/v2\/media\/1508"}],"wp:attachment":[{"href":"https:\/\/blogs.gazetaesportiva.com\/automobilismo\/wp-json\/wp\/v2\/media?parent=1506"}],"wp:term":[{"taxonomy":"category","embeddable":true,"href":"https:\/\/blogs.gazetaesportiva.com\/automobilismo\/wp-json\/wp\/v2\/categories?post=1506"},{"taxonomy":"post_tag","embeddable":true,"href":"https:\/\/blogs.gazetaesportiva.com\/automobilismo\/wp-json\/wp\/v2\/tags?post=1506"}],"curies":[{"name":"wp","href":"https:\/\/api.w.org\/{rel}","templated":true}]}}