{"id":1502,"date":"2023-12-13T12:10:28","date_gmt":"2023-12-13T12:10:28","guid":{"rendered":"https:\/\/blogs.gazetaesportiva.com\/automobilismo\/?p=1502"},"modified":"2023-12-13T12:10:28","modified_gmt":"2023-12-13T12:10:28","slug":"titulo-eletrizante-na-truck-decisao-em-interlagos-e-girls-like-racing-no-momento-velocidade","status":"publish","type":"post","link":"https:\/\/blogs.gazetaesportiva.com\/automobilismo\/2023\/12\/13\/titulo-eletrizante-na-truck-decisao-em-interlagos-e-girls-like-racing-no-momento-velocidade\/","title":{"rendered":"T\u00edtulo eletrizante na Truck, decis\u00e3o em Interlagos e Girls Like Racing no Momento Velocidade"},"content":{"rendered":"<p>O Momento Velocidade desta semana dentro do Gazeta Esportiva ao vivo na noite desta ter\u00e7a trouxe uma reportagem sobre a decis\u00e3o eletrizante na Truck.<\/p>\n<figure id=\"attachment_1503\" aria-describedby=\"caption-attachment-1503\" style=\"width: 640px\" class=\"wp-caption alignnone\"><img loading=\"lazy\" decoding=\"async\" src=\"https:\/\/blogs.gazetaesportiva.com\/automobilismo\/files\/2023\/12\/WhatsApp-Image-2023-12-10-at-16.49.14-1024x682.jpeg\" alt=\"Copa Truck\" width=\"640\" height=\"426\" class=\"size-large wp-image-1503\" srcset=\"https:\/\/blogs.gazetaesportiva.com\/automobilismo\/files\/2023\/12\/WhatsApp-Image-2023-12-10-at-16.49.14-1024x682.jpeg 1024w, https:\/\/blogs.gazetaesportiva.com\/automobilismo\/files\/2023\/12\/WhatsApp-Image-2023-12-10-at-16.49.14-300x200.jpeg 300w, https:\/\/blogs.gazetaesportiva.com\/automobilismo\/files\/2023\/12\/WhatsApp-Image-2023-12-10-at-16.49.14-768x512.jpeg 768w, https:\/\/blogs.gazetaesportiva.com\/automobilismo\/files\/2023\/12\/WhatsApp-Image-2023-12-10-at-16.49.14-1536x1023.jpeg 1536w, https:\/\/blogs.gazetaesportiva.com\/automobilismo\/files\/2023\/12\/WhatsApp-Image-2023-12-10-at-16.49.14.jpeg 1600w\" sizes=\"auto, (max-width: 640px) 100vw, 640px\" \/><figcaption id=\"caption-attachment-1503\" class=\"wp-caption-text\">Felipe Giaffone. (Foto: Vanderley Soares)<\/figcaption><\/figure>\n<p>O t\u00edtulo da temporada  foi decidido com um duelo direto entre os dois candidatos ao t\u00edtulo, Roberval Andrade e Felipe Giaffone<\/p>\n<p>O Felipe ganhou a primeira corrida e o Roberval foi oitavo, e com isso assumiu a lideran\u00e7a. Mas na corrida 2 Roberval saiu na pole por causa do grid invertido. O piloto da Volkswagen foi pra cima, ficou na frente do rival e fechou o ano com os 3 t\u00edtulos em fam\u00edlia: ele na Truck, o Nic Giaffone na USF Juniors e o Tito na Copa S\u00e3o Paulo.<\/p>\n<p>Os 3 v\u00e3o acelerar juntos nas 500 Milhas de Kart na semana que vem na Granja Viana, prova que vai ter tamb\u00e9m Rubens Barrichello, Felipe Drugovich, Antonio Felix da Costa, Gabriel Bortoleto, Leo e Rafa Reis, enfim, campe\u00f5es de diversas categorias \u2013 inclusive a reportagem da TV Gazeta, j\u00e1 que vou acelerar o kart 1 da equipe Car Racing!<\/p>\n<figure id=\"attachment_1504\" aria-describedby=\"caption-attachment-1504\" style=\"width: 640px\" class=\"wp-caption alignnone\"><img loading=\"lazy\" decoding=\"async\" src=\"https:\/\/blogs.gazetaesportiva.com\/automobilismo\/files\/2023\/12\/20231211_PedroClerot_01_VAR-1024x683.jpg\" alt=\"Pedro Clerot\" width=\"640\" height=\"427\" class=\"size-large wp-image-1504\" srcset=\"https:\/\/blogs.gazetaesportiva.com\/automobilismo\/files\/2023\/12\/20231211_PedroClerot_01_VAR-1024x683.jpg 1024w, https:\/\/blogs.gazetaesportiva.com\/automobilismo\/files\/2023\/12\/20231211_PedroClerot_01_VAR-300x200.jpg 300w, https:\/\/blogs.gazetaesportiva.com\/automobilismo\/files\/2023\/12\/20231211_PedroClerot_01_VAR-768x512.jpg 768w, https:\/\/blogs.gazetaesportiva.com\/automobilismo\/files\/2023\/12\/20231211_PedroClerot_01_VAR.jpg 1500w\" sizes=\"auto, (max-width: 640px) 100vw, 640px\" \/><figcaption id=\"caption-attachment-1504\" class=\"wp-caption-text\">Pedro Clerot. (Foto: VAR)<\/figcaption><\/figure>\n<p>E por falar em campe\u00f5es, o atual campe\u00e3o da F4 Brasil anunciou que vai correr na Formula Regional Europeia em 2024. Pedro Clerot vai correr na equipe holandesa VAR, que inclusive j\u00e1 teve Max Verstappen como piloto.<\/p>\n<figure id=\"attachment_1505\" aria-describedby=\"caption-attachment-1505\" style=\"width: 640px\" class=\"wp-caption alignnone\"><img loading=\"lazy\" decoding=\"async\" src=\"https:\/\/blogs.gazetaesportiva.com\/automobilismo\/files\/2023\/12\/429310_1080808_20230825_dudabairros_4121-1-1024x683.jpg\" alt=\"Tony Kanaan\" width=\"640\" height=\"427\" class=\"size-large wp-image-1505\" srcset=\"https:\/\/blogs.gazetaesportiva.com\/automobilismo\/files\/2023\/12\/429310_1080808_20230825_dudabairros_4121-1-1024x683.jpg 1024w, https:\/\/blogs.gazetaesportiva.com\/automobilismo\/files\/2023\/12\/429310_1080808_20230825_dudabairros_4121-1-300x200.jpg 300w, https:\/\/blogs.gazetaesportiva.com\/automobilismo\/files\/2023\/12\/429310_1080808_20230825_dudabairros_4121-1-768x512.jpg 768w, https:\/\/blogs.gazetaesportiva.com\/automobilismo\/files\/2023\/12\/429310_1080808_20230825_dudabairros_4121-1-1536x1024.jpg 1536w, https:\/\/blogs.gazetaesportiva.com\/automobilismo\/files\/2023\/12\/429310_1080808_20230825_dudabairros_4121-1-2048x1366.jpg 2048w\" sizes=\"auto, (max-width: 640px) 100vw, 640px\" \/><figcaption id=\"caption-attachment-1505\" class=\"wp-caption-text\">Tony Kanaan. (Foto: Duda Bairros)<\/figcaption><\/figure>\n<p>A semana tamb\u00e9m tem decis\u00e3o da Stock Car em Interlagos. Gabriel Casagrande \u00e9 o favorito, mas outros seis pilotos tem chance matem\u00e1tica. E tem campe\u00e3o da Indy querendo roubar a cena em S\u00e3o Paulo: Tony Kanaan, que \u00e9 piloto da Texaco Racing e diretor da McLaren na Indy e F1.<\/p>\n<p>Neste domingo vamos trazer uma mat\u00e9ria especial sobre o projeto Girls Like Racing, que busca aumentar a participa\u00e7\u00e3o das mulheres no esporte. E a Toyota Gazoo Racing levou profissionais de diversas \u00e1reas para conhecer os bastidores da Stock Car, como explica o piloto Cesar Ramos.<\/p>\n<p><iframe loading=\"lazy\" title=\"Fim de semana com decis\u00e3o da Stock Car em Interlagos! | MOMENTO VELOCIDADE (12\/12\/23)\" width=\"640\" height=\"360\" src=\"https:\/\/www.youtube.com\/embed\/yzai3kgXWXg?feature=oembed\" frameborder=\"0\" allow=\"accelerometer; autoplay; clipboard-write; encrypted-media; gyroscope; picture-in-picture; web-share\" referrerpolicy=\"strict-origin-when-cross-origin\" allowfullscreen><\/iframe><\/p>\n<p>A mat\u00e9ria completa voc\u00ea v\u00ea domingo, 20h25, no Momento Velocidade aqui na TV Gazeta.<\/p>\n","protected":false},"excerpt":{"rendered":"<p>O Momento Velocidade desta semana dentro do Gazeta Esportiva ao vivo na noite desta ter\u00e7a trouxe uma reportagem sobre a decis\u00e3o eletrizante na Truck. O <a class=\"read-more\" href=\"https:\/\/blogs.gazetaesportiva.com\/automobilismo\/2023\/12\/13\/titulo-eletrizante-na-truck-decisao-em-interlagos-e-girls-like-racing-no-momento-velocidade\/\">leia mais<\/a><\/p>\n","protected":false},"author":75,"featured_media":1503,"comment_status":"open","ping_status":"open","sticky":false,"template":"","format":"standard","meta":{"jetpack_post_was_ever_published":false,"_jetpack_newsletter_access":"","_jetpack_dont_email_post_to_subs":false,"_jetpack_newsletter_tier_id":0,"_jetpack_memberships_contains_paywalled_content":false,"_jetpack_memberships_contains_paid_content":false,"footnotes":"","jetpack_publicize_message":"","jetpack_publicize_feature_enabled":true,"jetpack_social_post_already_shared":false,"jetpack_social_options":{"image_generator_settings":{"template":"highway","default_image_id":0,"font":"","enabled":false},"version":2}},"categories":[1],"tags":[],"class_list":["post-1502","post","type-post","status-publish","format-standard","has-post-thumbnail","hentry","category-sem-categoria"],"jetpack_publicize_connections":[],"jetpack_featured_media_url":"https:\/\/blogs.gazetaesportiva.com\/automobilismo\/files\/2023\/12\/WhatsApp-Image-2023-12-10-at-16.49.14.jpeg","jetpack_sharing_enabled":true,"jetpack_shortlink":"https:\/\/wp.me\/pblv91-oe","_links":{"self":[{"href":"https:\/\/blogs.gazetaesportiva.com\/automobilismo\/wp-json\/wp\/v2\/posts\/1502","targetHints":{"allow":["GET"]}}],"collection":[{"href":"https:\/\/blogs.gazetaesportiva.com\/automobilismo\/wp-json\/wp\/v2\/posts"}],"about":[{"href":"https:\/\/blogs.gazetaesportiva.com\/automobilismo\/wp-json\/wp\/v2\/types\/post"}],"author":[{"embeddable":true,"href":"https:\/\/blogs.gazetaesportiva.com\/automobilismo\/wp-json\/wp\/v2\/users\/75"}],"replies":[{"embeddable":true,"href":"https:\/\/blogs.gazetaesportiva.com\/automobilismo\/wp-json\/wp\/v2\/comments?post=1502"}],"version-history":[{"count":0,"href":"https:\/\/blogs.gazetaesportiva.com\/automobilismo\/wp-json\/wp\/v2\/posts\/1502\/revisions"}],"wp:featuredmedia":[{"embeddable":true,"href":"https:\/\/blogs.gazetaesportiva.com\/automobilismo\/wp-json\/wp\/v2\/media\/1503"}],"wp:attachment":[{"href":"https:\/\/blogs.gazetaesportiva.com\/automobilismo\/wp-json\/wp\/v2\/media?parent=1502"}],"wp:term":[{"taxonomy":"category","embeddable":true,"href":"https:\/\/blogs.gazetaesportiva.com\/automobilismo\/wp-json\/wp\/v2\/categories?post=1502"},{"taxonomy":"post_tag","embeddable":true,"href":"https:\/\/blogs.gazetaesportiva.com\/automobilismo\/wp-json\/wp\/v2\/tags?post=1502"}],"curies":[{"name":"wp","href":"https:\/\/api.w.org\/{rel}","templated":true}]}}