{"id":1329,"date":"2023-06-12T17:32:48","date_gmt":"2023-06-12T17:32:48","guid":{"rendered":"https:\/\/blogs.gazetaesportiva.com\/automobilismo\/?p=1329"},"modified":"2023-06-12T17:32:48","modified_gmt":"2023-06-12T17:32:48","slug":"beto-monteiro-e-um-feito-inedito-no-brasil-correr-de-nascar-e-truck-no-mesmo-dia","status":"publish","type":"post","link":"https:\/\/blogs.gazetaesportiva.com\/automobilismo\/2023\/06\/12\/beto-monteiro-e-um-feito-inedito-no-brasil-correr-de-nascar-e-truck-no-mesmo-dia\/","title":{"rendered":"Beto Monteiro e um feito in\u00e9dito no Brasil: correr de Nascar e Truck no mesmo dia"},"content":{"rendered":"<p>Um dos principais nomes do automobilismo brasileiro na atualidade, Beto Monteiro tem encarado uma verdadeira maratona na temporada 2023. O piloto correr\u00e1 as etapas de abertura da Copa Truck e da Nascar Brasil, novo nome da GT Sprint Race, que passa a ser chancelada pela categoria americana.<\/p>\n<figure id=\"attachment_1330\" aria-describedby=\"caption-attachment-1330\" style=\"width: 640px\" class=\"wp-caption alignnone\"><img loading=\"lazy\" decoding=\"async\" class=\"size-large wp-image-1330\" src=\"https:\/\/blogs.gazetaesportiva.com\/automobilismo\/files\/2023\/06\/419795_1051104_whatsapp_image_2023_03_16_at_19.54.57-1024x682.jpeg\" alt=\"Beto Monteiro\" width=\"640\" height=\"426\" srcset=\"https:\/\/blogs.gazetaesportiva.com\/automobilismo\/files\/2023\/06\/419795_1051104_whatsapp_image_2023_03_16_at_19.54.57-1024x682.jpeg 1024w, https:\/\/blogs.gazetaesportiva.com\/automobilismo\/files\/2023\/06\/419795_1051104_whatsapp_image_2023_03_16_at_19.54.57-300x200.jpeg 300w, https:\/\/blogs.gazetaesportiva.com\/automobilismo\/files\/2023\/06\/419795_1051104_whatsapp_image_2023_03_16_at_19.54.57-768x512.jpeg 768w, https:\/\/blogs.gazetaesportiva.com\/automobilismo\/files\/2023\/06\/419795_1051104_whatsapp_image_2023_03_16_at_19.54.57-1536x1023.jpeg 1536w, https:\/\/blogs.gazetaesportiva.com\/automobilismo\/files\/2023\/06\/419795_1051104_whatsapp_image_2023_03_16_at_19.54.57-120x80.jpeg 120w, https:\/\/blogs.gazetaesportiva.com\/automobilismo\/files\/2023\/06\/419795_1051104_whatsapp_image_2023_03_16_at_19.54.57.jpeg 1600w\" sizes=\"auto, (max-width: 640px) 100vw, 640px\" \/><figcaption id=\"caption-attachment-1330\" class=\"wp-caption-text\">Foto: Vanderley Soares<\/figcaption><\/figure>\n<p>Com patroc\u00ednio da Universal Solu\u00e7\u00f5es Automotivas, o pernambucano tem um dos mais vitoriosos pilotos em corridas de caminh\u00f5es do Brasil, possui experi\u00eancia atuando em provas de divis\u00f5es regionais da categoria mais popular dos Estados Unidos.<\/p>\n<p>Na Nascar, ali\u00e1s, \u00e9 comum que um piloto dispute mais de uma prova no final de semana, exatamente o que ocorrer\u00e1 com Monteiro neste final de semana, em ve\u00edculos dos mais diferentes, como explicou em reportagem especial exibida na noite deste domingo no Momento Velocidade da TV Gazeta.<\/p>\n<p>\u201c\u00c9 um final de semana bem agitado, j\u00e1 que disputarei tr\u00eas corridas com a Copa Truck e a Nascar Brasil. Ser\u00e3o dias que exigir\u00e3o muito fisicamente, mas tamb\u00e9m mentalmente, j\u00e1 que s\u00e3o carros e estilos de prova muito diferentes. Mas me sinto muito preparado para conseguir os melhores resultados nas duas categorias\u201d, disse Beto Monteiro, que \u00e9 o atual l\u00edder da Copa Truck.<\/p>\n<p>Confira a reportagem completa do Momento Velocidade:<\/p>\n<p><iframe loading=\"lazy\" title=\"Nascar e Copa Truck l Momento Velocidade | Gazeta Shopping\" width=\"640\" height=\"360\" src=\"https:\/\/www.youtube.com\/embed\/E1pm4JD5D78?feature=oembed\" frameborder=\"0\" allow=\"accelerometer; autoplay; clipboard-write; encrypted-media; gyroscope; picture-in-picture; web-share\" referrerpolicy=\"strict-origin-when-cross-origin\" allowfullscreen><\/iframe><\/p>\n","protected":false},"excerpt":{"rendered":"<p>Um dos principais nomes do automobilismo brasileiro na atualidade, Beto Monteiro tem encarado uma verdadeira maratona na temporada 2023. O piloto correr\u00e1 as etapas de <a class=\"read-more\" href=\"https:\/\/blogs.gazetaesportiva.com\/automobilismo\/2023\/06\/12\/beto-monteiro-e-um-feito-inedito-no-brasil-correr-de-nascar-e-truck-no-mesmo-dia\/\">leia mais<\/a><\/p>\n","protected":false},"author":75,"featured_media":1330,"comment_status":"open","ping_status":"open","sticky":false,"template":"","format":"standard","meta":{"jetpack_post_was_ever_published":false,"_jetpack_newsletter_access":"","_jetpack_dont_email_post_to_subs":false,"_jetpack_newsletter_tier_id":0,"_jetpack_memberships_contains_paywalled_content":false,"_jetpack_memberships_contains_paid_content":false,"footnotes":"","jetpack_publicize_message":"","jetpack_publicize_feature_enabled":true,"jetpack_social_post_already_shared":false,"jetpack_social_options":{"image_generator_settings":{"template":"highway","default_image_id":0,"font":"","enabled":false},"version":2}},"categories":[1],"tags":[],"class_list":["post-1329","post","type-post","status-publish","format-standard","has-post-thumbnail","hentry","category-sem-categoria"],"jetpack_publicize_connections":[],"jetpack_featured_media_url":"https:\/\/blogs.gazetaesportiva.com\/automobilismo\/files\/2023\/06\/419795_1051104_whatsapp_image_2023_03_16_at_19.54.57.jpeg","jetpack_sharing_enabled":true,"jetpack_shortlink":"https:\/\/wp.me\/pblv91-lr","_links":{"self":[{"href":"https:\/\/blogs.gazetaesportiva.com\/automobilismo\/wp-json\/wp\/v2\/posts\/1329","targetHints":{"allow":["GET"]}}],"collection":[{"href":"https:\/\/blogs.gazetaesportiva.com\/automobilismo\/wp-json\/wp\/v2\/posts"}],"about":[{"href":"https:\/\/blogs.gazetaesportiva.com\/automobilismo\/wp-json\/wp\/v2\/types\/post"}],"author":[{"embeddable":true,"href":"https:\/\/blogs.gazetaesportiva.com\/automobilismo\/wp-json\/wp\/v2\/users\/75"}],"replies":[{"embeddable":true,"href":"https:\/\/blogs.gazetaesportiva.com\/automobilismo\/wp-json\/wp\/v2\/comments?post=1329"}],"version-history":[{"count":0,"href":"https:\/\/blogs.gazetaesportiva.com\/automobilismo\/wp-json\/wp\/v2\/posts\/1329\/revisions"}],"wp:featuredmedia":[{"embeddable":true,"href":"https:\/\/blogs.gazetaesportiva.com\/automobilismo\/wp-json\/wp\/v2\/media\/1330"}],"wp:attachment":[{"href":"https:\/\/blogs.gazetaesportiva.com\/automobilismo\/wp-json\/wp\/v2\/media?parent=1329"}],"wp:term":[{"taxonomy":"category","embeddable":true,"href":"https:\/\/blogs.gazetaesportiva.com\/automobilismo\/wp-json\/wp\/v2\/categories?post=1329"},{"taxonomy":"post_tag","embeddable":true,"href":"https:\/\/blogs.gazetaesportiva.com\/automobilismo\/wp-json\/wp\/v2\/tags?post=1329"}],"curies":[{"name":"wp","href":"https:\/\/api.w.org\/{rel}","templated":true}]}}