{"id":1315,"date":"2023-06-07T12:25:53","date_gmt":"2023-06-07T12:25:53","guid":{"rendered":"https:\/\/blogs.gazetaesportiva.com\/automobilismo\/?p=1315"},"modified":"2023-06-07T12:26:39","modified_gmt":"2023-06-07T12:26:39","slug":"momento-velocidade-repercute-vitorias-de-verstappen-na-f1-e-nascar-e-truck-em-londrina-1","status":"publish","type":"post","link":"https:\/\/blogs.gazetaesportiva.com\/automobilismo\/2023\/06\/07\/momento-velocidade-repercute-vitorias-de-verstappen-na-f1-e-nascar-e-truck-em-londrina-1\/","title":{"rendered":"Momento Velocidade repercute vit\u00f3rias de Verstappen na F1 e Nascar e Truck em Londrina"},"content":{"rendered":"<p>Depois de duas semanas cobrindo a F1 in loco, nos GPs de M\u00f4naco e Espanha, ontem foi a vez de apresentar no est\u00fadio o Momento Velocidade ao vivo dentro do Gazeta Esportiva na TV Gazeta.<\/p>\n<p>Falamos das duas corridas bem movimentadas, mas as duas com o mesmo vencedor: Max Verstappen!<\/p>\n<figure id=\"attachment_1320\" aria-describedby=\"caption-attachment-1320\" style=\"width: 640px\" class=\"wp-caption alignnone\"><img loading=\"lazy\" decoding=\"async\" class=\"size-large wp-image-1320\" src=\"https:\/\/blogs.gazetaesportiva.com\/automobilismo\/files\/2023\/06\/20230603_F1_Espanha_MaxVerstappen_04_GettyImages-1024x683.jpg\" alt=\"\" width=\"640\" height=\"427\" srcset=\"https:\/\/blogs.gazetaesportiva.com\/automobilismo\/files\/2023\/06\/20230603_F1_Espanha_MaxVerstappen_04_GettyImages-1024x683.jpg 1024w, https:\/\/blogs.gazetaesportiva.com\/automobilismo\/files\/2023\/06\/20230603_F1_Espanha_MaxVerstappen_04_GettyImages-300x200.jpg 300w, https:\/\/blogs.gazetaesportiva.com\/automobilismo\/files\/2023\/06\/20230603_F1_Espanha_MaxVerstappen_04_GettyImages-768x512.jpg 768w, https:\/\/blogs.gazetaesportiva.com\/automobilismo\/files\/2023\/06\/20230603_F1_Espanha_MaxVerstappen_04_GettyImages-120x80.jpg 120w, https:\/\/blogs.gazetaesportiva.com\/automobilismo\/files\/2023\/06\/20230603_F1_Espanha_MaxVerstappen_04_GettyImages.jpg 1500w\" sizes=\"auto, (max-width: 640px) 100vw, 640px\" \/><figcaption id=\"caption-attachment-1320\" class=\"wp-caption-text\">Max Verstappen. (Foto: Getty Images)<\/figcaption><\/figure>\n<p>O piloto da Red Bull ganhou as duas provas e disparou rumo ao tricampeonato. Ele agora est\u00e1 a apenas 1 GP de uma marca hist\u00f3rica: as 41 vit\u00f3rias de Ayrton Senna. Em Barcelona, eu tamb\u00e9m acompanhei a F3, onde tem Brasil liderando, com o jovem talento Gabriel Bortoleto. Nosso pa\u00eds tamb\u00e9m est\u00e1 brilhando na F2, com o Enzo Fittipaldi chegando em segundo no \u00faltimo domingo.<\/p>\n<figure id=\"attachment_1316\" aria-describedby=\"caption-attachment-1316\" style=\"width: 640px\" class=\"wp-caption alignnone\"><img loading=\"lazy\" decoding=\"async\" class=\"size-large wp-image-1316\" src=\"https:\/\/blogs.gazetaesportiva.com\/automobilismo\/files\/2023\/06\/423404_1061895_23virjrsgb07445-1024x683.jpg\" alt=\"\" width=\"640\" height=\"427\" srcset=\"https:\/\/blogs.gazetaesportiva.com\/automobilismo\/files\/2023\/06\/423404_1061895_23virjrsgb07445-1024x683.jpg 1024w, https:\/\/blogs.gazetaesportiva.com\/automobilismo\/files\/2023\/06\/423404_1061895_23virjrsgb07445-300x200.jpg 300w, https:\/\/blogs.gazetaesportiva.com\/automobilismo\/files\/2023\/06\/423404_1061895_23virjrsgb07445-768x512.jpg 768w, https:\/\/blogs.gazetaesportiva.com\/automobilismo\/files\/2023\/06\/423404_1061895_23virjrsgb07445-1536x1024.jpg 1536w, https:\/\/blogs.gazetaesportiva.com\/automobilismo\/files\/2023\/06\/423404_1061895_23virjrsgb07445-2048x1366.jpg 2048w, https:\/\/blogs.gazetaesportiva.com\/automobilismo\/files\/2023\/06\/423404_1061895_23virjrsgb07445-120x80.jpg 120w\" sizes=\"auto, (max-width: 640px) 100vw, 640px\" \/><figcaption id=\"caption-attachment-1316\" class=\"wp-caption-text\">Nicolas Giaffone. (Foto: Gavin Baker)<\/figcaption><\/figure>\n<p>E o Brasil tamb\u00e9m coleciona conquistas nos Estados Unidos, com Nic Giaffone liderando a USF Juniors, divis\u00e3o de acesso da Indy. E como \u00e9 tradi\u00e7\u00e3o, brasileiro que vence no exterior manda recado pra gente!<\/p>\n<p><iframe loading=\"lazy\" title=\"Max Verstappen perto de QUEBRAR RECORDE de Senna  | MOMENTO VELOCIDADE (06\/06\/23)\" width=\"640\" height=\"360\" src=\"https:\/\/www.youtube.com\/embed\/yvkAf930ab0?feature=oembed\" frameborder=\"0\" allow=\"accelerometer; autoplay; clipboard-write; encrypted-media; gyroscope; picture-in-picture; web-share\" referrerpolicy=\"strict-origin-when-cross-origin\" allowfullscreen><\/iframe><\/p>\n<figure id=\"attachment_1318\" aria-describedby=\"caption-attachment-1318\" style=\"width: 640px\" class=\"wp-caption alignnone\"><img loading=\"lazy\" decoding=\"async\" class=\"size-large wp-image-1318\" src=\"https:\/\/blogs.gazetaesportiva.com\/automobilismo\/files\/2023\/06\/423413_1061937_whatsapp_image_2023_06_04_at_14.22.20-1024x682.jpeg\" alt=\"\" width=\"640\" height=\"426\" srcset=\"https:\/\/blogs.gazetaesportiva.com\/automobilismo\/files\/2023\/06\/423413_1061937_whatsapp_image_2023_06_04_at_14.22.20-1024x682.jpeg 1024w, https:\/\/blogs.gazetaesportiva.com\/automobilismo\/files\/2023\/06\/423413_1061937_whatsapp_image_2023_06_04_at_14.22.20-300x200.jpeg 300w, https:\/\/blogs.gazetaesportiva.com\/automobilismo\/files\/2023\/06\/423413_1061937_whatsapp_image_2023_06_04_at_14.22.20-768x512.jpeg 768w, https:\/\/blogs.gazetaesportiva.com\/automobilismo\/files\/2023\/06\/423413_1061937_whatsapp_image_2023_06_04_at_14.22.20-1536x1023.jpeg 1536w, https:\/\/blogs.gazetaesportiva.com\/automobilismo\/files\/2023\/06\/423413_1061937_whatsapp_image_2023_06_04_at_14.22.20-120x80.jpeg 120w, https:\/\/blogs.gazetaesportiva.com\/automobilismo\/files\/2023\/06\/423413_1061937_whatsapp_image_2023_06_04_at_14.22.20.jpeg 1600w\" sizes=\"auto, (max-width: 640px) 100vw, 640px\" \/><figcaption id=\"caption-attachment-1318\" class=\"wp-caption-text\">Beto Monteiro. (Foto: Vanderley Soares)<\/figcaption><\/figure>\n<p>No Brasil, o final de semana foi de muita velocidade com a Copa Truck em Londrina, onde quatro provas foram disputadas e o piloto Beto Monteiro, da Universal Solu\u00e7\u00f5es Automotivas, saiu na lideran\u00e7a do campeonato. A pista paranaense tamb\u00e9m recebeu a Nascar Brasil e mais uma vez a vit\u00f3ria ficou com Leonardo Reis, que faz dupla com o irm\u00e3o Rafael Reis no carro da equipe D4U Immigration.<\/p>\n<figure id=\"attachment_1317\" aria-describedby=\"caption-attachment-1317\" style=\"width: 640px\" class=\"wp-caption alignnone\"><img loading=\"lazy\" decoding=\"async\" class=\"size-large wp-image-1317\" src=\"https:\/\/blogs.gazetaesportiva.com\/automobilismo\/files\/2023\/06\/423393_1061846_52948014463_88f9448cba_k-1024x684.jpg\" alt=\"Leo Reis\" width=\"640\" height=\"428\" srcset=\"https:\/\/blogs.gazetaesportiva.com\/automobilismo\/files\/2023\/06\/423393_1061846_52948014463_88f9448cba_k-1024x684.jpg 1024w, https:\/\/blogs.gazetaesportiva.com\/automobilismo\/files\/2023\/06\/423393_1061846_52948014463_88f9448cba_k-300x200.jpg 300w, https:\/\/blogs.gazetaesportiva.com\/automobilismo\/files\/2023\/06\/423393_1061846_52948014463_88f9448cba_k-768x513.jpg 768w, https:\/\/blogs.gazetaesportiva.com\/automobilismo\/files\/2023\/06\/423393_1061846_52948014463_88f9448cba_k-1536x1026.jpg 1536w, https:\/\/blogs.gazetaesportiva.com\/automobilismo\/files\/2023\/06\/423393_1061846_52948014463_88f9448cba_k-120x80.jpg 120w, https:\/\/blogs.gazetaesportiva.com\/automobilismo\/files\/2023\/06\/423393_1061846_52948014463_88f9448cba_k.jpg 2048w\" sizes=\"auto, (max-width: 640px) 100vw, 640px\" \/><figcaption id=\"caption-attachment-1317\" class=\"wp-caption-text\">Leo Reis. (Foto: Luciano Santos)<\/figcaption><\/figure>\n<p>E neste final de semana tem uma prova hist\u00f3rica: a famosa 24 Horas de Le Mans, que completa exatos 100 anos em 2023. Quem tem dominado esta prova de longa dura\u00e7\u00e3o \u00e9 a equipe Toyota, que inclusive convidou ontem o Gazeta Esportiva para um bate papo com o piloto argentino Jos\u00e9 Mar\u00eda &#8220;Pechito&#8221; L\u00f3pez, que \u00e9 campe\u00e3o desta prova.<\/p>\n<figure id=\"attachment_1319\" aria-describedby=\"caption-attachment-1319\" style=\"width: 640px\" class=\"wp-caption alignnone\"><img loading=\"lazy\" decoding=\"async\" class=\"size-large wp-image-1319\" src=\"https:\/\/blogs.gazetaesportiva.com\/automobilismo\/files\/2023\/06\/jose-maria-lopez-1024x683.jpg\" alt=\"\" width=\"640\" height=\"427\" srcset=\"https:\/\/blogs.gazetaesportiva.com\/automobilismo\/files\/2023\/06\/jose-maria-lopez-1024x683.jpg 1024w, https:\/\/blogs.gazetaesportiva.com\/automobilismo\/files\/2023\/06\/jose-maria-lopez-300x200.jpg 300w, https:\/\/blogs.gazetaesportiva.com\/automobilismo\/files\/2023\/06\/jose-maria-lopez-768x512.jpg 768w, https:\/\/blogs.gazetaesportiva.com\/automobilismo\/files\/2023\/06\/jose-maria-lopez-120x80.jpg 120w, https:\/\/blogs.gazetaesportiva.com\/automobilismo\/files\/2023\/06\/jose-maria-lopez.jpg 1200w\" sizes=\"auto, (max-width: 640px) 100vw, 640px\" \/><figcaption id=\"caption-attachment-1319\" class=\"wp-caption-text\">Jos\u00e9 Mar\u00eda L\u00f3pez. (Foto: Toyota)<\/figcaption><\/figure>\n<p>A cobertura completa voc\u00ea <strong><a href=\"https:\/\/blogs.gazetaesportiva.com\/automobilismo\/2023\/06\/06\/lopez-destaca-experiencia-como-trunfo-da-toyota-gazoo-racing-em-le-mans\/\" target=\"_blank\" rel=\"noopener\">confere aqui<\/a><\/strong>:<\/p>\n<p>E tamb\u00e9m tem mais automobilismo no pr\u00f3ximo domingo, 20h20, no Momento Velocidade aqui na TV Gazeta.<\/p>\n","protected":false},"excerpt":{"rendered":"<p>Depois de duas semanas cobrindo a F1 in loco, nos GPs de M\u00f4naco e Espanha, ontem foi a vez de apresentar no est\u00fadio o Momento <a class=\"read-more\" href=\"https:\/\/blogs.gazetaesportiva.com\/automobilismo\/2023\/06\/07\/momento-velocidade-repercute-vitorias-de-verstappen-na-f1-e-nascar-e-truck-em-londrina-1\/\">leia mais<\/a><\/p>\n","protected":false},"author":75,"featured_media":1318,"comment_status":"open","ping_status":"open","sticky":false,"template":"","format":"standard","meta":{"jetpack_post_was_ever_published":false,"_jetpack_newsletter_access":"","_jetpack_dont_email_post_to_subs":false,"_jetpack_newsletter_tier_id":0,"_jetpack_memberships_contains_paywalled_content":false,"_jetpack_memberships_contains_paid_content":false,"footnotes":"","jetpack_publicize_message":"","jetpack_publicize_feature_enabled":true,"jetpack_social_post_already_shared":false,"jetpack_social_options":{"image_generator_settings":{"template":"highway","default_image_id":0,"font":"","enabled":false},"version":2}},"categories":[1],"tags":[],"class_list":["post-1315","post","type-post","status-publish","format-standard","has-post-thumbnail","hentry","category-sem-categoria"],"jetpack_publicize_connections":[],"jetpack_featured_media_url":"https:\/\/blogs.gazetaesportiva.com\/automobilismo\/files\/2023\/06\/423413_1061937_whatsapp_image_2023_06_04_at_14.22.20.jpeg","jetpack_sharing_enabled":true,"jetpack_shortlink":"https:\/\/wp.me\/pblv91-ld","_links":{"self":[{"href":"https:\/\/blogs.gazetaesportiva.com\/automobilismo\/wp-json\/wp\/v2\/posts\/1315","targetHints":{"allow":["GET"]}}],"collection":[{"href":"https:\/\/blogs.gazetaesportiva.com\/automobilismo\/wp-json\/wp\/v2\/posts"}],"about":[{"href":"https:\/\/blogs.gazetaesportiva.com\/automobilismo\/wp-json\/wp\/v2\/types\/post"}],"author":[{"embeddable":true,"href":"https:\/\/blogs.gazetaesportiva.com\/automobilismo\/wp-json\/wp\/v2\/users\/75"}],"replies":[{"embeddable":true,"href":"https:\/\/blogs.gazetaesportiva.com\/automobilismo\/wp-json\/wp\/v2\/comments?post=1315"}],"version-history":[{"count":0,"href":"https:\/\/blogs.gazetaesportiva.com\/automobilismo\/wp-json\/wp\/v2\/posts\/1315\/revisions"}],"wp:featuredmedia":[{"embeddable":true,"href":"https:\/\/blogs.gazetaesportiva.com\/automobilismo\/wp-json\/wp\/v2\/media\/1318"}],"wp:attachment":[{"href":"https:\/\/blogs.gazetaesportiva.com\/automobilismo\/wp-json\/wp\/v2\/media?parent=1315"}],"wp:term":[{"taxonomy":"category","embeddable":true,"href":"https:\/\/blogs.gazetaesportiva.com\/automobilismo\/wp-json\/wp\/v2\/categories?post=1315"},{"taxonomy":"post_tag","embeddable":true,"href":"https:\/\/blogs.gazetaesportiva.com\/automobilismo\/wp-json\/wp\/v2\/tags?post=1315"}],"curies":[{"name":"wp","href":"https:\/\/api.w.org\/{rel}","templated":true}]}}