{"id":1312,"date":"2023-06-06T20:44:42","date_gmt":"2023-06-06T20:44:42","guid":{"rendered":"https:\/\/blogs.gazetaesportiva.com\/automobilismo\/?p=1312"},"modified":"2023-06-06T20:47:04","modified_gmt":"2023-06-06T20:47:04","slug":"lopez-destaca-experiencia-como-trunfo-da-toyota-gazoo-racing-em-le-mans","status":"publish","type":"post","link":"https:\/\/blogs.gazetaesportiva.com\/automobilismo\/2023\/06\/06\/lopez-destaca-experiencia-como-trunfo-da-toyota-gazoo-racing-em-le-mans\/","title":{"rendered":"Jos\u00e9 Mar\u00eda L\u00f3pez destaca experi\u00eancia como trunfo da TOYOTA GAZOO Racing em Le Mans"},"content":{"rendered":"<p>Mais importante corrida de endurance do planeta, a 24 Horas de Le Mans celebra os 100 anos neste final de semana. E o argentino Jos\u00e9 Mar\u00eda L\u00f3pez, piloto da TOYOTA GAZOO Racing e vencedor da corrida em 2021, acredita que a equipe japonesa, vencedora das \u00faltimas cinco edi\u00e7\u00f5es em La Sarthe, tem seu principal trunfo na experi\u00eancia na corrida, a qual considera ser uma &#8220;rival&#8221; pela vit\u00f3ria, justamente por sua dificuldade.<\/p>\n<figure id=\"attachment_1313\" aria-describedby=\"caption-attachment-1313\" style=\"width: 640px\" class=\"wp-caption alignnone\"><img loading=\"lazy\" decoding=\"async\" src=\"https:\/\/blogs.gazetaesportiva.com\/automobilismo\/files\/2023\/06\/20230605_WEC_LeMans_Toyota7_01_Toyota-1024x683.jpg\" alt=\"TOYOTA GAZOO Racing\" width=\"640\" height=\"427\" class=\"size-large wp-image-1313\" srcset=\"https:\/\/blogs.gazetaesportiva.com\/automobilismo\/files\/2023\/06\/20230605_WEC_LeMans_Toyota7_01_Toyota-1024x683.jpg 1024w, https:\/\/blogs.gazetaesportiva.com\/automobilismo\/files\/2023\/06\/20230605_WEC_LeMans_Toyota7_01_Toyota-300x200.jpg 300w, https:\/\/blogs.gazetaesportiva.com\/automobilismo\/files\/2023\/06\/20230605_WEC_LeMans_Toyota7_01_Toyota-768x512.jpg 768w, https:\/\/blogs.gazetaesportiva.com\/automobilismo\/files\/2023\/06\/20230605_WEC_LeMans_Toyota7_01_Toyota-120x80.jpg 120w, https:\/\/blogs.gazetaesportiva.com\/automobilismo\/files\/2023\/06\/20230605_WEC_LeMans_Toyota7_01_Toyota.jpg 1500w\" sizes=\"auto, (max-width: 640px) 100vw, 640px\" \/><figcaption id=\"caption-attachment-1313\" class=\"wp-caption-text\">Foto: Toyota GR<\/figcaption><\/figure>\n<p>\u201cA rival mais dif\u00edcil parece ser a pr\u00f3pria corrida. Precisamos fazer uma corrida limpa, e com 61 carros, passamos por diversos pilotos e carros. \u00c9 complicado\u201d, disse L\u00f3pez, em coletiva de imprensa que contou com a participa\u00e7\u00e3o de GAZETA ESPORTIVA. O piloto tamb\u00e9m destacou que a din\u00e2mica da prova deste ano ser\u00e1 diferente por conta da quantidade de participantes, 16 neste ano, ante cinco no ano passado.<\/p>\n<p>\u201cA din\u00e2mica da corrida vai ser importante pois h\u00e1 mais concorrentes, e a forma de se trabalhar durante a prova tamb\u00e9m ser\u00e1 diferente. Antes, havia poucos carros e se pontuava muito\u201d, seguiu o piloto, que disputa a temporada 2023 do WEC ao lado de Kamui Kobayashi e Mike Conway, seus parceiros em Le Mans.<\/p>\n<p>O argentino lembrou ainda que o Balance of Performance faz com que outras equipes se coloquem como advers\u00e1rios do TOYOTA GAZOO Racing. Apesar disso, L\u00f3pez comenta que nenhuma das duas advers\u00e1rias contam com a experi\u00eancia dos japoneses no circuito de mais de 13 quil\u00f4metros.<\/p>\n<p>\u201cNossa diferen\u00e7a \u00e9 a experi\u00eancia. Precisamos saber a hora de ir aos boxes, de for\u00e7ar o ritmo. N\u00e3o me parece que ganhar\u00e1 quem for mais r\u00e1pido, e a\u00ed entra nossa experiencia\u201d, completou L\u00f3pez.<\/p>\n<p>Os treinos livres e a primeira rodada da classifica\u00e7\u00e3o est\u00e3o marcados para esta quarta-feira. Os ensaios seguem na quinta, dia em que os poles positions ser\u00e3o conhecidos. A edi\u00e7\u00e3o de n\u00famero 91 das 24 Horas de Le Mans tem in\u00edcio \u00e0s 11h de s\u00e1bado.<\/p>\n","protected":false},"excerpt":{"rendered":"<p>Mais importante corrida de endurance do planeta, a 24 Horas de Le Mans celebra os 100 anos neste final de semana. E o argentino Jos\u00e9 <a class=\"read-more\" href=\"https:\/\/blogs.gazetaesportiva.com\/automobilismo\/2023\/06\/06\/lopez-destaca-experiencia-como-trunfo-da-toyota-gazoo-racing-em-le-mans\/\">leia mais<\/a><\/p>\n","protected":false},"author":75,"featured_media":1313,"comment_status":"open","ping_status":"open","sticky":false,"template":"","format":"standard","meta":{"jetpack_post_was_ever_published":false,"_jetpack_newsletter_access":"","_jetpack_dont_email_post_to_subs":false,"_jetpack_newsletter_tier_id":0,"_jetpack_memberships_contains_paywalled_content":false,"_jetpack_memberships_contains_paid_content":false,"footnotes":"","jetpack_publicize_message":"","jetpack_publicize_feature_enabled":true,"jetpack_social_post_already_shared":false,"jetpack_social_options":{"image_generator_settings":{"template":"highway","default_image_id":0,"font":"","enabled":false},"version":2}},"categories":[1],"tags":[],"class_list":["post-1312","post","type-post","status-publish","format-standard","has-post-thumbnail","hentry","category-sem-categoria"],"jetpack_publicize_connections":[],"jetpack_featured_media_url":"https:\/\/blogs.gazetaesportiva.com\/automobilismo\/files\/2023\/06\/20230605_WEC_LeMans_Toyota7_01_Toyota.jpg","jetpack_sharing_enabled":true,"jetpack_shortlink":"https:\/\/wp.me\/pblv91-la","_links":{"self":[{"href":"https:\/\/blogs.gazetaesportiva.com\/automobilismo\/wp-json\/wp\/v2\/posts\/1312","targetHints":{"allow":["GET"]}}],"collection":[{"href":"https:\/\/blogs.gazetaesportiva.com\/automobilismo\/wp-json\/wp\/v2\/posts"}],"about":[{"href":"https:\/\/blogs.gazetaesportiva.com\/automobilismo\/wp-json\/wp\/v2\/types\/post"}],"author":[{"embeddable":true,"href":"https:\/\/blogs.gazetaesportiva.com\/automobilismo\/wp-json\/wp\/v2\/users\/75"}],"replies":[{"embeddable":true,"href":"https:\/\/blogs.gazetaesportiva.com\/automobilismo\/wp-json\/wp\/v2\/comments?post=1312"}],"version-history":[{"count":0,"href":"https:\/\/blogs.gazetaesportiva.com\/automobilismo\/wp-json\/wp\/v2\/posts\/1312\/revisions"}],"wp:featuredmedia":[{"embeddable":true,"href":"https:\/\/blogs.gazetaesportiva.com\/automobilismo\/wp-json\/wp\/v2\/media\/1313"}],"wp:attachment":[{"href":"https:\/\/blogs.gazetaesportiva.com\/automobilismo\/wp-json\/wp\/v2\/media?parent=1312"}],"wp:term":[{"taxonomy":"category","embeddable":true,"href":"https:\/\/blogs.gazetaesportiva.com\/automobilismo\/wp-json\/wp\/v2\/categories?post=1312"},{"taxonomy":"post_tag","embeddable":true,"href":"https:\/\/blogs.gazetaesportiva.com\/automobilismo\/wp-json\/wp\/v2\/tags?post=1312"}],"curies":[{"name":"wp","href":"https:\/\/api.w.org\/{rel}","templated":true}]}}