{"id":1096,"date":"2022-10-11T19:11:34","date_gmt":"2022-10-11T19:11:34","guid":{"rendered":"https:\/\/blogs.gazetaesportiva.com\/automobilismo\/?p=1096"},"modified":"2022-10-12T22:12:08","modified_gmt":"2022-10-12T22:12:08","slug":"bicampeonato-de-verstappen-na-f1-fittipaldi-nos-treinos-livres-e-um-piloto-de-8-anos-em-destaque-no-brasileiro-de-kart","status":"publish","type":"post","link":"https:\/\/blogs.gazetaesportiva.com\/automobilismo\/2022\/10\/11\/bicampeonato-de-verstappen-na-f1-fittipaldi-nos-treinos-livres-e-um-piloto-de-8-anos-em-destaque-no-brasileiro-de-kart\/","title":{"rendered":"Bicampeonato de Verstappen na F1, Fittipaldi nos treinos livres e um piloto de 8 anos em destaque no Brasileiro de Kart"},"content":{"rendered":"<p>Como a gente tinha previsto no Momento Velocidade da semana passada, no Jap\u00e3o, deu tudo certo para o bicampeonato de Max Verstappen na F1, em uma decis\u00e3o debaixo de chuva em Suzuka.<\/p>\n<p>Com a vit\u00f3ria no GP do Jap\u00e3o e o terceiro lugar de Charles Leclerc, o piloto da Red Bull levou o segundo t\u00edtulo consecutivo. O holand\u00eas mereceu demais este bi e para Ferrari fica a li\u00e7\u00e3o de que na F1 tudo precisa funcionar de forma perfeita se eles quiserem lutar pelo t\u00edtulo.<\/p>\n<figure id=\"attachment_1097\" aria-describedby=\"caption-attachment-1097\" style=\"width: 640px\" class=\"wp-caption alignnone\"><img loading=\"lazy\" decoding=\"async\" src=\"https:\/\/blogs.gazetaesportiva.com\/automobilismo\/files\/2022\/10\/414198_1035371_pietro_7-1013x1024.jpeg\" alt=\"Pietro Fittipaldi\" width=\"640\" height=\"647\" class=\"size-large wp-image-1097\" srcset=\"https:\/\/blogs.gazetaesportiva.com\/automobilismo\/files\/2022\/10\/414198_1035371_pietro_7-1013x1024.jpeg 1013w, https:\/\/blogs.gazetaesportiva.com\/automobilismo\/files\/2022\/10\/414198_1035371_pietro_7-297x300.jpeg 297w, https:\/\/blogs.gazetaesportiva.com\/automobilismo\/files\/2022\/10\/414198_1035371_pietro_7-768x776.jpeg 768w, https:\/\/blogs.gazetaesportiva.com\/automobilismo\/files\/2022\/10\/414198_1035371_pietro_7.jpeg 1100w\" sizes=\"auto, (max-width: 640px) 100vw, 640px\" \/><figcaption id=\"caption-attachment-1097\" class=\"wp-caption-text\">Foto: Instagram<\/figcaption><\/figure>\n<p>E nas quatro provas que faltam para o final da F1, em duas o Brasil ter\u00e1 uma novidade: Pietro Fittipaldi vai participar do treino livre do GP do M\u00e9xico e tamb\u00e9m em Abu Dhabi, com a equipe Haas. Ele mandou um recado para a gente, confira no programa exibido nesta ter\u00e7a dentro do Gazeta Esportiva:<\/p>\n<p><iframe loading=\"lazy\" width=\"560\" height=\"315\" src=\"https:\/\/www.youtube.com\/embed\/rQXm6RPAhVM\" title=\"YouTube video player\" frameborder=\"0\" allow=\"accelerometer; autoplay; clipboard-write; encrypted-media; gyroscope; picture-in-picture\" allowfullscreen><\/iframe><\/p>\n<p>Por falar no Pietro, ele e o irm\u00e3o, Enzo Fittipaldi, lan\u00e7aram uma escolinha de kart aqui no Brasil e j\u00e1 tem aluno de 8 anos de idade que vai participar do Campeonato Brasileiro de Kart em Itu. \u00c9 o Vicente da Silva, que, al\u00e9m de acelerar muito, \u00e9 super carism\u00e1tico e j\u00e1 conta com mais de 200 mil seguidores nas redes.<\/p>\n<figure id=\"attachment_1098\" aria-describedby=\"caption-attachment-1098\" style=\"width: 640px\" class=\"wp-caption alignnone\"><img loading=\"lazy\" decoding=\"async\" src=\"https:\/\/blogs.gazetaesportiva.com\/automobilismo\/files\/2022\/10\/WhatsApp-Image-2022-10-11-at-15.39.13-1024x681.jpeg\" alt=\"Vicente da Silva\" width=\"640\" height=\"426\" class=\"size-large wp-image-1098\" srcset=\"https:\/\/blogs.gazetaesportiva.com\/automobilismo\/files\/2022\/10\/WhatsApp-Image-2022-10-11-at-15.39.13-1024x681.jpeg 1024w, https:\/\/blogs.gazetaesportiva.com\/automobilismo\/files\/2022\/10\/WhatsApp-Image-2022-10-11-at-15.39.13-300x199.jpeg 300w, https:\/\/blogs.gazetaesportiva.com\/automobilismo\/files\/2022\/10\/WhatsApp-Image-2022-10-11-at-15.39.13-768x511.jpeg 768w, https:\/\/blogs.gazetaesportiva.com\/automobilismo\/files\/2022\/10\/WhatsApp-Image-2022-10-11-at-15.39.13-120x80.jpeg 120w, https:\/\/blogs.gazetaesportiva.com\/automobilismo\/files\/2022\/10\/WhatsApp-Image-2022-10-11-at-15.39.13.jpeg 1280w\" sizes=\"auto, (max-width: 640px) 100vw, 640px\" \/><figcaption id=\"caption-attachment-1098\" class=\"wp-caption-text\">Foto: Eni Alves<\/figcaption><\/figure>\n<p>Semana passada a gente deu dicas para quem quer acelerar de kart. E neste domingo vamos mostrar como come\u00e7ar em outro esporte apaixonante, o rally, ouvindo pilotos e navegadores da Mitsubishi Cup!<\/p>\n<p>Para quem ainda n\u00e3o tem um carro preparado para competir, a Mitsubishi Cup criou a categoria \u201cExperience\u201d, em que voc\u00ea sente a adrenalina de acelerar na mesma trilha usada pelos competidores em uma etapa oficial, como explica o piloto Rodrigo Barreto. \u201cQuem experimente uma vez o carro num rali vai sempre querer a mesma emo\u00e7\u00e3o\u201d, diz.<\/p>\n<p>A mat\u00e9ria completa vai ao ar domingo, 11h50, no Momento Velocidade na TV Gazeta!<\/p>\n","protected":false},"excerpt":{"rendered":"<p>Como a gente tinha previsto no Momento Velocidade da semana passada, no Jap\u00e3o, deu tudo certo para o bicampeonato de Max Verstappen na F1, em <a class=\"read-more\" href=\"https:\/\/blogs.gazetaesportiva.com\/automobilismo\/2022\/10\/11\/bicampeonato-de-verstappen-na-f1-fittipaldi-nos-treinos-livres-e-um-piloto-de-8-anos-em-destaque-no-brasileiro-de-kart\/\">leia mais<\/a><\/p>\n","protected":false},"author":75,"featured_media":1097,"comment_status":"open","ping_status":"open","sticky":false,"template":"","format":"standard","meta":{"jetpack_post_was_ever_published":false,"_jetpack_newsletter_access":"","_jetpack_dont_email_post_to_subs":false,"_jetpack_newsletter_tier_id":0,"_jetpack_memberships_contains_paywalled_content":false,"_jetpack_memberships_contains_paid_content":false,"footnotes":"","jetpack_publicize_message":"","jetpack_publicize_feature_enabled":true,"jetpack_social_post_already_shared":false,"jetpack_social_options":{"image_generator_settings":{"template":"highway","default_image_id":0,"font":"","enabled":false},"version":2}},"categories":[1],"tags":[],"class_list":["post-1096","post","type-post","status-publish","format-standard","has-post-thumbnail","hentry","category-sem-categoria"],"jetpack_publicize_connections":[],"jetpack_featured_media_url":"https:\/\/blogs.gazetaesportiva.com\/automobilismo\/files\/2022\/10\/414198_1035371_pietro_7.jpeg","jetpack_sharing_enabled":true,"jetpack_shortlink":"https:\/\/wp.me\/pblv91-hG","_links":{"self":[{"href":"https:\/\/blogs.gazetaesportiva.com\/automobilismo\/wp-json\/wp\/v2\/posts\/1096","targetHints":{"allow":["GET"]}}],"collection":[{"href":"https:\/\/blogs.gazetaesportiva.com\/automobilismo\/wp-json\/wp\/v2\/posts"}],"about":[{"href":"https:\/\/blogs.gazetaesportiva.com\/automobilismo\/wp-json\/wp\/v2\/types\/post"}],"author":[{"embeddable":true,"href":"https:\/\/blogs.gazetaesportiva.com\/automobilismo\/wp-json\/wp\/v2\/users\/75"}],"replies":[{"embeddable":true,"href":"https:\/\/blogs.gazetaesportiva.com\/automobilismo\/wp-json\/wp\/v2\/comments?post=1096"}],"version-history":[{"count":0,"href":"https:\/\/blogs.gazetaesportiva.com\/automobilismo\/wp-json\/wp\/v2\/posts\/1096\/revisions"}],"wp:featuredmedia":[{"embeddable":true,"href":"https:\/\/blogs.gazetaesportiva.com\/automobilismo\/wp-json\/wp\/v2\/media\/1097"}],"wp:attachment":[{"href":"https:\/\/blogs.gazetaesportiva.com\/automobilismo\/wp-json\/wp\/v2\/media?parent=1096"}],"wp:term":[{"taxonomy":"category","embeddable":true,"href":"https:\/\/blogs.gazetaesportiva.com\/automobilismo\/wp-json\/wp\/v2\/categories?post=1096"},{"taxonomy":"post_tag","embeddable":true,"href":"https:\/\/blogs.gazetaesportiva.com\/automobilismo\/wp-json\/wp\/v2\/tags?post=1096"}],"curies":[{"name":"wp","href":"https:\/\/api.w.org\/{rel}","templated":true}]}}