{"id":1087,"date":"2022-09-30T13:26:46","date_gmt":"2022-09-30T13:26:46","guid":{"rendered":"https:\/\/blogs.gazetaesportiva.com\/automobilismo\/?p=1087"},"modified":"2022-10-05T21:31:29","modified_gmt":"2022-10-05T21:31:29","slug":"marca-senna-lanca-promocao-para-levar-fa-ao-gp-sao-paulo-2022","status":"publish","type":"post","link":"https:\/\/blogs.gazetaesportiva.com\/automobilismo\/2022\/09\/30\/marca-senna-lanca-promocao-para-levar-fa-ao-gp-sao-paulo-2022\/","title":{"rendered":"Marca Senna lan\u00e7a promo\u00e7\u00e3o para levar f\u00e3 ao GP S\u00e3o Paulo 2022"},"content":{"rendered":"<p style=\"text-align: justify;\">A Marca Senna, nesta quinta-feira (29), lan\u00e7a uma promo\u00e7\u00e3o especial que levar\u00e1 um ganhador para conferir o Grande Pr\u00eamio de S\u00e3o Paulo 2022 in loco no Aut\u00f3dromo de Interlagos, palco em que Ayrton Senna trouxe muitas alegrias para o torcedor brasileiro.<\/p>\n<p style=\"text-align: justify;\">Para concorrer \u00e9 bastante simples: a cada R$ 200 em compras de produtos das marcas Senna, Senninha ou Ayrton Senna atrav\u00e9s do e-commerce (<a href=\"https:\/\/www.sennashop.com.br\/\">sennashop.com.br<\/a>\u00a0e\u00a0<a href=\"https:\/\/www.centauro.com.br\/\">centauro.com.br<\/a>), cadastre a nota fiscal no hotsite \u201cVoc\u00ea no S do Senna\u201d (<a href=\"http:\/\/www.vocenosdosenna.com.br\">www.vocenosdosenna.com.br<\/a>), e ganhe um n\u00famero de sorte para concorrer a um par de ingressos.<\/p>\n<p style=\"text-align: justify;\">O sorteado ganhar\u00e1 ingressos para a Arquibancada Premium \u201cD\u201d do Aut\u00f3dromo de Interlagos, com localiza\u00e7\u00e3o privilegiada no final da reta dos boxes e in\u00edcio do S do Senna, onde acontecem algumas das principais disputas da corrida, al\u00e9m de ter dispon\u00edvel buffet com finger foods e open bar. O resultado ser\u00e1 revelado no dia 11 de novembro. Para mais informa\u00e7\u00f5es sobre a promo\u00e7\u00e3o, acesse o hotsite\u00a0<a href=\"http:\/\/www.vocenosdosenna.com.br\">www.vocenosdosenna.com.br<\/a>.<\/p>\n<p style=\"text-align: justify;\">Ayrton Senna fez hist\u00f3ria ao vencer o GP do Brasil de F1 duas vezes no Aut\u00f3dromo de Interlagos, em 1991 e 1993, sendo dois triunfos que levaram o p\u00fablico ao del\u00edrio nas arquibancadas. Neste ano, o GP S\u00e3o Paulo ser\u00e1 disputado entre os dias 11 e 13 de novembro.<\/p>\n","protected":false},"excerpt":{"rendered":"<p>A Marca Senna, nesta quinta-feira (29), lan\u00e7a uma promo\u00e7\u00e3o especial que levar\u00e1 um ganhador para conferir o Grande Pr\u00eamio de S\u00e3o Paulo 2022 in loco <a class=\"read-more\" href=\"https:\/\/blogs.gazetaesportiva.com\/automobilismo\/2022\/09\/30\/marca-senna-lanca-promocao-para-levar-fa-ao-gp-sao-paulo-2022\/\">leia mais<\/a><\/p>\n","protected":false},"author":75,"featured_media":1088,"comment_status":"open","ping_status":"open","sticky":false,"template":"","format":"standard","meta":{"jetpack_post_was_ever_published":false,"_jetpack_newsletter_access":"","_jetpack_dont_email_post_to_subs":false,"_jetpack_newsletter_tier_id":0,"_jetpack_memberships_contains_paywalled_content":false,"_jetpack_memberships_contains_paid_content":false,"footnotes":"","jetpack_publicize_message":"","jetpack_publicize_feature_enabled":true,"jetpack_social_post_already_shared":false,"jetpack_social_options":{"image_generator_settings":{"template":"highway","default_image_id":0,"font":"","enabled":false},"version":2}},"categories":[1],"tags":[],"class_list":["post-1087","post","type-post","status-publish","format-standard","has-post-thumbnail","hentry","category-sem-categoria"],"jetpack_publicize_connections":[],"jetpack_featured_media_url":"https:\/\/blogs.gazetaesportiva.com\/automobilismo\/files\/2022\/10\/413612_1033821_whatsapp_image_2022_09_29_at_13.28.38.jpeg","jetpack_sharing_enabled":true,"jetpack_shortlink":"https:\/\/wp.me\/pblv91-hx","_links":{"self":[{"href":"https:\/\/blogs.gazetaesportiva.com\/automobilismo\/wp-json\/wp\/v2\/posts\/1087","targetHints":{"allow":["GET"]}}],"collection":[{"href":"https:\/\/blogs.gazetaesportiva.com\/automobilismo\/wp-json\/wp\/v2\/posts"}],"about":[{"href":"https:\/\/blogs.gazetaesportiva.com\/automobilismo\/wp-json\/wp\/v2\/types\/post"}],"author":[{"embeddable":true,"href":"https:\/\/blogs.gazetaesportiva.com\/automobilismo\/wp-json\/wp\/v2\/users\/75"}],"replies":[{"embeddable":true,"href":"https:\/\/blogs.gazetaesportiva.com\/automobilismo\/wp-json\/wp\/v2\/comments?post=1087"}],"version-history":[{"count":0,"href":"https:\/\/blogs.gazetaesportiva.com\/automobilismo\/wp-json\/wp\/v2\/posts\/1087\/revisions"}],"wp:featuredmedia":[{"embeddable":true,"href":"https:\/\/blogs.gazetaesportiva.com\/automobilismo\/wp-json\/wp\/v2\/media\/1088"}],"wp:attachment":[{"href":"https:\/\/blogs.gazetaesportiva.com\/automobilismo\/wp-json\/wp\/v2\/media?parent=1087"}],"wp:term":[{"taxonomy":"category","embeddable":true,"href":"https:\/\/blogs.gazetaesportiva.com\/automobilismo\/wp-json\/wp\/v2\/categories?post=1087"},{"taxonomy":"post_tag","embeddable":true,"href":"https:\/\/blogs.gazetaesportiva.com\/automobilismo\/wp-json\/wp\/v2\/tags?post=1087"}],"curies":[{"name":"wp","href":"https:\/\/api.w.org\/{rel}","templated":true}]}}