{"id":1084,"date":"2022-10-05T13:26:57","date_gmt":"2022-10-05T13:26:57","guid":{"rendered":"https:\/\/blogs.gazetaesportiva.com\/automobilismo\/?p=1084"},"modified":"2022-10-05T13:26:57","modified_gmt":"2022-10-05T13:26:57","slug":"decisao-da-f1-no-japao-entrevista-com-ingo-hoffmann-e-brasileiro-de-kart-rental-em-destaque-na-tv-gazeta","status":"publish","type":"post","link":"https:\/\/blogs.gazetaesportiva.com\/automobilismo\/2022\/10\/05\/decisao-da-f1-no-japao-entrevista-com-ingo-hoffmann-e-brasileiro-de-kart-rental-em-destaque-na-tv-gazeta\/","title":{"rendered":"Decis\u00e3o da F1 no Jap\u00e3o, entrevista com Ingo Hoffmann e Brasileiro de Kart Rental em destaque na TV Gazeta"},"content":{"rendered":"<p>O Momento Velocidade da noite desta ter\u00e7a, ao vivo no Gazeta Esportiva, come\u00e7ou com o grande assunto da semana. Afinal, Max Verstappen tem mais uma chance de garantir o t\u00edtulo da F1.<\/p>\n<figure id=\"attachment_1085\" aria-describedby=\"caption-attachment-1085\" style=\"width: 640px\" class=\"wp-caption alignnone\"><img loading=\"lazy\" decoding=\"async\" src=\"https:\/\/blogs.gazetaesportiva.com\/automobilismo\/files\/2022\/10\/20221004_F1_Singapura_MaxVerstappen_01_GettyImages-1024x683.jpg\" alt=\"Max Verstappen\" width=\"640\" height=\"427\" class=\"size-large wp-image-1085\" srcset=\"https:\/\/blogs.gazetaesportiva.com\/automobilismo\/files\/2022\/10\/20221004_F1_Singapura_MaxVerstappen_01_GettyImages-1024x683.jpg 1024w, https:\/\/blogs.gazetaesportiva.com\/automobilismo\/files\/2022\/10\/20221004_F1_Singapura_MaxVerstappen_01_GettyImages-300x200.jpg 300w, https:\/\/blogs.gazetaesportiva.com\/automobilismo\/files\/2022\/10\/20221004_F1_Singapura_MaxVerstappen_01_GettyImages-768x512.jpg 768w, https:\/\/blogs.gazetaesportiva.com\/automobilismo\/files\/2022\/10\/20221004_F1_Singapura_MaxVerstappen_01_GettyImages-120x80.jpg 120w, https:\/\/blogs.gazetaesportiva.com\/automobilismo\/files\/2022\/10\/20221004_F1_Singapura_MaxVerstappen_01_GettyImages.jpg 1599w\" sizes=\"auto, (max-width: 640px) 100vw, 640px\" \/><figcaption id=\"caption-attachment-1085\" class=\"wp-caption-text\">Foto: Getty Images<\/figcaption><\/figure>\n<p>Como a gente falou aqui antes, no \u00faltimo domingo a chance era muito pequena, mas agora no GP do Jap\u00e3o ele pode ser campe\u00e3o vencendo a corrida e marcando a volta mais r\u00e1pida. Em Singapura, deu tudo errado pro Verstappen, que viu a vit\u00f3ria ficar com Sergio Perez, seu companheiro de equipe. As Ferrari mostraram for\u00e7a com Charles Leclerc em segundo e Carlos Sainz em terceiro. <\/p>\n<p>Outubro tamb\u00e9m ser\u00e1 decisivo aqui no Brasil com a Stock Car. Ser\u00e3o quatro corridas neste m\u00eas em Goi\u00e2nia e a briga est\u00e1 acirrada entre 3 campe\u00f5es, Gabriel Casagrande, Daniel Serra e Rubens Barrichello, e um piloto ainda em busca do primeiro campeonato, o argentino Matias Rossi.<\/p>\n<figure id=\"attachment_1086\" aria-describedby=\"caption-attachment-1086\" style=\"width: 640px\" class=\"wp-caption alignnone\"><img loading=\"lazy\" decoding=\"async\" src=\"https:\/\/blogs.gazetaesportiva.com\/automobilismo\/files\/2022\/10\/20220930_StockCar_SantaCruz_IngoHoffmann_01_RodrigoFranca-1024x768.jpg\" alt=\"Ingo Hoffmann\" width=\"640\" height=\"480\" class=\"size-large wp-image-1086\" srcset=\"https:\/\/blogs.gazetaesportiva.com\/automobilismo\/files\/2022\/10\/20220930_StockCar_SantaCruz_IngoHoffmann_01_RodrigoFranca-1024x768.jpg 1024w, https:\/\/blogs.gazetaesportiva.com\/automobilismo\/files\/2022\/10\/20220930_StockCar_SantaCruz_IngoHoffmann_01_RodrigoFranca-300x225.jpg 300w, https:\/\/blogs.gazetaesportiva.com\/automobilismo\/files\/2022\/10\/20220930_StockCar_SantaCruz_IngoHoffmann_01_RodrigoFranca-768x576.jpg 768w, https:\/\/blogs.gazetaesportiva.com\/automobilismo\/files\/2022\/10\/20220930_StockCar_SantaCruz_IngoHoffmann_01_RodrigoFranca-160x120.jpg 160w, https:\/\/blogs.gazetaesportiva.com\/automobilismo\/files\/2022\/10\/20220930_StockCar_SantaCruz_IngoHoffmann_01_RodrigoFranca.jpg 1600w\" sizes=\"auto, (max-width: 640px) 100vw, 640px\" \/><figcaption id=\"caption-attachment-1086\" class=\"wp-caption-text\">Foto: Rodrigo Fran\u00e7a<\/figcaption><\/figure>\n<p>Mas uma coisa \u00e9 certa: o recorde de t\u00edtulos ainda ficar\u00e1 um bom tempo com Ingo Hoffmann. Com 12 ta\u00e7as de campe\u00e3o, ele voltou a acelerar um Stock Car em Santa Cruz do Sul com o carro da Amortex, do Grupo Universal. Confira a entrevista dele exclusiva para a TV Gazeta:<\/p>\n<p><iframe loading=\"lazy\" width=\"560\" height=\"315\" src=\"https:\/\/www.youtube.com\/embed\/TUGjWlZo8F4\" title=\"YouTube video player\" frameborder=\"0\" allow=\"accelerometer; autoplay; clipboard-write; encrypted-media; gyroscope; picture-in-picture\" allowfullscreen><\/iframe><\/p>\n<p>E por falar em t\u00edtulos, eu estive no Kart\u00f3dromo Granja Viana conferindo de perto a disputa do Brasileiro de Kart Rental, o campeonato mais democr\u00e1tico e barato do nosso automobilismo. Eu conversei com v\u00e1rios pilotos, incluindo dois que come\u00e7aram no kart de aluguel e hoje s\u00e3o campe\u00f5es profissionais: Johnny Silva e Peterson Nakamura.<\/p>\n<p>Parab\u00e9ns aos campe\u00f5es e a cobertura completa voc\u00ea confere neste domingo, 11h50, aqui na Gazeta, dentro do Gazeta Motors!<\/p>\n","protected":false},"excerpt":{"rendered":"<p>O Momento Velocidade da noite desta ter\u00e7a, ao vivo no Gazeta Esportiva, come\u00e7ou com o grande assunto da semana. Afinal, Max Verstappen tem mais uma <a class=\"read-more\" href=\"https:\/\/blogs.gazetaesportiva.com\/automobilismo\/2022\/10\/05\/decisao-da-f1-no-japao-entrevista-com-ingo-hoffmann-e-brasileiro-de-kart-rental-em-destaque-na-tv-gazeta\/\">leia mais<\/a><\/p>\n","protected":false},"author":75,"featured_media":1085,"comment_status":"open","ping_status":"open","sticky":false,"template":"","format":"standard","meta":{"jetpack_post_was_ever_published":false,"_jetpack_newsletter_access":"","_jetpack_dont_email_post_to_subs":false,"_jetpack_newsletter_tier_id":0,"_jetpack_memberships_contains_paywalled_content":false,"_jetpack_memberships_contains_paid_content":false,"footnotes":"","jetpack_publicize_message":"","jetpack_publicize_feature_enabled":true,"jetpack_social_post_already_shared":false,"jetpack_social_options":{"image_generator_settings":{"template":"highway","default_image_id":0,"font":"","enabled":false},"version":2}},"categories":[1],"tags":[],"class_list":["post-1084","post","type-post","status-publish","format-standard","has-post-thumbnail","hentry","category-sem-categoria"],"jetpack_publicize_connections":[],"jetpack_featured_media_url":"https:\/\/blogs.gazetaesportiva.com\/automobilismo\/files\/2022\/10\/20221004_F1_Singapura_MaxVerstappen_01_GettyImages.jpg","jetpack_sharing_enabled":true,"jetpack_shortlink":"https:\/\/wp.me\/pblv91-hu","_links":{"self":[{"href":"https:\/\/blogs.gazetaesportiva.com\/automobilismo\/wp-json\/wp\/v2\/posts\/1084","targetHints":{"allow":["GET"]}}],"collection":[{"href":"https:\/\/blogs.gazetaesportiva.com\/automobilismo\/wp-json\/wp\/v2\/posts"}],"about":[{"href":"https:\/\/blogs.gazetaesportiva.com\/automobilismo\/wp-json\/wp\/v2\/types\/post"}],"author":[{"embeddable":true,"href":"https:\/\/blogs.gazetaesportiva.com\/automobilismo\/wp-json\/wp\/v2\/users\/75"}],"replies":[{"embeddable":true,"href":"https:\/\/blogs.gazetaesportiva.com\/automobilismo\/wp-json\/wp\/v2\/comments?post=1084"}],"version-history":[{"count":0,"href":"https:\/\/blogs.gazetaesportiva.com\/automobilismo\/wp-json\/wp\/v2\/posts\/1084\/revisions"}],"wp:featuredmedia":[{"embeddable":true,"href":"https:\/\/blogs.gazetaesportiva.com\/automobilismo\/wp-json\/wp\/v2\/media\/1085"}],"wp:attachment":[{"href":"https:\/\/blogs.gazetaesportiva.com\/automobilismo\/wp-json\/wp\/v2\/media?parent=1084"}],"wp:term":[{"taxonomy":"category","embeddable":true,"href":"https:\/\/blogs.gazetaesportiva.com\/automobilismo\/wp-json\/wp\/v2\/categories?post=1084"},{"taxonomy":"post_tag","embeddable":true,"href":"https:\/\/blogs.gazetaesportiva.com\/automobilismo\/wp-json\/wp\/v2\/tags?post=1084"}],"curies":[{"name":"wp","href":"https:\/\/api.w.org\/{rel}","templated":true}]}}