{"id":1082,"date":"2022-10-04T21:31:35","date_gmt":"2022-10-04T21:31:35","guid":{"rendered":"https:\/\/blogs.gazetaesportiva.com\/automobilismo\/?p=1082"},"modified":"2022-10-04T21:31:35","modified_gmt":"2022-10-04T21:31:35","slug":"brasileiro-de-kart-rental-conhece-campeoes-de-2022-no-kartodromo-granja-viana","status":"publish","type":"post","link":"https:\/\/blogs.gazetaesportiva.com\/automobilismo\/2022\/10\/04\/brasileiro-de-kart-rental-conhece-campeoes-de-2022-no-kartodromo-granja-viana\/","title":{"rendered":"Brasileiro de Kart Rental conhece campe\u00f5es de 2022 no Kart\u00f3dromo Granja Viana"},"content":{"rendered":"<figure id=\"attachment_1083\" aria-describedby=\"caption-attachment-1083\" style=\"width: 484px\" class=\"wp-caption aligncenter\"><img loading=\"lazy\" decoding=\"async\" class=\" wp-image-1083\" src=\"https:\/\/blogs.gazetaesportiva.com\/automobilismo\/files\/2022\/10\/413819_1034421_img_20221003_152228-1024x683.jpg\" alt=\"\" width=\"484\" height=\"323\" srcset=\"https:\/\/blogs.gazetaesportiva.com\/automobilismo\/files\/2022\/10\/413819_1034421_img_20221003_152228-1024x683.jpg 1024w, https:\/\/blogs.gazetaesportiva.com\/automobilismo\/files\/2022\/10\/413819_1034421_img_20221003_152228-300x200.jpg 300w, https:\/\/blogs.gazetaesportiva.com\/automobilismo\/files\/2022\/10\/413819_1034421_img_20221003_152228-768x512.jpg 768w, https:\/\/blogs.gazetaesportiva.com\/automobilismo\/files\/2022\/10\/413819_1034421_img_20221003_152228-120x80.jpg 120w, https:\/\/blogs.gazetaesportiva.com\/automobilismo\/files\/2022\/10\/413819_1034421_img_20221003_152228.jpg 1500w\" sizes=\"auto, (max-width: 484px) 100vw, 484px\" \/><figcaption id=\"caption-attachment-1083\" class=\"wp-caption-text\">Brasileiro de Kart Rental (Divulga\u00e7\u00e3o Amika\/RF1)<\/figcaption><\/figure>\n<p>Um verdadeiro sucesso. Desta forma pode ser definido o Campeonato Brasileiro de Kart Rental, competi\u00e7\u00e3o que foi realizada no \u00faltimo final de semana no Kart\u00f3dromo Granja Viana, em Cotia (SP), e que teve a sua 18\u00aa edi\u00e7\u00e3o. Mais de 500 pilotos, divididos nas categorias Estreantes, S\u00eanior, Super S\u00eanior, 80 kg, 95 kg e 110 kg protagonizaram boas disputas e batalhas pelo t\u00edtulo nacional.<\/p>\n<p>Os campe\u00f5es foram conhecidos na tarde desse domingo, com Z\u00e9 Luiz faturando o t\u00edtulo entre os competidores da classe Estreantes, superando na soma de pontos Daniel Caputo, que ficou com a segunda coloca\u00e7\u00e3o. O top-3 desta classe foi completado por Everton Carajeleascow, fechando uma trinca de pilotos paulistas.<\/p>\n<p>Os pilotos do estado de S\u00e3o Paulo tamb\u00e9m dominaram a classe S\u00eanior, onde Johnny Silva saiu com o t\u00edtulo ap\u00f3s a decis\u00e3o do campeonato. Jos\u00e9 Prioste ficou com a segunda coloca\u00e7\u00e3o na soma de pontos, enquanto Galvane Ruivo completou o grupo dos tr\u00eas melhores. Na Super S\u00eanior, Peterson Nakamura foi o vencedor, seguido por Gustavo Mattedi e por Alberto Costoya.<\/p>\n<p>Nas classes em que os pilotos s\u00e3o divididos por peso, a vit\u00f3ria entre os competidores com at\u00e9 80 kg ficou com Anthony Peperone, que levou a melhor sobre Felipe Leite, que ficou com a segunda coloca\u00e7\u00e3o ao final do evento. A terceira coloca\u00e7\u00e3o acabou nas m\u00e3os de Alberto Otaz\u00fa.<\/p>\n<p>Anthony Peperone tamb\u00e9m levou a melhor entre os competidores com peso at\u00e9 95 kg, ficando com o t\u00edtulo brasileiro tamb\u00e9m nesta classe. A segunda posi\u00e7\u00e3o ficou com Eduardo Neves, enquanto Giovanni Ballarin completou a lista dos tr\u00eas melhores nesta divis\u00e3o.<\/p>\n<p>Na classe dos 110 kg, o acreano Bruno Monteles terminou com o t\u00edtulo brasileiro de kart rental. Giovanni Ballarin ficou com a segunda coloca\u00e7\u00e3o ao final do campeonato, enquanto Rafael Santini fechou a competi\u00e7\u00e3o com o terceiro lugar desta classe.<\/p>\n<p>\u201cO evento foi excelente e est\u00e1 melhorando a cada ano, sobretudo com as novidades que nossa gest\u00e3o da Amika Kart Experience tem implementado desde 2020. A participa\u00e7\u00e3o de pilotos foi muito grande. Tivemos 17 estados representados e muitos patrocinadores que nos apoiaram e elogiaram bastante o n\u00edvel da organiza\u00e7\u00e3o. Al\u00e9m disso, tivemos uma grande confraterniza\u00e7\u00e3o entre os pilotos, com uma competi\u00e7\u00e3o saud\u00e1vel e que reuniu o grid mais democr\u00e1tico do Brasil, de todas as idades, n\u00edvel de prepara\u00e7\u00e3o, peso e de pilotos profissionais at\u00e9 novatos\u201d, diz Guilherme Putnoki, s\u00f3cio-propriet\u00e1rio da Amika Kart Experience, organizadora do evento, em balan\u00e7o sobre a competi\u00e7\u00e3o.<\/p>\n<p>O Campeonato Brasileiro de Kart Rental conta com os patroc\u00ednios de Lattine Group, Zanoello, Basicamente, Corsa, ALL C, RRA, Mormaii, Cervejaria Campinas, IMM, HP Im\u00f3veis, Panizzon, Wisefour, WE Seguros, Ibis, Imprimax e Jeunesse Nevo.<\/p>\n","protected":false},"excerpt":{"rendered":"<p>Um verdadeiro sucesso. Desta forma pode ser definido o Campeonato Brasileiro de Kart Rental, competi\u00e7\u00e3o que foi realizada no \u00faltimo final de semana no Kart\u00f3dromo <a class=\"read-more\" href=\"https:\/\/blogs.gazetaesportiva.com\/automobilismo\/2022\/10\/04\/brasileiro-de-kart-rental-conhece-campeoes-de-2022-no-kartodromo-granja-viana\/\">leia mais<\/a><\/p>\n","protected":false},"author":75,"featured_media":1083,"comment_status":"open","ping_status":"open","sticky":false,"template":"","format":"standard","meta":{"jetpack_post_was_ever_published":false,"_jetpack_newsletter_access":"","_jetpack_dont_email_post_to_subs":false,"_jetpack_newsletter_tier_id":0,"_jetpack_memberships_contains_paywalled_content":false,"_jetpack_memberships_contains_paid_content":false,"footnotes":"","jetpack_publicize_message":"","jetpack_publicize_feature_enabled":true,"jetpack_social_post_already_shared":false,"jetpack_social_options":{"image_generator_settings":{"template":"highway","default_image_id":0,"font":"","enabled":false},"version":2}},"categories":[1],"tags":[],"class_list":["post-1082","post","type-post","status-publish","format-standard","has-post-thumbnail","hentry","category-sem-categoria"],"jetpack_publicize_connections":[],"jetpack_featured_media_url":"https:\/\/blogs.gazetaesportiva.com\/automobilismo\/files\/2022\/10\/413819_1034421_img_20221003_152228.jpg","jetpack_sharing_enabled":true,"jetpack_shortlink":"https:\/\/wp.me\/pblv91-hs","_links":{"self":[{"href":"https:\/\/blogs.gazetaesportiva.com\/automobilismo\/wp-json\/wp\/v2\/posts\/1082","targetHints":{"allow":["GET"]}}],"collection":[{"href":"https:\/\/blogs.gazetaesportiva.com\/automobilismo\/wp-json\/wp\/v2\/posts"}],"about":[{"href":"https:\/\/blogs.gazetaesportiva.com\/automobilismo\/wp-json\/wp\/v2\/types\/post"}],"author":[{"embeddable":true,"href":"https:\/\/blogs.gazetaesportiva.com\/automobilismo\/wp-json\/wp\/v2\/users\/75"}],"replies":[{"embeddable":true,"href":"https:\/\/blogs.gazetaesportiva.com\/automobilismo\/wp-json\/wp\/v2\/comments?post=1082"}],"version-history":[{"count":0,"href":"https:\/\/blogs.gazetaesportiva.com\/automobilismo\/wp-json\/wp\/v2\/posts\/1082\/revisions"}],"wp:featuredmedia":[{"embeddable":true,"href":"https:\/\/blogs.gazetaesportiva.com\/automobilismo\/wp-json\/wp\/v2\/media\/1083"}],"wp:attachment":[{"href":"https:\/\/blogs.gazetaesportiva.com\/automobilismo\/wp-json\/wp\/v2\/media?parent=1082"}],"wp:term":[{"taxonomy":"category","embeddable":true,"href":"https:\/\/blogs.gazetaesportiva.com\/automobilismo\/wp-json\/wp\/v2\/categories?post=1082"},{"taxonomy":"post_tag","embeddable":true,"href":"https:\/\/blogs.gazetaesportiva.com\/automobilismo\/wp-json\/wp\/v2\/tags?post=1082"}],"curies":[{"name":"wp","href":"https:\/\/api.w.org\/{rel}","templated":true}]}}