{"id":1079,"date":"2022-10-03T14:45:32","date_gmt":"2022-10-03T14:45:32","guid":{"rendered":"https:\/\/blogs.gazetaesportiva.com\/automobilismo\/?p=1079"},"modified":"2022-10-03T14:46:24","modified_gmt":"2022-10-03T14:46:24","slug":"balao-em-homenagem-a-ayrton-senna-e-feirao-icarros-em-destaque-na-tv-gazeta1","status":"publish","type":"post","link":"https:\/\/blogs.gazetaesportiva.com\/automobilismo\/2022\/10\/03\/balao-em-homenagem-a-ayrton-senna-e-feirao-icarros-em-destaque-na-tv-gazeta1\/","title":{"rendered":"Bal\u00e3o em homenagem a Ayrton Senna e Feir\u00e3o iCarros em destaque na TV Gazeta"},"content":{"rendered":"<p>Ayrton Senna voava baixo nas pistas, mas agora tamb\u00e9m ser\u00e1 representado voando alto nos c\u00e9us com um bal\u00e3o especial criado em sua homenagem \u2013 e este foi um dos temas do nosso programa Momento Velocidade exibido ontem na TV Gazeta! <\/p>\n<p>O ic\u00f4nico capacete do piloto serviu de inspira\u00e7\u00e3o para Rodrigo Silva e Ricardo de Almeida criarem um bal\u00e3o de 27 metros de altura. O bal\u00e3o de ar quente ganhou o nome de SS-SENNA30. <\/p>\n<figure id=\"attachment_1065\" aria-describedby=\"caption-attachment-1065\" style=\"width: 640px\" class=\"wp-caption alignnone\"><img loading=\"lazy\" decoding=\"async\" src=\"https:\/\/blogs.gazetaesportiva.com\/automobilismo\/files\/2022\/09\/WhatsApp-Image-2022-08-18-at-11.15.35-768x1024.jpeg\" alt=\"Ayrton Senna\" width=\"640\" height=\"853\" class=\"size-large wp-image-1065\" srcset=\"https:\/\/blogs.gazetaesportiva.com\/automobilismo\/files\/2022\/09\/WhatsApp-Image-2022-08-18-at-11.15.35.jpeg 768w, https:\/\/blogs.gazetaesportiva.com\/automobilismo\/files\/2022\/09\/WhatsApp-Image-2022-08-18-at-11.15.35-225x300.jpeg 225w\" sizes=\"auto, (max-width: 640px) 100vw, 640px\" \/><figcaption id=\"caption-attachment-1065\" class=\"wp-caption-text\">Foto: Senna Brands<\/figcaption><\/figure>\n<p>Os idealizadores do projeto pretendem realizar apresenta\u00e7\u00f5es no Brasil e no mundo! Ele inclusive estar\u00e1 no pr\u00f3ximo m\u00eas viajando para o M\u00e9xico para participar de um dos maiores festivais de bal\u00f5es de ar quente da Am\u00e9rica Latina! O bal\u00e3o SS-SENNA30 comporta at\u00e9 quatro pessoas, sendo um piloto e tr\u00eas visitantes. Olha, esta sem d\u00favida \u00e9 uma das homenagens mais bonitas e criativas que Ayrton Senna recebeu nos \u00faltimos anos! Parab\u00e9ns, pessoal!<\/p>\n<p><iframe loading=\"lazy\" width=\"560\" height=\"315\" src=\"https:\/\/www.youtube.com\/embed\/z3tN8Q4DJe0\" title=\"YouTube video player\" frameborder=\"0\" allow=\"accelerometer; autoplay; clipboard-write; encrypted-media; gyroscope; picture-in-picture\" allowfullscreen><\/iframe><\/p>\n<p>E neste domingo tamb\u00e9m falamos de um assunto importante para quem gosta de carro. Afinal, estamos naquela aquela \u00e9poca que praticamente todo mundo planeja as suas f\u00e9rias e as viagens de fim de ano. E tamb\u00e9m, \u00e9 aquele momento que todos come\u00e7am a procurar um novo carro pra cair na estrada, n\u00e9?<\/p>\n<p>Ent\u00e3o tenho uma \u00f3tima not\u00edcia pra voc\u00ea: Come\u00e7ou o Feir\u00e3o iCarros com milhares de ofertas em todo o Brasil! T\u00e1 procurando um SUV, com um super espa\u00e7o interno, pra levar os amigos ou a fam\u00edlia? Um sed\u00e3, com um grande porta-malas pra n\u00e3o deixar nada pra tr\u00e1s? Ou quem sabe um hatch, com um motor potente e econ\u00f4mico?<\/p>\n<p>Todas essas op\u00e7\u00f5es voc\u00ea encontra no Feir\u00e3o iCarros, com condi\u00e7\u00f5es especiais e procurando as ofertas com o selo Entrega F\u00e1cil, voc\u00ea recebe ai na porta da sua casa! Acelera pro hotsite especial ou fa\u00e7a o download do aplicativo do iCarros. O Feir\u00e3o vai at\u00e9 o dia 31 de outubro, ent\u00e3o aproveite logo as ofertas! Feir\u00e3o iCarros, voc\u00ea na dire\u00e7\u00e3o do seu novo carro.<\/p>\n","protected":false},"excerpt":{"rendered":"<p>Ayrton Senna voava baixo nas pistas, mas agora tamb\u00e9m ser\u00e1 representado voando alto nos c\u00e9us com um bal\u00e3o especial criado em sua homenagem \u2013 e <a class=\"read-more\" href=\"https:\/\/blogs.gazetaesportiva.com\/automobilismo\/2022\/10\/03\/balao-em-homenagem-a-ayrton-senna-e-feirao-icarros-em-destaque-na-tv-gazeta1\/\">leia mais<\/a><\/p>\n","protected":false},"author":75,"featured_media":1080,"comment_status":"open","ping_status":"open","sticky":false,"template":"","format":"standard","meta":{"jetpack_post_was_ever_published":false,"_jetpack_newsletter_access":"","_jetpack_dont_email_post_to_subs":false,"_jetpack_newsletter_tier_id":0,"_jetpack_memberships_contains_paywalled_content":false,"_jetpack_memberships_contains_paid_content":false,"footnotes":"","jetpack_publicize_message":"","jetpack_publicize_feature_enabled":true,"jetpack_social_post_already_shared":false,"jetpack_social_options":{"image_generator_settings":{"template":"highway","default_image_id":0,"font":"","enabled":false},"version":2}},"categories":[1],"tags":[],"class_list":["post-1079","post","type-post","status-publish","format-standard","has-post-thumbnail","hentry","category-sem-categoria"],"jetpack_publicize_connections":[],"jetpack_featured_media_url":"https:\/\/blogs.gazetaesportiva.com\/automobilismo\/files\/2022\/10\/413249_1032635_whatsapp_image_2022_09_23_at_07.48.11.jpeg","jetpack_sharing_enabled":true,"jetpack_shortlink":"https:\/\/wp.me\/pblv91-hp","_links":{"self":[{"href":"https:\/\/blogs.gazetaesportiva.com\/automobilismo\/wp-json\/wp\/v2\/posts\/1079","targetHints":{"allow":["GET"]}}],"collection":[{"href":"https:\/\/blogs.gazetaesportiva.com\/automobilismo\/wp-json\/wp\/v2\/posts"}],"about":[{"href":"https:\/\/blogs.gazetaesportiva.com\/automobilismo\/wp-json\/wp\/v2\/types\/post"}],"author":[{"embeddable":true,"href":"https:\/\/blogs.gazetaesportiva.com\/automobilismo\/wp-json\/wp\/v2\/users\/75"}],"replies":[{"embeddable":true,"href":"https:\/\/blogs.gazetaesportiva.com\/automobilismo\/wp-json\/wp\/v2\/comments?post=1079"}],"version-history":[{"count":0,"href":"https:\/\/blogs.gazetaesportiva.com\/automobilismo\/wp-json\/wp\/v2\/posts\/1079\/revisions"}],"wp:featuredmedia":[{"embeddable":true,"href":"https:\/\/blogs.gazetaesportiva.com\/automobilismo\/wp-json\/wp\/v2\/media\/1080"}],"wp:attachment":[{"href":"https:\/\/blogs.gazetaesportiva.com\/automobilismo\/wp-json\/wp\/v2\/media?parent=1079"}],"wp:term":[{"taxonomy":"category","embeddable":true,"href":"https:\/\/blogs.gazetaesportiva.com\/automobilismo\/wp-json\/wp\/v2\/categories?post=1079"},{"taxonomy":"post_tag","embeddable":true,"href":"https:\/\/blogs.gazetaesportiva.com\/automobilismo\/wp-json\/wp\/v2\/tags?post=1079"}],"curies":[{"name":"wp","href":"https:\/\/api.w.org\/{rel}","templated":true}]}}