{"id":1075,"date":"2022-09-28T14:25:22","date_gmt":"2022-09-28T14:25:22","guid":{"rendered":"https:\/\/blogs.gazetaesportiva.com\/automobilismo\/?p=1075"},"modified":"2022-09-28T14:25:22","modified_gmt":"2022-09-28T14:25:22","slug":"verstappen-com-chance-de-bi-na-f1-e-a-confirmacao-de-gabriel-bortoleto-na-f3","status":"publish","type":"post","link":"https:\/\/blogs.gazetaesportiva.com\/automobilismo\/2022\/09\/28\/verstappen-com-chance-de-bi-na-f1-e-a-confirmacao-de-gabriel-bortoleto-na-f3\/","title":{"rendered":"Verstappen com chance de bi na F1 e a confirma\u00e7\u00e3o de Gabriel Bortoleto na F3"},"content":{"rendered":"<p>O Momento Velocidade desta ter\u00e7a-feira, ao vivo dentro do Gazeta Esportiva, mostrou que Max Verstappen j\u00e1 pode ser campe\u00e3o da F1 neste domingo. O dom\u00ednio do piloto da Red Bull \u00e9 tanto que ele j\u00e1 pode assegurar o t\u00edtulo com cinco provas de antecipa\u00e7\u00e3o. <\/p>\n<p>Mas convenhamos: \u00e9 um cen\u00e1rio improv\u00e1vel, porque ele tem que ganhar a corrida e Charles Leclerc e Sergio Perez tem que ficar fora dos primeiros. Mas se n\u00e3o for em Singapura, o t\u00edtulo deve vir no Jap\u00e3o! Confira aqui a mat\u00e9ria que fizemos para Gazeta Esportiva com as possibilidades.<\/p>\n<figure id=\"attachment_1076\" aria-describedby=\"caption-attachment-1076\" style=\"width: 640px\" class=\"wp-caption alignnone\"><img loading=\"lazy\" decoding=\"async\" src=\"https:\/\/blogs.gazetaesportiva.com\/automobilismo\/files\/2022\/09\/410556_1024014_spa_fr_kn_0885-1-1024x682.jpg\" alt=\"Gabriel Bortoleto\" width=\"640\" height=\"426\" class=\"size-large wp-image-1076\" srcset=\"https:\/\/blogs.gazetaesportiva.com\/automobilismo\/files\/2022\/09\/410556_1024014_spa_fr_kn_0885-1-1024x682.jpg 1024w, https:\/\/blogs.gazetaesportiva.com\/automobilismo\/files\/2022\/09\/410556_1024014_spa_fr_kn_0885-1-300x200.jpg 300w, https:\/\/blogs.gazetaesportiva.com\/automobilismo\/files\/2022\/09\/410556_1024014_spa_fr_kn_0885-1-768x512.jpg 768w, https:\/\/blogs.gazetaesportiva.com\/automobilismo\/files\/2022\/09\/410556_1024014_spa_fr_kn_0885-1-120x80.jpg 120w, https:\/\/blogs.gazetaesportiva.com\/automobilismo\/files\/2022\/09\/410556_1024014_spa_fr_kn_0885-1.jpg 2000w\" sizes=\"auto, (max-width: 640px) 100vw, 640px\" \/><figcaption id=\"caption-attachment-1076\" class=\"wp-caption-text\">Gabriel Bortoleto. (Foto: Duch Photo Agency)<\/figcaption><\/figure>\n<p>Para o Brasil a boa not\u00edcia \u00e9 que teremos mais um jovem talento acelerando na preliminar da F1 em 2023! O paulista Gabriel Bortoleto assinou contrato com a equipe Trident para correr na F3 e falou com a Gazeta.<\/p>\n<p><iframe loading=\"lazy\" width=\"560\" height=\"315\" src=\"https:\/\/www.youtube.com\/embed\/j6-WQbhEIQg\" title=\"YouTube video player\" frameborder=\"0\" allow=\"accelerometer; autoplay; clipboard-write; encrypted-media; gyroscope; picture-in-picture\" allowfullscreen><\/iframe><\/p>\n<p>Falando em jovens talentos, tamb\u00e9m vamos abrir espa\u00e7o aqui para falar do l\u00edder do campeonato da Copa Shell HB20: o Leonardo Reis. <\/p>\n<p>Ele tem 18 anos e sonha em correr na Stock Car. No \u00faltimo final de semana em Santa Cruz do Sul, ele conseguiu um segundo lugar que o manteve na lideran\u00e7a do campeonato e o curioso \u00e9 que ele disputa o t\u00edtulo com o irm\u00e3o mais velho, o Rafael Reis, e o coach dele, Alberto Cattucci.<\/p>\n<p>E neste domingo tem Brasileiro de Kart Rental na Granja Viana. Mais de 500 pilotos v\u00e3o disputar o campeonato nacional de automobilismo mais barato do Pa\u00eds: d\u00e1 pra competir com menos de R$ 100 por m\u00eas, como explica organizador do evento, o Guilherme Putnoki. \u201cO custo de competi\u00e7\u00e3o \u00e9 acess\u00edvel para qualquer pessoa e isso torna o campeonato ainda mais disputado\u201d, diz.<\/p>\n<p>A cobertura completa voc\u00ea v\u00ea na Gazeta, que neste domingo tamb\u00e9m traz dicas especiais do nosso parceiro, o Feir\u00e3o iCarros, que tem as melhores oportunidades para quem quer trocar de carro.<\/p>\n","protected":false},"excerpt":{"rendered":"<p>O Momento Velocidade desta ter\u00e7a-feira, ao vivo dentro do Gazeta Esportiva, mostrou que Max Verstappen j\u00e1 pode ser campe\u00e3o da F1 neste domingo. O dom\u00ednio <a class=\"read-more\" href=\"https:\/\/blogs.gazetaesportiva.com\/automobilismo\/2022\/09\/28\/verstappen-com-chance-de-bi-na-f1-e-a-confirmacao-de-gabriel-bortoleto-na-f3\/\">leia mais<\/a><\/p>\n","protected":false},"author":75,"featured_media":1077,"comment_status":"open","ping_status":"open","sticky":false,"template":"","format":"standard","meta":{"jetpack_post_was_ever_published":false,"_jetpack_newsletter_access":"","_jetpack_dont_email_post_to_subs":false,"_jetpack_newsletter_tier_id":0,"_jetpack_memberships_contains_paywalled_content":false,"_jetpack_memberships_contains_paid_content":false,"footnotes":"","jetpack_publicize_message":"","jetpack_publicize_feature_enabled":true,"jetpack_social_post_already_shared":false,"jetpack_social_options":{"image_generator_settings":{"template":"highway","default_image_id":0,"font":"","enabled":false},"version":2}},"categories":[1],"tags":[],"class_list":["post-1075","post","type-post","status-publish","format-standard","has-post-thumbnail","hentry","category-sem-categoria"],"jetpack_publicize_connections":[],"jetpack_featured_media_url":"https:\/\/blogs.gazetaesportiva.com\/automobilismo\/files\/2022\/09\/413417_1033362_img_20220926_183212.jpg","jetpack_sharing_enabled":true,"jetpack_shortlink":"https:\/\/wp.me\/pblv91-hl","_links":{"self":[{"href":"https:\/\/blogs.gazetaesportiva.com\/automobilismo\/wp-json\/wp\/v2\/posts\/1075","targetHints":{"allow":["GET"]}}],"collection":[{"href":"https:\/\/blogs.gazetaesportiva.com\/automobilismo\/wp-json\/wp\/v2\/posts"}],"about":[{"href":"https:\/\/blogs.gazetaesportiva.com\/automobilismo\/wp-json\/wp\/v2\/types\/post"}],"author":[{"embeddable":true,"href":"https:\/\/blogs.gazetaesportiva.com\/automobilismo\/wp-json\/wp\/v2\/users\/75"}],"replies":[{"embeddable":true,"href":"https:\/\/blogs.gazetaesportiva.com\/automobilismo\/wp-json\/wp\/v2\/comments?post=1075"}],"version-history":[{"count":0,"href":"https:\/\/blogs.gazetaesportiva.com\/automobilismo\/wp-json\/wp\/v2\/posts\/1075\/revisions"}],"wp:featuredmedia":[{"embeddable":true,"href":"https:\/\/blogs.gazetaesportiva.com\/automobilismo\/wp-json\/wp\/v2\/media\/1077"}],"wp:attachment":[{"href":"https:\/\/blogs.gazetaesportiva.com\/automobilismo\/wp-json\/wp\/v2\/media?parent=1075"}],"wp:term":[{"taxonomy":"category","embeddable":true,"href":"https:\/\/blogs.gazetaesportiva.com\/automobilismo\/wp-json\/wp\/v2\/categories?post=1075"},{"taxonomy":"post_tag","embeddable":true,"href":"https:\/\/blogs.gazetaesportiva.com\/automobilismo\/wp-json\/wp\/v2\/tags?post=1075"}],"curies":[{"name":"wp","href":"https:\/\/api.w.org\/{rel}","templated":true}]}}