{"id":1072,"date":"2022-09-27T20:40:41","date_gmt":"2022-09-27T20:40:41","guid":{"rendered":"https:\/\/blogs.gazetaesportiva.com\/automobilismo\/?p=1072"},"modified":"2022-09-27T20:40:41","modified_gmt":"2022-09-27T20:40:41","slug":"kartodromo-granja-viana-recebe-campeonato-brasileiro-de-kart-rental-neste-fim-de-semana","status":"publish","type":"post","link":"https:\/\/blogs.gazetaesportiva.com\/automobilismo\/2022\/09\/27\/kartodromo-granja-viana-recebe-campeonato-brasileiro-de-kart-rental-neste-fim-de-semana\/","title":{"rendered":"Kart\u00f3dromo Granja Viana recebe Campeonato Brasileiro de Kart Rental neste fim de semana"},"content":{"rendered":"<p>Imagine uma competi\u00e7\u00e3o com mais de 500 pilotos reunidos, correndo ao longo quatro dias pelo t\u00edtulo de melhor piloto do Pa\u00eds? \u00c9 isso que ser\u00e1 realizado a partir desta quinta-feira (29) no Kart\u00f3dromo Granja Viana, em Cotia (SP), que sedia o Campeonato Brasileiro de Kart Rental, competi\u00e7\u00e3o que est\u00e1 em sua 18\u00aa edi\u00e7\u00e3o. Ser\u00e3o nada menos que 510 competidores divididos em seis categorias, com separa\u00e7\u00e3o por idade, experi\u00eancia e peso dos competidores: Estreantes (para quem nunca participou do evento), S\u00eanior (para maiores de 40 anos), Super S\u00eanior (para maiores de 50 anos), 80 quilos, 95 quilos e 110 quilos.<\/p>\n<figure id=\"attachment_1074\" aria-describedby=\"caption-attachment-1074\" style=\"width: 640px\" class=\"wp-caption alignnone\"><img loading=\"lazy\" decoding=\"async\" src=\"https:\/\/blogs.gazetaesportiva.com\/automobilismo\/files\/2022\/09\/BKI-Amika-2891-1024x682.jpg\" alt=\"Brasileiro de Kart Rental\" width=\"640\" height=\"426\" class=\"size-large wp-image-1074\" srcset=\"https:\/\/blogs.gazetaesportiva.com\/automobilismo\/files\/2022\/09\/BKI-Amika-2891-1024x682.jpg 1024w, https:\/\/blogs.gazetaesportiva.com\/automobilismo\/files\/2022\/09\/BKI-Amika-2891-300x200.jpg 300w, https:\/\/blogs.gazetaesportiva.com\/automobilismo\/files\/2022\/09\/BKI-Amika-2891-768x512.jpg 768w, https:\/\/blogs.gazetaesportiva.com\/automobilismo\/files\/2022\/09\/BKI-Amika-2891-120x80.jpg 120w, https:\/\/blogs.gazetaesportiva.com\/automobilismo\/files\/2022\/09\/BKI-Amika-2891.jpg 2000w\" sizes=\"auto, (max-width: 640px) 100vw, 640px\" \/><figcaption id=\"caption-attachment-1074\" class=\"wp-caption-text\">Divulga\u00e7\u00e3o Amika\/RF1<\/figcaption><\/figure>\n<p>A f\u00f3rmula de disputa \u00e9 bastante diferente tamb\u00e9m. Ao todo os pilotos se enfrentar\u00e3o em cinco baterias classificat\u00f3rias, que ser\u00e3o disputadas em tr\u00eas tra\u00e7ados diferentes. Ap\u00f3s as disputas, o pior resultado de cada concorrente \u00e9 descartado, e os melhores avan\u00e7am para as corridas finais, que ser\u00e3o disputadas no domingo.<\/p>\n<p>Antes disso, os pilotos participar\u00e3o, j\u00e1 na quarta-feira (28), da prova \u201cEndurance Brasil\u201d, onde diversas equipes duelar\u00e3o na pista localizada na regi\u00e3o metropolitana de S\u00e3o Paulo ao longo de tr\u00eas horas de disputa.<\/p>\n<figure id=\"attachment_1073\" aria-describedby=\"caption-attachment-1073\" style=\"width: 640px\" class=\"wp-caption alignnone\"><img loading=\"lazy\" decoding=\"async\" src=\"https:\/\/blogs.gazetaesportiva.com\/automobilismo\/files\/2022\/09\/BKI-Amika-2413-1024x682.jpg\" alt=\"Brasileiro de Kart Rental\" width=\"640\" height=\"426\" class=\"size-large wp-image-1073\" srcset=\"https:\/\/blogs.gazetaesportiva.com\/automobilismo\/files\/2022\/09\/BKI-Amika-2413-1024x682.jpg 1024w, https:\/\/blogs.gazetaesportiva.com\/automobilismo\/files\/2022\/09\/BKI-Amika-2413-300x200.jpg 300w, https:\/\/blogs.gazetaesportiva.com\/automobilismo\/files\/2022\/09\/BKI-Amika-2413-768x512.jpg 768w, https:\/\/blogs.gazetaesportiva.com\/automobilismo\/files\/2022\/09\/BKI-Amika-2413-120x80.jpg 120w, https:\/\/blogs.gazetaesportiva.com\/automobilismo\/files\/2022\/09\/BKI-Amika-2413.jpg 2000w\" sizes=\"auto, (max-width: 640px) 100vw, 640px\" \/><figcaption id=\"caption-attachment-1073\" class=\"wp-caption-text\">Foto:  Divulga\u00e7\u00e3o Amika\/RF1<\/figcaption><\/figure>\n<p>\u201cEmbora o campeonato seja de kart rental, n\u00e3o h\u00e1 qualquer tipo de brincadeira. Tenho certeza de que os mais de 500 pilotos envolvidos na disputa levar\u00e3o tudo muito a s\u00e9rio buscando um t\u00edtulo brasileiro. A competitividade \u00e9 das maiores, como ocorre em competi\u00e7\u00f5es profissionais\u201d, comenta Felipe Giaffone, administrador do Kart\u00f3dromo Granja Viana.<\/p>\n<p>Se o n\u00famero de pilotos chama aten\u00e7\u00e3o, a estrutura montada no Kart\u00f3dromo Granja Viana tamb\u00e9m impressiona: a Amika escalou mais de 40 profissionais para trabalhar durante o evento, que contar\u00e1 com nada menos que 54 horas de atividades de pista, que contabilizar\u00e3o 128 sess\u00f5es, entre treinos, baterias e as corridas finais.<\/p>\n<p>\u201cO Campeonato Brasileiro de Kart Rental parte para sua 18\u00aa edi\u00e7\u00e3o, e \u00e9 considerado uma das competi\u00e7\u00f5es mais tradicionais da modalidade no Pa\u00eds. Temos uma equipe capacitada para entregar um evento deste tamanho para atender as necessidades de todos os envolvidos na competi\u00e7\u00e3o\u201d, diz Guilherme Putnoki, s\u00f3cio-propriet\u00e1rio da Amika Kart Experience, organizadora do evento.<\/p>\n<p>O Campeonato Brasileiro de Kart Rental, que ser\u00e1 um dos temas do &#8220;Momento Velocidade&#8221; desta ter\u00e7a-feira (27) na TV Gazeta, conta com os patroc\u00ednios de Lattine Group, Zanoello, Basicamente, Corsa, ALL C, RRA, Mormaii, Cervejaria Campinas, IMM, HP Im\u00f3veis, Panizzon, Wisefour, WE Seguros, Ibis, Imprimax e Jeunesse Nevo.<\/p>\n","protected":false},"excerpt":{"rendered":"<p>Imagine uma competi\u00e7\u00e3o com mais de 500 pilotos reunidos, correndo ao longo quatro dias pelo t\u00edtulo de melhor piloto do Pa\u00eds? \u00c9 isso que ser\u00e1 <a class=\"read-more\" href=\"https:\/\/blogs.gazetaesportiva.com\/automobilismo\/2022\/09\/27\/kartodromo-granja-viana-recebe-campeonato-brasileiro-de-kart-rental-neste-fim-de-semana\/\">leia mais<\/a><\/p>\n","protected":false},"author":75,"featured_media":1074,"comment_status":"open","ping_status":"open","sticky":false,"template":"","format":"standard","meta":{"jetpack_post_was_ever_published":false,"_jetpack_newsletter_access":"","_jetpack_dont_email_post_to_subs":false,"_jetpack_newsletter_tier_id":0,"_jetpack_memberships_contains_paywalled_content":false,"_jetpack_memberships_contains_paid_content":false,"footnotes":"","jetpack_publicize_message":"","jetpack_publicize_feature_enabled":true,"jetpack_social_post_already_shared":false,"jetpack_social_options":{"image_generator_settings":{"template":"highway","default_image_id":0,"font":"","enabled":false},"version":2}},"categories":[1],"tags":[],"class_list":["post-1072","post","type-post","status-publish","format-standard","has-post-thumbnail","hentry","category-sem-categoria"],"jetpack_publicize_connections":[],"jetpack_featured_media_url":"https:\/\/blogs.gazetaesportiva.com\/automobilismo\/files\/2022\/09\/BKI-Amika-2891.jpg","jetpack_sharing_enabled":true,"jetpack_shortlink":"https:\/\/wp.me\/pblv91-hi","_links":{"self":[{"href":"https:\/\/blogs.gazetaesportiva.com\/automobilismo\/wp-json\/wp\/v2\/posts\/1072","targetHints":{"allow":["GET"]}}],"collection":[{"href":"https:\/\/blogs.gazetaesportiva.com\/automobilismo\/wp-json\/wp\/v2\/posts"}],"about":[{"href":"https:\/\/blogs.gazetaesportiva.com\/automobilismo\/wp-json\/wp\/v2\/types\/post"}],"author":[{"embeddable":true,"href":"https:\/\/blogs.gazetaesportiva.com\/automobilismo\/wp-json\/wp\/v2\/users\/75"}],"replies":[{"embeddable":true,"href":"https:\/\/blogs.gazetaesportiva.com\/automobilismo\/wp-json\/wp\/v2\/comments?post=1072"}],"version-history":[{"count":0,"href":"https:\/\/blogs.gazetaesportiva.com\/automobilismo\/wp-json\/wp\/v2\/posts\/1072\/revisions"}],"wp:featuredmedia":[{"embeddable":true,"href":"https:\/\/blogs.gazetaesportiva.com\/automobilismo\/wp-json\/wp\/v2\/media\/1074"}],"wp:attachment":[{"href":"https:\/\/blogs.gazetaesportiva.com\/automobilismo\/wp-json\/wp\/v2\/media?parent=1072"}],"wp:term":[{"taxonomy":"category","embeddable":true,"href":"https:\/\/blogs.gazetaesportiva.com\/automobilismo\/wp-json\/wp\/v2\/categories?post=1072"},{"taxonomy":"post_tag","embeddable":true,"href":"https:\/\/blogs.gazetaesportiva.com\/automobilismo\/wp-json\/wp\/v2\/tags?post=1072"}],"curies":[{"name":"wp","href":"https:\/\/api.w.org\/{rel}","templated":true}]}}