{"id":1053,"date":"2022-09-14T16:15:35","date_gmt":"2022-09-14T16:15:35","guid":{"rendered":"https:\/\/blogs.gazetaesportiva.com\/automobilismo\/?p=1053"},"modified":"2022-09-14T16:15:35","modified_gmt":"2022-09-14T16:15:35","slug":"conquistas-do-brasil-na-f2-e-expectativa-para-o-mundial-de-kart-sao-destaque-na-tv-gazeta","status":"publish","type":"post","link":"https:\/\/blogs.gazetaesportiva.com\/automobilismo\/2022\/09\/14\/conquistas-do-brasil-na-f2-e-expectativa-para-o-mundial-de-kart-sao-destaque-na-tv-gazeta\/","title":{"rendered":"Conquistas do Brasil na F2 e expectativa para o Mundial de Kart s\u00e3o destaque na TV Gazeta"},"content":{"rendered":"<p>O programa Momento Velocidade, exibido toda ter\u00e7a e domingo na TV Gazeta, trouxe ontem a cobertura do t\u00edtulo de Felipe Drugovich na F2, que ganhou o campeonato com uma rodada de anteced\u00eancia e j\u00e1 assinou contrato com a Aston Martin para 2023. <\/p>\n<figure id=\"attachment_1056\" aria-describedby=\"caption-attachment-1056\" style=\"width: 640px\" class=\"wp-caption alignnone\"><img loading=\"lazy\" decoding=\"async\" src=\"https:\/\/blogs.gazetaesportiva.com\/automobilismo\/files\/2022\/09\/WhatsApp-Image-2022-09-14-at-13.01.03-1024x682.jpeg\" alt=\"Felipe Drugovich\" width=\"640\" height=\"426\" class=\"size-large wp-image-1056\" srcset=\"https:\/\/blogs.gazetaesportiva.com\/automobilismo\/files\/2022\/09\/WhatsApp-Image-2022-09-14-at-13.01.03-1024x682.jpeg 1024w, https:\/\/blogs.gazetaesportiva.com\/automobilismo\/files\/2022\/09\/WhatsApp-Image-2022-09-14-at-13.01.03-300x200.jpeg 300w, https:\/\/blogs.gazetaesportiva.com\/automobilismo\/files\/2022\/09\/WhatsApp-Image-2022-09-14-at-13.01.03-768x512.jpeg 768w, https:\/\/blogs.gazetaesportiva.com\/automobilismo\/files\/2022\/09\/WhatsApp-Image-2022-09-14-at-13.01.03-120x80.jpeg 120w, https:\/\/blogs.gazetaesportiva.com\/automobilismo\/files\/2022\/09\/WhatsApp-Image-2022-09-14-at-13.01.03.jpeg 1280w\" sizes=\"auto, (max-width: 640px) 100vw, 640px\" \/><figcaption id=\"caption-attachment-1056\" class=\"wp-caption-text\">Foto: Aston Martin<\/figcaption><\/figure>\n<p>Ele ser\u00e1 piloto de testes na equipe, que ter\u00e1 Fernando Alonso como titular no ano que vem, al\u00e9m, claro, de Lance Stroll, filho do principal acionista da equipe. E Felipe j\u00e1 vai guiar o carro deste ano no treino livre do GP de Abu Dhabi, em novembro.<\/p>\n<figure id=\"attachment_1054\" aria-describedby=\"caption-attachment-1054\" style=\"width: 640px\" class=\"wp-caption alignnone\"><img loading=\"lazy\" decoding=\"async\" src=\"https:\/\/blogs.gazetaesportiva.com\/automobilismo\/files\/2022\/09\/WhatsApp-Image-2022-09-14-at-13.01.30-1-1024x681.jpeg\" alt=\"Miguel Costa\" width=\"640\" height=\"426\" class=\"size-large wp-image-1054\" srcset=\"https:\/\/blogs.gazetaesportiva.com\/automobilismo\/files\/2022\/09\/WhatsApp-Image-2022-09-14-at-13.01.30-1.jpeg 1024w, https:\/\/blogs.gazetaesportiva.com\/automobilismo\/files\/2022\/09\/WhatsApp-Image-2022-09-14-at-13.01.30-1-300x200.jpeg 300w, https:\/\/blogs.gazetaesportiva.com\/automobilismo\/files\/2022\/09\/WhatsApp-Image-2022-09-14-at-13.01.30-1-768x511.jpeg 768w, https:\/\/blogs.gazetaesportiva.com\/automobilismo\/files\/2022\/09\/WhatsApp-Image-2022-09-14-at-13.01.30-1-120x80.jpeg 120w\" sizes=\"auto, (max-width: 640px) 100vw, 640px\" \/><figcaption id=\"caption-attachment-1054\" class=\"wp-caption-text\">Foto: Sporting Photo<\/figcaption><\/figure>\n<p>Na F1, tudo est\u00e1 encaminhado tamb\u00e9m para uma decis\u00e3o de t\u00edtulo antecipada. Em Monza, Max Verstappen venceu seu quinto GP seguido e j\u00e1 pode assegurar o bicampeonato em Singapura. E o Brasil disputa outro t\u00edtulo importante neste domingo: o Mundial de Kart, que acontece tamb\u00e9m na It\u00e1lia. <\/p>\n<figure id=\"attachment_1055\" aria-describedby=\"caption-attachment-1055\" style=\"width: 640px\" class=\"wp-caption alignnone\"><img loading=\"lazy\" decoding=\"async\" src=\"https:\/\/blogs.gazetaesportiva.com\/automobilismo\/files\/2022\/09\/WhatsApp-Image-2022-09-14-at-13.01.30-846x1024.jpeg\" alt=\"Matheus Ferreira\" width=\"640\" height=\"775\" class=\"size-large wp-image-1055\" srcset=\"https:\/\/blogs.gazetaesportiva.com\/automobilismo\/files\/2022\/09\/WhatsApp-Image-2022-09-14-at-13.01.30-846x1024.jpeg 846w, https:\/\/blogs.gazetaesportiva.com\/automobilismo\/files\/2022\/09\/WhatsApp-Image-2022-09-14-at-13.01.30-248x300.jpeg 248w, https:\/\/blogs.gazetaesportiva.com\/automobilismo\/files\/2022\/09\/WhatsApp-Image-2022-09-14-at-13.01.30-768x930.jpeg 768w, https:\/\/blogs.gazetaesportiva.com\/automobilismo\/files\/2022\/09\/WhatsApp-Image-2022-09-14-at-13.01.30.jpeg 1125w\" sizes=\"auto, (max-width: 640px) 100vw, 640px\" \/><figcaption id=\"caption-attachment-1055\" class=\"wp-caption-text\">Foto: Alpine<\/figcaption><\/figure>\n<p>Eu conversei com dois jovens talentos que j\u00e1 tem liga\u00e7\u00e3o com um time de F1. Na OK, falamos com o Matheus Ferreira, que tem 15 anos e integra o programa de afiliados da Alpine-Renault. E na categoria OK Junior, o Brasil tem entre seus representantes o Miguel Costa, que tamb\u00e9m j\u00e1 tem contrato com a Sauber Karting Team, da equipe Alfa Romeo da F1. Confira a \u00edntegra do programa:<\/p>\n<p><iframe loading=\"lazy\" width=\"560\" height=\"315\" src=\"https:\/\/www.youtube.com\/embed\/-2oXKUxJ87g\" title=\"YouTube video player\" frameborder=\"0\" allow=\"accelerometer; autoplay; clipboard-write; encrypted-media; gyroscope; picture-in-picture\" allowfullscreen><\/iframe><\/p>\n<p>E para fechar o final de semana de velocidade teremos a pen\u00faltima rodada da Copa Truck. Quem lidera o campeonato \u00e9 o Beto Monteiro, da equipe Grupo Universal Automotive Systems. E domingo tamb\u00e9m tem Momento Velocidade aqui na TV Gazeta, 11h50, fechando o Gazeta Motors, com dicas para quem quer comprar e vender seu carro com o nosso parceiro, iCarros.<\/p>\n","protected":false},"excerpt":{"rendered":"<p>O programa Momento Velocidade, exibido toda ter\u00e7a e domingo na TV Gazeta, trouxe ontem a cobertura do t\u00edtulo de Felipe Drugovich na F2, que ganhou <a class=\"read-more\" href=\"https:\/\/blogs.gazetaesportiva.com\/automobilismo\/2022\/09\/14\/conquistas-do-brasil-na-f2-e-expectativa-para-o-mundial-de-kart-sao-destaque-na-tv-gazeta\/\">leia mais<\/a><\/p>\n","protected":false},"author":75,"featured_media":1056,"comment_status":"open","ping_status":"open","sticky":false,"template":"","format":"standard","meta":{"jetpack_post_was_ever_published":false,"_jetpack_newsletter_access":"","_jetpack_dont_email_post_to_subs":false,"_jetpack_newsletter_tier_id":0,"_jetpack_memberships_contains_paywalled_content":false,"_jetpack_memberships_contains_paid_content":false,"footnotes":"","jetpack_publicize_message":"","jetpack_publicize_feature_enabled":true,"jetpack_social_post_already_shared":false,"jetpack_social_options":{"image_generator_settings":{"template":"highway","default_image_id":0,"font":"","enabled":false},"version":2}},"categories":[1],"tags":[],"class_list":["post-1053","post","type-post","status-publish","format-standard","has-post-thumbnail","hentry","category-sem-categoria"],"jetpack_publicize_connections":[],"jetpack_featured_media_url":"https:\/\/blogs.gazetaesportiva.com\/automobilismo\/files\/2022\/09\/WhatsApp-Image-2022-09-14-at-13.01.03.jpeg","jetpack_sharing_enabled":true,"jetpack_shortlink":"https:\/\/wp.me\/pblv91-gZ","_links":{"self":[{"href":"https:\/\/blogs.gazetaesportiva.com\/automobilismo\/wp-json\/wp\/v2\/posts\/1053","targetHints":{"allow":["GET"]}}],"collection":[{"href":"https:\/\/blogs.gazetaesportiva.com\/automobilismo\/wp-json\/wp\/v2\/posts"}],"about":[{"href":"https:\/\/blogs.gazetaesportiva.com\/automobilismo\/wp-json\/wp\/v2\/types\/post"}],"author":[{"embeddable":true,"href":"https:\/\/blogs.gazetaesportiva.com\/automobilismo\/wp-json\/wp\/v2\/users\/75"}],"replies":[{"embeddable":true,"href":"https:\/\/blogs.gazetaesportiva.com\/automobilismo\/wp-json\/wp\/v2\/comments?post=1053"}],"version-history":[{"count":0,"href":"https:\/\/blogs.gazetaesportiva.com\/automobilismo\/wp-json\/wp\/v2\/posts\/1053\/revisions"}],"wp:featuredmedia":[{"embeddable":true,"href":"https:\/\/blogs.gazetaesportiva.com\/automobilismo\/wp-json\/wp\/v2\/media\/1056"}],"wp:attachment":[{"href":"https:\/\/blogs.gazetaesportiva.com\/automobilismo\/wp-json\/wp\/v2\/media?parent=1053"}],"wp:term":[{"taxonomy":"category","embeddable":true,"href":"https:\/\/blogs.gazetaesportiva.com\/automobilismo\/wp-json\/wp\/v2\/categories?post=1053"},{"taxonomy":"post_tag","embeddable":true,"href":"https:\/\/blogs.gazetaesportiva.com\/automobilismo\/wp-json\/wp\/v2\/tags?post=1053"}],"curies":[{"name":"wp","href":"https:\/\/api.w.org\/{rel}","templated":true}]}}