{"id":1048,"date":"2022-09-14T12:20:01","date_gmt":"2022-09-14T12:20:01","guid":{"rendered":"https:\/\/blogs.gazetaesportiva.com\/automobilismo\/?p=1048"},"modified":"2022-09-14T13:14:00","modified_gmt":"2022-09-14T13:14:00","slug":"exposicao-senninha-uma-aventura-na-amazonia-no-shopping-center-norte-tem-vendas-abertas-de-ingressos","status":"publish","type":"post","link":"https:\/\/blogs.gazetaesportiva.com\/automobilismo\/2022\/09\/14\/exposicao-senninha-uma-aventura-na-amazonia-no-shopping-center-norte-tem-vendas-abertas-de-ingressos\/","title":{"rendered":"\u201cPequenos f\u00e3s de velocidade tem atra\u00e7\u00e3o especial em SP com Senninha\u201d"},"content":{"rendered":"<p>Para os f\u00e3s de velocidade que est\u00e3o em S\u00e3o Paulo (SP), n\u00f3s temos uma dica bem legal para curtir um dos personagens mais conhecidos do mundo do automobilismo: o Senninha. A venda de ingressos para a exposi\u00e7\u00e3o interativa \u201cSenninha \u2013 Uma Aventura na Amaz\u00f4nia\u201d, que ser\u00e1 realizada no Shopping Center Norte, em S\u00e3o Paulo (SP), entre os dias 23\/09 e 30\/10 est\u00e1 aberta, e o evento traz uma experi\u00eancia l\u00fadica com o personagem. As entradas s\u00e3o limitadas e podem ser adquiridas nas bilheterias locais e tamb\u00e9m pelo site.<\/p>\n<figure id=\"attachment_1049\" aria-describedby=\"caption-attachment-1049\" style=\"width: 640px\" class=\"wp-caption alignnone\"><img loading=\"lazy\" decoding=\"async\" src=\"https:\/\/blogs.gazetaesportiva.com\/automobilismo\/files\/2022\/09\/IMG_20220914_091602-693x1024.jpg\" alt=\"\" width=\"640\" height=\"946\" class=\"size-large wp-image-1049\" srcset=\"https:\/\/blogs.gazetaesportiva.com\/automobilismo\/files\/2022\/09\/IMG_20220914_091602-693x1024.jpg 693w, https:\/\/blogs.gazetaesportiva.com\/automobilismo\/files\/2022\/09\/IMG_20220914_091602-203x300.jpg 203w, https:\/\/blogs.gazetaesportiva.com\/automobilismo\/files\/2022\/09\/IMG_20220914_091602-768x1135.jpg 768w, https:\/\/blogs.gazetaesportiva.com\/automobilismo\/files\/2022\/09\/IMG_20220914_091602.jpg 866w\" sizes=\"auto, (max-width: 640px) 100vw, 640px\" \/><figcaption id=\"caption-attachment-1049\" class=\"wp-caption-text\">Foto: divulga\u00e7\u00e3o<\/figcaption><\/figure>\n<p>Para garantir a divers\u00e3o de toda a fam\u00edlia, a atra\u00e7\u00e3o conta com pre\u00e7os promocionais. Por tempo limitado os ingressos para todos os dias da semana custam R$ 21,90. Al\u00e9m disso, \u00e0s segundas a ativa\u00e7\u00e3o disponibiliza ingressos sociais para grupos espec\u00edficos.<\/p>\n<p>Nesta viagem, a turma do Senninha recebe a not\u00edcia de que a \u00c1rvore da Vit\u00f3ria, esp\u00e9cie rara que s\u00f3 existe na Amaz\u00f4nia, est\u00e1 em perigo e somente pessoas com valores camp\u00f5es podem ajudar a salv\u00e1-la.<\/p>\n<p>\u00c9 uma atra\u00e7\u00e3o voltada para toda fam\u00edlia e conta com nove cen\u00e1rios tem\u00e1ticos que prometem uma experi\u00eancia bastante din\u00e2mica, que exige habilidades f\u00edsicas, sensoriais e emocionais para encarar os desafios com o personagem.<\/p>\n<p>Senninha &#8211; Uma Aventura na Amaz\u00f4nia<\/p>\n<p>A venda de ingressos online segue aberta desde o dia 12 de setembro pelo site. Ser\u00e3o realizadas duas sess\u00f5es por hora, com capacidade para 40 pessoas.<\/p>\n<p><strong>Servi\u00e7o:<\/strong><br \/>\nO qu\u00ea: \u201cSenninha &#8211; Uma Aventura na Amaz\u00f4nia\u201d<br \/>\nQuando: 23\/09 a 30\/10<br \/>\nValor: R$ 21,90 a R$59,90<br \/>\nVendas: A partir do dia 12\/09, no site:<br \/>\n<a href=\"https:\/\/bileto.sympla.com.br\/event\/76128\/d\/155765\" rel=\"noopener noreferrer\" target=\"_blank\">https:\/\/bileto.sympla.com.br\/event\/76128\/d\/155765<\/a><br \/>\nClassifica\u00e7\u00e3o: A partir dos 3 anos<br \/>\nOnde: Pra\u00e7a de Eventos \u2013 Shopping Center Norte| Travessa Casalbuono, 120 &#8211; Vila Guilherme &#8211; S\u00e3o Paulo\/SP<br \/>\nHor\u00e1rio de funcionamento: De ter\u00e7a a s\u00e1bado das 10h \u00e0s 22h. Domingos e feriados das 14h \u00e0s 20h<\/p>\n","protected":false},"excerpt":{"rendered":"<p>Para os f\u00e3s de velocidade que est\u00e3o em S\u00e3o Paulo (SP), n\u00f3s temos uma dica bem legal para curtir um dos personagens mais conhecidos do <a class=\"read-more\" href=\"https:\/\/blogs.gazetaesportiva.com\/automobilismo\/2022\/09\/14\/exposicao-senninha-uma-aventura-na-amazonia-no-shopping-center-norte-tem-vendas-abertas-de-ingressos\/\">leia mais<\/a><\/p>\n","protected":false},"author":75,"featured_media":1051,"comment_status":"open","ping_status":"open","sticky":false,"template":"","format":"standard","meta":{"jetpack_post_was_ever_published":false,"_jetpack_newsletter_access":"","_jetpack_dont_email_post_to_subs":false,"_jetpack_newsletter_tier_id":0,"_jetpack_memberships_contains_paywalled_content":false,"_jetpack_memberships_contains_paid_content":false,"footnotes":"","jetpack_publicize_message":"","jetpack_publicize_feature_enabled":true,"jetpack_social_post_already_shared":false,"jetpack_social_options":{"image_generator_settings":{"template":"highway","default_image_id":0,"font":"","enabled":false},"version":2}},"categories":[1],"tags":[],"class_list":["post-1048","post","type-post","status-publish","format-standard","has-post-thumbnail","hentry","category-sem-categoria"],"jetpack_publicize_connections":[],"jetpack_featured_media_url":"https:\/\/blogs.gazetaesportiva.com\/automobilismo\/files\/2022\/09\/IMG_20220914_093639.jpg","jetpack_sharing_enabled":true,"jetpack_shortlink":"https:\/\/wp.me\/pblv91-gU","_links":{"self":[{"href":"https:\/\/blogs.gazetaesportiva.com\/automobilismo\/wp-json\/wp\/v2\/posts\/1048","targetHints":{"allow":["GET"]}}],"collection":[{"href":"https:\/\/blogs.gazetaesportiva.com\/automobilismo\/wp-json\/wp\/v2\/posts"}],"about":[{"href":"https:\/\/blogs.gazetaesportiva.com\/automobilismo\/wp-json\/wp\/v2\/types\/post"}],"author":[{"embeddable":true,"href":"https:\/\/blogs.gazetaesportiva.com\/automobilismo\/wp-json\/wp\/v2\/users\/75"}],"replies":[{"embeddable":true,"href":"https:\/\/blogs.gazetaesportiva.com\/automobilismo\/wp-json\/wp\/v2\/comments?post=1048"}],"version-history":[{"count":0,"href":"https:\/\/blogs.gazetaesportiva.com\/automobilismo\/wp-json\/wp\/v2\/posts\/1048\/revisions"}],"wp:featuredmedia":[{"embeddable":true,"href":"https:\/\/blogs.gazetaesportiva.com\/automobilismo\/wp-json\/wp\/v2\/media\/1051"}],"wp:attachment":[{"href":"https:\/\/blogs.gazetaesportiva.com\/automobilismo\/wp-json\/wp\/v2\/media?parent=1048"}],"wp:term":[{"taxonomy":"category","embeddable":true,"href":"https:\/\/blogs.gazetaesportiva.com\/automobilismo\/wp-json\/wp\/v2\/categories?post=1048"},{"taxonomy":"post_tag","embeddable":true,"href":"https:\/\/blogs.gazetaesportiva.com\/automobilismo\/wp-json\/wp\/v2\/tags?post=1048"}],"curies":[{"name":"wp","href":"https:\/\/api.w.org\/{rel}","templated":true}]}}