{"id":1045,"date":"2022-09-12T19:30:39","date_gmt":"2022-09-12T19:30:39","guid":{"rendered":"https:\/\/blogs.gazetaesportiva.com\/automobilismo\/?p=1045"},"modified":"2022-09-12T19:48:32","modified_gmt":"2022-09-12T19:48:32","slug":"brasileiro-de-kart-rental-reunira-mais-de-500-pilotos-no-kartodromo-granja-viana-em-outubro","status":"publish","type":"post","link":"https:\/\/blogs.gazetaesportiva.com\/automobilismo\/2022\/09\/12\/brasileiro-de-kart-rental-reunira-mais-de-500-pilotos-no-kartodromo-granja-viana-em-outubro\/","title":{"rendered":"Brasileiro de Kart Rental reunir\u00e1 mais de 500 pilotos no Kart\u00f3dromo Granja Viana em outubro"},"content":{"rendered":"<div>\n<figure id=\"attachment_1046\" aria-describedby=\"caption-attachment-1046\" style=\"width: 640px\" class=\"wp-caption aligncenter\"><img loading=\"lazy\" decoding=\"async\" class=\"size-large wp-image-1046\" src=\"https:\/\/blogs.gazetaesportiva.com\/automobilismo\/files\/2022\/09\/D7F3E5A5-1832-4492-9A5F-EA9CEB43D9BE-1024x682.jpeg\" alt=\"\" width=\"640\" height=\"426\" srcset=\"https:\/\/blogs.gazetaesportiva.com\/automobilismo\/files\/2022\/09\/D7F3E5A5-1832-4492-9A5F-EA9CEB43D9BE-1024x682.jpeg 1024w, https:\/\/blogs.gazetaesportiva.com\/automobilismo\/files\/2022\/09\/D7F3E5A5-1832-4492-9A5F-EA9CEB43D9BE-300x200.jpeg 300w, https:\/\/blogs.gazetaesportiva.com\/automobilismo\/files\/2022\/09\/D7F3E5A5-1832-4492-9A5F-EA9CEB43D9BE-768x512.jpeg 768w, https:\/\/blogs.gazetaesportiva.com\/automobilismo\/files\/2022\/09\/D7F3E5A5-1832-4492-9A5F-EA9CEB43D9BE-120x80.jpeg 120w, https:\/\/blogs.gazetaesportiva.com\/automobilismo\/files\/2022\/09\/D7F3E5A5-1832-4492-9A5F-EA9CEB43D9BE.jpeg 2000w\" sizes=\"auto, (max-width: 640px) 100vw, 640px\" \/><figcaption id=\"caption-attachment-1046\" class=\"wp-caption-text\">Brasileiro de Kart Rental<br \/>(Infinity Photo\/ Amika\/ RF1)<\/figcaption><\/figure>\n<\/div>\n<div><\/div>\n<div>O programa Momento Velocidade exibido ontem na TV Gazeta trouxe reportagem especial sobre o o BKR (Festival Brasileiro de Kart Rental), equivalente ao Campeonato Brasileiro da modalidade, que reunir\u00e1 510 pilotos de 18 estados brasileiros em uma das mais importantes provas do kartismo nacional, entre os dias 29 de setembro e 2 de outubro no Kart\u00f3dromo Granja Viana, em Cotia (SP).<\/div>\n<div><\/div>\n<div>Os 510 competidores est\u00e3o divididos em seis categorias, que levam em conta experi\u00eancia dos pilotos em competi\u00e7\u00e3o de kart, idade e peso com pilotos: Estreantes (para quem nunca participou do evento), S\u00eanior (para maiores de 40 anos), Super S\u00eanior (para maiores de 50 anos), 80 quilos, 95 quilos e 110 quilos, onde apenas o peso do atleta \u00e9 considerado.<\/div>\n<div><\/div>\n<div>&#8220;\u00c9 uma competi\u00e7\u00e3o com karts iguais para todos e re\u00fane os melhores pilotos do Brasil. O equipamento \u00e9 o de aluguel, o mesmo que a gente usa no dia-a-dia no chamado kart amador, mas de brincadeira n\u00e3o tem nada, s\u00e3o mais de 500 pilotos e uma competitividade extrema, como em qualquer grande campeonato profissional&#8221;, diz Felipe Giaffone, administrador do Kart\u00f3dromo Granja Viana.<\/div>\n<div><\/div>\n<div>O Campeonato Brasileiro de Kart Rental contar\u00e1 com cinco baterias classificat\u00f3rias para cada classe, com a peculiaridade de usar tr\u00eas tra\u00e7ados diferentes. O pior resultado de cada piloto \u00e9 descartado. Estas baterias definem os finalistas de cada classe, que tem n\u00famero variado em cada uma das divis\u00f5es. As finais ser\u00e3o realizadas na tarde do dia 2 de outubro.<\/div>\n<div><\/div>\n<div>Com tantos competidores, os n\u00fameros do campeonato tamb\u00e9m impressionam. Mais de 40 pessoas ligadas a Amika trabalhar\u00e3o para organizar cada detalhe da competi\u00e7\u00e3o, que contar\u00e1 com 128 atividades de pista, entre treinos, baterias classificat\u00f3rias e as finais. Ao todo, ser\u00e3o 54 horas de atividades no Kart\u00f3dromo Granja Viana. Ser\u00e3o distribu\u00eddos aos pilotos 165 trof\u00e9us e 100 medalhas.<\/div>\n<div><\/div>\n<div>\n<p>&#8220;\u00c9 um dos eventos mais tradicionais do nosso kartismo, esta sendo a 18a edi\u00e7\u00e3o do Brasileiro de Kart Rental. \u00c9 uma responsabilidade muito grande entregar um evento de qualidade para nossos mais de 500 pilotos&#8221;, diz Guilherme Putnoki, s\u00f3cio-propriet\u00e1rio da Amika Kart Experience, organizadora do evento. Confira a entrevista na reportagem exibida na TV Gazeta:<\/p>\n<p><iframe loading=\"lazy\" title=\"YouTube video player\" src=\"https:\/\/www.youtube.com\/embed\/6V_nn8EHDuY\" width=\"560\" height=\"315\" frameborder=\"0\" allowfullscreen=\"allowfullscreen\"><\/iframe><\/p>\n<\/div>\n<div>Um dia antes, em 28 de setembro, ser\u00e1 realizada a prova \u201cEndurance Brasil\u201d, uma corrida de tr\u00eas horas de dura\u00e7\u00e3o com a participa\u00e7\u00e3o de diversas equipes. O Brasileiro de Kart Rental conta com os patroc\u00ednios de Lattine Group, Zanoello, Basicamente, Corsa, ALL C, RRA, Mormaii, Cervejaria Campinas, IMM, HP Im\u00f3veis, Panizzon, Wisefour, WE Seguros, Ibis, Imprimax e Jeunesse Nevo.<\/div>\n","protected":false},"excerpt":{"rendered":"<p>O programa Momento Velocidade exibido ontem na TV Gazeta trouxe reportagem especial sobre o o BKR (Festival Brasileiro de Kart Rental), equivalente ao Campeonato Brasileiro <a class=\"read-more\" href=\"https:\/\/blogs.gazetaesportiva.com\/automobilismo\/2022\/09\/12\/brasileiro-de-kart-rental-reunira-mais-de-500-pilotos-no-kartodromo-granja-viana-em-outubro\/\">leia mais<\/a><\/p>\n","protected":false},"author":75,"featured_media":1046,"comment_status":"open","ping_status":"open","sticky":false,"template":"","format":"standard","meta":{"jetpack_post_was_ever_published":false,"_jetpack_newsletter_access":"","_jetpack_dont_email_post_to_subs":false,"_jetpack_newsletter_tier_id":0,"_jetpack_memberships_contains_paywalled_content":false,"_jetpack_memberships_contains_paid_content":false,"footnotes":"","jetpack_publicize_message":"","jetpack_publicize_feature_enabled":true,"jetpack_social_post_already_shared":false,"jetpack_social_options":{"image_generator_settings":{"template":"highway","default_image_id":0,"font":"","enabled":false},"version":2}},"categories":[1],"tags":[],"class_list":["post-1045","post","type-post","status-publish","format-standard","has-post-thumbnail","hentry","category-sem-categoria"],"jetpack_publicize_connections":[],"jetpack_featured_media_url":"https:\/\/blogs.gazetaesportiva.com\/automobilismo\/files\/2022\/09\/D7F3E5A5-1832-4492-9A5F-EA9CEB43D9BE.jpeg","jetpack_sharing_enabled":true,"jetpack_shortlink":"https:\/\/wp.me\/pblv91-gR","_links":{"self":[{"href":"https:\/\/blogs.gazetaesportiva.com\/automobilismo\/wp-json\/wp\/v2\/posts\/1045","targetHints":{"allow":["GET"]}}],"collection":[{"href":"https:\/\/blogs.gazetaesportiva.com\/automobilismo\/wp-json\/wp\/v2\/posts"}],"about":[{"href":"https:\/\/blogs.gazetaesportiva.com\/automobilismo\/wp-json\/wp\/v2\/types\/post"}],"author":[{"embeddable":true,"href":"https:\/\/blogs.gazetaesportiva.com\/automobilismo\/wp-json\/wp\/v2\/users\/75"}],"replies":[{"embeddable":true,"href":"https:\/\/blogs.gazetaesportiva.com\/automobilismo\/wp-json\/wp\/v2\/comments?post=1045"}],"version-history":[{"count":0,"href":"https:\/\/blogs.gazetaesportiva.com\/automobilismo\/wp-json\/wp\/v2\/posts\/1045\/revisions"}],"wp:featuredmedia":[{"embeddable":true,"href":"https:\/\/blogs.gazetaesportiva.com\/automobilismo\/wp-json\/wp\/v2\/media\/1046"}],"wp:attachment":[{"href":"https:\/\/blogs.gazetaesportiva.com\/automobilismo\/wp-json\/wp\/v2\/media?parent=1045"}],"wp:term":[{"taxonomy":"category","embeddable":true,"href":"https:\/\/blogs.gazetaesportiva.com\/automobilismo\/wp-json\/wp\/v2\/categories?post=1045"},{"taxonomy":"post_tag","embeddable":true,"href":"https:\/\/blogs.gazetaesportiva.com\/automobilismo\/wp-json\/wp\/v2\/tags?post=1045"}],"curies":[{"name":"wp","href":"https:\/\/api.w.org\/{rel}","templated":true}]}}