{"id":86,"date":"2022-09-28T18:09:43","date_gmt":"2022-09-28T18:09:43","guid":{"rendered":"https:\/\/blogs.gazetaesportiva.com\/arbitragem\/?p=86"},"modified":"2022-09-28T18:09:43","modified_gmt":"2022-09-28T18:09:43","slug":"futebol-nao-e-mma-nao-e-arte-marcial","status":"publish","type":"post","link":"https:\/\/blogs.gazetaesportiva.com\/arbitragem\/2022\/09\/28\/futebol-nao-e-mma-nao-e-arte-marcial\/","title":{"rendered":"Futebol n\u00e3o \u00e9 MMA; n\u00e3o \u00e9 arte marcial"},"content":{"rendered":"<figure id=\"attachment_87\" aria-describedby=\"caption-attachment-87\" style=\"width: 887px\" class=\"wp-caption alignnone\"><img loading=\"lazy\" decoding=\"async\" class=\"size-full wp-image-87\" src=\"https:\/\/blogs.gazetaesportiva.com\/arbitragem\/files\/2022\/09\/rodallega.jpg\" alt=\"\" width=\"887\" height=\"509\" srcset=\"https:\/\/blogs.gazetaesportiva.com\/arbitragem\/files\/2022\/09\/rodallega.jpg 887w, https:\/\/blogs.gazetaesportiva.com\/arbitragem\/files\/2022\/09\/rodallega-300x172.jpg 300w, https:\/\/blogs.gazetaesportiva.com\/arbitragem\/files\/2022\/09\/rodallega-768x441.jpg 768w\" sizes=\"auto, (max-width: 887px) 100vw, 887px\" \/><figcaption id=\"caption-attachment-87\" class=\"wp-caption-text\">Foto: Divulga\u00e7\u00e3o\/Bahia<\/figcaption><\/figure>\n<p><strong>Lance pol\u00eamico da S\u00e9rie B \u2013 31\u00aa Rodada<\/strong><\/p>\n<p><strong>Bahia x Oper\u00e1rio-PR \u2013 24\/09\/2022<\/strong><\/p>\n<p><strong>Expuls\u00e3o Hugo Rodallega, do Bahia<\/strong><\/p>\n<p>A expuls\u00e3o de Hugo Rodallega, por pr\u00e1tica de jogo brusco grave, foi correta. Com efeito, a a\u00e7\u00e3o do jogador do Bahia foi claramente dissociada da possibilidade de disputar a bola; o contato com o advers\u00e1rio foi com as travas da chuteira e com alta intensidade, caracterizando, de tal sorte, n\u00e3o apenas o ato de assumir o risco de les\u00e3o, que j\u00e1 \u00e9 o bastante para justificar um Cart\u00e3o Vermelho, mas a clara inten\u00e7\u00e3o de lesionar o oponente.<\/p>\n<p>Esta n\u00e3o \u00e9 a primeira vez em que analisamos os lances da esp\u00e9cie e questionamos o porqu\u00ea de jogadores profissionais praticarem tais a\u00e7\u00f5es, que ferem o mais comezinho princ\u00edpio \u00e9tico e possibilitam a infeliz impress\u00e3o de que futebol pode ser confundido com MMA, arte marcial.<\/p>\n<p>A prop\u00f3sito, remetemos o leitor \u00e0s nossas colunas publicadas aqui na pr\u00f3pria <strong>Gazeta Esportiva<\/strong>, em 12\/08 e 09\/09\/2022, nas quais analisamos outras expuls\u00f5es por motivos semelhantes e indagamos as poss\u00edveis causas de os jogadores de futebol praticarem a\u00e7\u00f5es de viol\u00eancia contra companheiros de profiss\u00e3o e opinamos que os dirigentes de futebol devem enfrentar esse grave problema com objetivo de alterar essa infeliz mentalidade.<\/p>\n<p>Embora nas referidas oportunidades tenhamos oferecido uma larga rela\u00e7\u00e3o das poss\u00edveis causas para t\u00e3o grave problema, ainda julgamos oportuno agregar a indaga\u00e7\u00e3o do renomado e muito l\u00facido articulista do site E. C. Bahia, Senhor Djalma Gomes, que pergunta: \u201cser\u00e1 que os jogadores que assim agem se esquecem que os jogadores atingidos s\u00e3o seres humano iguais a eles?\u201d. Pois \u00e9, tais pr\u00e1ticas s\u00e3o t\u00e3o injustific\u00e1veis que o questionamento de<\/p>\n<p>Djalma n\u00e3o poderia ficar sem o devido registro e sem se somar \u00e0s nossas indaga\u00e7\u00f5es.<\/p>\n<p>Para finalizar este ponto, ainda observamos que a falta cometida por Rodallega, ao lado da lesionar o goleiro do Oper\u00e1rio; de ter provocado sua expuls\u00e3o; de ocasionar, no m\u00ednimo, sua a suspens\u00e3o autom\u00e1tica; ainda impossibilitou o Bahia de cobrar o arremesso lateral e de tentar marcar o gol da vit\u00f3ria ao \u201capagar das luzes\u201d, como j\u00e1 da tradi\u00e7\u00e3o do Esquadr\u00e3o de A\u00e7o. Desastre de ponta a ponta!<\/p>\n<p>Ao Bahia, portanto, cumpre o dever de enfrentar o problema institucionalmente, de modo a evitar que a\u00e7\u00f5es da esp\u00e9cie se repitam.<\/p>\n<p>De outro lado, embora a decis\u00e3o final de Marcelo de Lima Henrique expulsando Rodallega haja sido correta, \u00e9 oportuno que analisemos a forma como o Cart\u00e3o Vermelho foi aplicado.<\/p>\n<p>\u00c9 que De Lima, como Marcelo \u00e9 conhecido no meio da arbitragem, inicialmente puniu Rodallega com Cart\u00e3o Amarelo, mas, em seguida, mudou para Cart\u00e3o Vermelho.<\/p>\n<p>Diante disso \u00e9 de se perguntar? Teria Marcelo acolhido a opini\u00e3o de um \u00e1rbitro assistente ou mesmo do 4\u00ba \u00e1rbitro? Se assim foi, que bom, porquanto teria havido um \u00f3timo trabalho de equipe, apesar de, em casos que tal, o mais correto seja o \u00e1rbitro consultar seus pares antes de decidir.<\/p>\n<p>Todavia, se este n\u00e3o foi o caso, ou seja, se Marcelo mudou o cart\u00e3o de Amarelo para Vermelho ao perceber o estrago da falta, apesar do acerto da decis\u00e3o, que \u00e9 o mais importante, n\u00e3o teria adotado a t\u00e9cnica mais adequada, pois o mais prudente \u00e9 o \u00e1rbitro, quando n\u00e3o tem seguran\u00e7a do que ocorreu, fazer primeiramente a an\u00e1lise da situa\u00e7\u00e3o e depois aplicar o cart\u00e3o correto, sem, pois, precisar fazer mudan\u00e7a.<\/p>\n<p>As conjecturas acima s\u00e3o as \u00fanicas hip\u00f3teses poss\u00edveis para o caso, j\u00e1 que a observa\u00e7\u00e3o que Paulo C\u00e9sar de Oliveira fez na Central do Apito, no sentido de que a mudan\u00e7a do cart\u00e3o de Amarelo para Vermelho seria porque Marcelo teria ouvido o VAR dizer: \u201cchecando o lance para poss\u00edvel Cart\u00e3o Vermelho\u201d \u00e9 que n\u00e3o se justifica absolutamente. De fato, pois se Marcelo mudasse o cart\u00e3o por tal motivo teria ferido o Protocolo do VAR, tanto porque em todos os lances de faltas fortes o VAR natural e automaticamente faz as checagens, como porque se as coisas tivessem passado como Paulo Cesar opinou, Marcelo, ao lado de ferir o protocolo, como dito, teria sido precipitado e assumido um risco elevado, pois se o VAR, ap\u00f3s a checagem, entendesse que n\u00e3o seria para CV, o cart\u00e3o poderia ser trocado mais uma vez e isso seria muito confuso e provocaria problemas para o controle do jogo.<\/p>\n<p>Como se n\u00e3o bastasse, ainda \u00e9 indispens\u00e1vel dizer que se Marcelo tivesse agido com base em informa\u00e7\u00e3o do VAR, teria, obrigatoriamente, que fazer o sinal de revis\u00e3o teria, pois a omiss\u00e3o colocaria em d\u00favida a integridade do processo.<\/p>\n<p><strong>Ao leitor, a palavra final.<\/strong><\/p>\n","protected":false},"excerpt":{"rendered":"<p>Lance pol\u00eamico da S\u00e9rie B \u2013 31\u00aa Rodada Bahia x Oper\u00e1rio-PR \u2013 24\/09\/2022 Expuls\u00e3o Hugo Rodallega, do Bahia A expuls\u00e3o de Hugo Rodallega, por pr\u00e1tica <a class=\"read-more\" href=\"https:\/\/blogs.gazetaesportiva.com\/arbitragem\/2022\/09\/28\/futebol-nao-e-mma-nao-e-arte-marcial\/\">leia mais<\/a><\/p>\n","protected":false},"author":1,"featured_media":87,"comment_status":"open","ping_status":"open","sticky":false,"template":"","format":"standard","meta":{"_jetpack_memberships_contains_paid_content":false,"footnotes":""},"categories":[1],"tags":[],"class_list":["post-86","post","type-post","status-publish","format-standard","has-post-thumbnail","hentry","category-sem-categoria"],"jetpack_featured_media_url":"https:\/\/blogs.gazetaesportiva.com\/arbitragem\/files\/2022\/09\/rodallega.jpg","jetpack_sharing_enabled":true,"_links":{"self":[{"href":"https:\/\/blogs.gazetaesportiva.com\/arbitragem\/wp-json\/wp\/v2\/posts\/86","targetHints":{"allow":["GET"]}}],"collection":[{"href":"https:\/\/blogs.gazetaesportiva.com\/arbitragem\/wp-json\/wp\/v2\/posts"}],"about":[{"href":"https:\/\/blogs.gazetaesportiva.com\/arbitragem\/wp-json\/wp\/v2\/types\/post"}],"author":[{"embeddable":true,"href":"https:\/\/blogs.gazetaesportiva.com\/arbitragem\/wp-json\/wp\/v2\/users\/1"}],"replies":[{"embeddable":true,"href":"https:\/\/blogs.gazetaesportiva.com\/arbitragem\/wp-json\/wp\/v2\/comments?post=86"}],"version-history":[{"count":0,"href":"https:\/\/blogs.gazetaesportiva.com\/arbitragem\/wp-json\/wp\/v2\/posts\/86\/revisions"}],"wp:featuredmedia":[{"embeddable":true,"href":"https:\/\/blogs.gazetaesportiva.com\/arbitragem\/wp-json\/wp\/v2\/media\/87"}],"wp:attachment":[{"href":"https:\/\/blogs.gazetaesportiva.com\/arbitragem\/wp-json\/wp\/v2\/media?parent=86"}],"wp:term":[{"taxonomy":"category","embeddable":true,"href":"https:\/\/blogs.gazetaesportiva.com\/arbitragem\/wp-json\/wp\/v2\/categories?post=86"},{"taxonomy":"post_tag","embeddable":true,"href":"https:\/\/blogs.gazetaesportiva.com\/arbitragem\/wp-json\/wp\/v2\/tags?post=86"}],"curies":[{"name":"wp","href":"https:\/\/api.w.org\/{rel}","templated":true}]}}