{"id":84,"date":"2022-09-22T18:24:07","date_gmt":"2022-09-22T18:24:07","guid":{"rendered":"https:\/\/blogs.gazetaesportiva.com\/arbitragem\/?p=84"},"modified":"2022-09-22T18:24:07","modified_gmt":"2022-09-22T18:24:07","slug":"mais-uma-acao-de-violencia-de-um-jogador-do-palmeiras","status":"publish","type":"post","link":"https:\/\/blogs.gazetaesportiva.com\/arbitragem\/2022\/09\/22\/mais-uma-acao-de-violencia-de-um-jogador-do-palmeiras\/","title":{"rendered":"Mais uma a\u00e7\u00e3o de viol\u00eancia de um jogador do Palmeiras"},"content":{"rendered":"<figure id=\"attachment_85\" aria-describedby=\"caption-attachment-85\" style=\"width: 792px\" class=\"wp-caption alignnone\"><img loading=\"lazy\" decoding=\"async\" class=\"size-full wp-image-85\" src=\"https:\/\/blogs.gazetaesportiva.com\/arbitragem\/files\/2022\/09\/52367745006_9c9334082b_c.jpg\" alt=\"\" width=\"792\" height=\"800\" srcset=\"https:\/\/blogs.gazetaesportiva.com\/arbitragem\/files\/2022\/09\/52367745006_9c9334082b_c.jpg 792w, https:\/\/blogs.gazetaesportiva.com\/arbitragem\/files\/2022\/09\/52367745006_9c9334082b_c-297x300.jpg 297w, https:\/\/blogs.gazetaesportiva.com\/arbitragem\/files\/2022\/09\/52367745006_9c9334082b_c-768x776.jpg 768w\" sizes=\"auto, (max-width: 792px) 100vw, 792px\" \/><figcaption id=\"caption-attachment-85\" class=\"wp-caption-text\">Foto: Divulga\u00e7\u00e3o\/Palmeiras<\/figcaption><\/figure>\n<p><strong>S\u00e9rie-A \u2013 Rodada 27 \u2013 18\/09\/2022 &#8211; Lances pol\u00eamicos<\/strong><\/p>\n<p><strong>Jogo 1<\/strong><\/p>\n<p><strong>Palmeiras x Santos<\/strong><\/p>\n<p><strong>Expuls\u00e3o de Danilo, do Palmeiras<\/strong><\/p>\n<p>A expuls\u00e3o de Danilo, por pr\u00e1tica de jogo brusco grave, foi correta e n\u00e3o requer an\u00e1lise aprofundada. Com efeito, a falta foi cometida por tr\u00e1s, com as travas da chuteira na panturrilha do advers\u00e1rio e com intensidade alta, al\u00e9m de a a\u00e7\u00e3o ser claramente dissociada da dire\u00e7\u00e3o da bola e de sua disputa, caracterizando, assim, n\u00e3o apenas o \u201cassumir o risco de les\u00e3o\u201d, exigido pela regra para uma expuls\u00e3o direta, mas indo al\u00e9m, pois o que houve foi o claro desejo de lesionar o oponente.<\/p>\n<p>Nesse passo, vale destacar a firmeza de Wilton Sampaio ao expulsar Danilo com Cart\u00e3o Vermelho direto e a corre\u00e7\u00e3o da VAR, Daiane Caroline Santos, ao respeitar a decis\u00e3o de campo.<\/p>\n<p>N\u00e3o obstante, observamos que Wilton deveria ter punido o goleiro do Palmeiras com Cart\u00e3o Amarelo, por ter sa\u00eddo da meta at\u00e9 o local da falta, a fim de reclamar da expuls\u00e3o e o fazendo de modo muito ostensivo, inclusive com o dedo em riste na dire\u00e7\u00e3o do rosto de Wilton, cuja capacidade, autoridade e hist\u00f3rico n\u00e3o se harmonizam com a omiss\u00e3o cometida.<\/p>\n<p>Voltando \u00e0 expuls\u00e3o de Danilo, remetemos o leitor, mais uma vez, \u00e0s nossas colunas publicadas em 12\/08\/2022 e 09\/09\/2022, envolvendo o pr\u00f3prio Palmeiras, seus jogadores e treinador.<\/p>\n<p>E o fazemos para lembrar que, naquelas oportunidades, indagamos o porqu\u00ea de profissionais de uma equipe de ponta do futebol mundial como o Palmeiras praticarem a\u00e7\u00f5es de tais naturezas, al\u00e9m de emitirmos opini\u00e3o sobre como o Palmeiras<\/p>\n<p>deveria enfrentar esses problemas institucionalmente, inclusive para analisar se a conduta de seu treinador, que tamb\u00e9m foi expulso nesse jogo em raz\u00e3o de a\u00e7\u00f5es e palavras de claro desrespeito e desprezo \u00e0 arbitragem, n\u00e3o serviria de est\u00edmulo para as expuls\u00f5es de seus jogadores, cujas a\u00e7\u00f5es seriam prov\u00e1veis frutos de desequil\u00edbrio emocional ou, no m\u00ednimo, de falta de alerta ou orienta\u00e7\u00e3o.<\/p>\n<p>Ao que se sup\u00f5e, todavia, nada foi feito em tal sentido, o que \u00e9, deveras, lament\u00e1vel!<\/p>\n<p>Por fim e diante de tudo, ainda \u00e9 de se perguntar: ser\u00e1 que as vit\u00f3rias que o Palmeiras tem alcan\u00e7ado em campo justificam o arranh\u00e3o em sua imagem e hist\u00f3ria que tais expuls\u00f5es e a conduta de seu treinador t\u00eam causado? Afinal, a imagem de um clube n\u00e3o depende apenas de vit\u00f3rias, conquanto deva ser lembrado que as surpreendentes elimina\u00e7\u00f5es do Palmeiras da Copa do Brasil e da Copa Libertadores podem ter causa tamb\u00e9m nas expuls\u00f5es ocorridas, que n\u00e3o deveriam acontecer, inclusive por quest\u00e3o de \u00e9tica e respeito profissional que deve imperar no futebol, sobretudo porque o algoz de hoje poder\u00e1 ser a v\u00edtima de amanh\u00e3, Por isso, at\u00e9 para autopreserva\u00e7\u00e3o dos pr\u00f3prios jogadores, as a\u00e7\u00f5es de viol\u00eancia devem ser evitadas no futebol.<\/p>\n<p><strong>Jogo 2<\/strong><\/p>\n<p><strong>Flamengo x Fluminense<\/strong><\/p>\n<p><strong>P\u00eanalti a favor do Fluminense<\/strong><\/p>\n<p>Ainda que se entenda que o choque entre o goleiro do Flamengo e o atacante do Fluminense foi acidental, conquanto, se possa inferir que Santos n\u00e3o adotou o devido cuidado, pois seu corpo invadiu o natural espa\u00e7o que Cano ocuparia, o penal se caracterizou por conta do contato do bra\u00e7o de outro defensor do Flamengo nas costas do atacante do Fluminense, cujo impulso o desequilibrou e o fez cair. Esse tipo de contato, definitivamente,<\/p>\n<p>n\u00e3o \u00e9 pr\u00f3prio de futebol, como alguns afirmam, ferindo as regras do jogo e sugerindo que as faltas se caracterizem ou n\u00e3o conforme vis\u00f5es pessoais ou por interesses desconhecidos, com o indesej\u00e1vel distanciamento da almejada aproxima\u00e7\u00e3o de crit\u00e9rios.<\/p>\n<p>Realmente, pois n\u00e3o se joga futebol colocando os bra\u00e7os contra os corpos dos advers\u00e1rios, nem para impedi-los de dispute a bola ou participe da jogada, tampouco para afast\u00e1-lo de tal contexto, como foi o caso.<\/p>\n<p>Note-se que o tal do malfadado \u201cbra\u00e7o de refer\u00eancia\u201d, que alguns usam para justificar inexist\u00eancia de faltas em algumas situa\u00e7\u00f5es n\u00e3o existe nas regras do jogo, tampouco na ess\u00eancia do futebol.<\/p>\n<p>Decerto, pois quando um jogador coloca seu bra\u00e7o no corpo de um advers\u00e1rio n\u00e3o o faz para se situar ou saber onde o advers\u00e1rio se encontra, mas para, no m\u00ednimo, impedir que o advers\u00e1rio se aproxime dele ou do ponto da disputa, seja segurando-o ou o empurrando, at\u00e9 porque um jogador s\u00f3 pratica tal a\u00e7\u00e3o quando j\u00e1 sabe onde o advers\u00e1rio est\u00e1, ou seja, quando j\u00e1 tem a no\u00e7\u00e3o que o inexistente \u201cbra\u00e7o de refer\u00eancia\u201d lhe daria.<\/p>\n<p>Todavia, ainda que se admita tal figura \u2013 \u201cbra\u00e7o de refer\u00eancia\u201d \u2013, o certo \u00e9 que ela n\u00e3o pode ocorrer, absolutamente, com impulso do bra\u00e7o de um jogador contra o corpo de um advers\u00e1rio, como ocorreu neste caso.<\/p>\n<p>O tiro penal, portanto, se caracterizou por uma ou por ambas as raz\u00f5es.<\/p>\n<p>De outro lado, ainda deve ser observado que se a narrativa do \u00e1rbitro para o VAR foi considerando apenas um dos fatos acima ou ambos, mas se para o VAR o penal ocorreu em raz\u00e3o de apenas uma das a\u00e7\u00f5es, ainda que a n\u00e3o indicada pelo \u00e1rbitro, que ele, o VAR, n\u00e3o poderia recomendar revis\u00e3o, como sugeriu o Sr. Sandro Ricci, quando instado sobre o tema por um dos comentaristas no programa Sele\u00e7\u00e3o SporTV de 19\/09\/22.<\/p>\n<p>Nada mais absurdo, nada mais feridor da ess\u00eancia do protocolo.<\/p>\n<p>Com efeito, imagine-se que um \u00e1rbitro marque um tiro penal em raz\u00e3o de um empurr\u00e3o ou mesmo do ato de segurar, mas que o VAR detecte que nenhum desses fatos ocorreu, conquanto entenda que o penal se caracterizou porque o defensor deu um pontap\u00e9 no atacante. A vingar a tese do Sr. Sandro Ricci, em tal situa\u00e7\u00e3o, o VAR diria para o \u00e1rbitro: Sr. \u00c1rbitro, venha fazer uma revis\u00e3o para desmarcar o tiro penal por segurar, mas para marcar outro por pontap\u00e9. Santo Deus!<\/p>\n<p>N\u00e3o \u00e9 a forma que comanda, mas a ess\u00eancia. Se a marca\u00e7\u00e3o foi de tiro penal e se o tiro penal, por esta ou por outra raz\u00e3o, se caracterizou, ou seja, se na decis\u00e3o n\u00e3o houve <strong>erro claro, \u00f3bvio<\/strong>, pois houve a infra\u00e7\u00e3o, \u00e9 <strong>claro, \u00f3bvio<\/strong> que o VAR n\u00e3o pode recomendar revis\u00e3o. Afinal, o que move o VAR n\u00e3o \u00e9 a forma, mas a ess\u00eancia. Se n\u00e3o houve erro da decis\u00e3o de campo, n\u00e3o pode haver revis\u00e3o.<\/p>\n<p>Desse modo, vale dizer que a comunica\u00e7\u00e3o do \u00e1rbitro com o VAR, embora \u00fatil, tem natureza acess\u00f3ria, pois o VAR trabalha essencialmente com imagem.<\/p>\n<p>Disso resulta que se o Sr. Sandro Meira Ricci tivesse sido instrutor de VAR, a\u00ed sim \u00e9 que ter\u00edamos, como ele maldosa e injustamente afirma, uma heran\u00e7a maldita, maldita a n\u00e3o mais poder!<\/p>\n<p>De outro passo e na linha da transpar\u00eancia total que defendemos, registramos que a Comiss\u00e3o de Arbitragem da CBF n\u00e3o publicou o lance, apesar de obrigatoriamente ter sido checado e de sua elevada import\u00e2ncia. Publicar apenas os lances revisados n\u00e3o atende ao referido princ\u00edpio da plena transpar\u00eancia, tampouco ao sentido did\u00e1tico que muitos lances encerram.<\/p>\n<p><strong>Ao leitor, a palavra final.<\/strong><\/p>\n","protected":false},"excerpt":{"rendered":"<p>S\u00e9rie-A \u2013 Rodada 27 \u2013 18\/09\/2022 &#8211; Lances pol\u00eamicos Jogo 1 Palmeiras x Santos Expuls\u00e3o de Danilo, do Palmeiras A expuls\u00e3o de Danilo, por pr\u00e1tica <a class=\"read-more\" href=\"https:\/\/blogs.gazetaesportiva.com\/arbitragem\/2022\/09\/22\/mais-uma-acao-de-violencia-de-um-jogador-do-palmeiras\/\">leia mais<\/a><\/p>\n","protected":false},"author":1,"featured_media":85,"comment_status":"open","ping_status":"open","sticky":false,"template":"","format":"standard","meta":{"_jetpack_memberships_contains_paid_content":false,"footnotes":""},"categories":[2],"tags":[],"class_list":["post-84","post","type-post","status-publish","format-standard","has-post-thumbnail","hentry","category-palmeiras"],"jetpack_featured_media_url":"https:\/\/blogs.gazetaesportiva.com\/arbitragem\/files\/2022\/09\/52367745006_9c9334082b_c.jpg","jetpack_sharing_enabled":true,"_links":{"self":[{"href":"https:\/\/blogs.gazetaesportiva.com\/arbitragem\/wp-json\/wp\/v2\/posts\/84","targetHints":{"allow":["GET"]}}],"collection":[{"href":"https:\/\/blogs.gazetaesportiva.com\/arbitragem\/wp-json\/wp\/v2\/posts"}],"about":[{"href":"https:\/\/blogs.gazetaesportiva.com\/arbitragem\/wp-json\/wp\/v2\/types\/post"}],"author":[{"embeddable":true,"href":"https:\/\/blogs.gazetaesportiva.com\/arbitragem\/wp-json\/wp\/v2\/users\/1"}],"replies":[{"embeddable":true,"href":"https:\/\/blogs.gazetaesportiva.com\/arbitragem\/wp-json\/wp\/v2\/comments?post=84"}],"version-history":[{"count":0,"href":"https:\/\/blogs.gazetaesportiva.com\/arbitragem\/wp-json\/wp\/v2\/posts\/84\/revisions"}],"wp:featuredmedia":[{"embeddable":true,"href":"https:\/\/blogs.gazetaesportiva.com\/arbitragem\/wp-json\/wp\/v2\/media\/85"}],"wp:attachment":[{"href":"https:\/\/blogs.gazetaesportiva.com\/arbitragem\/wp-json\/wp\/v2\/media?parent=84"}],"wp:term":[{"taxonomy":"category","embeddable":true,"href":"https:\/\/blogs.gazetaesportiva.com\/arbitragem\/wp-json\/wp\/v2\/categories?post=84"},{"taxonomy":"post_tag","embeddable":true,"href":"https:\/\/blogs.gazetaesportiva.com\/arbitragem\/wp-json\/wp\/v2\/tags?post=84"}],"curies":[{"name":"wp","href":"https:\/\/api.w.org\/{rel}","templated":true}]}}