{"id":79,"date":"2022-09-13T16:07:57","date_gmt":"2022-09-13T16:07:57","guid":{"rendered":"https:\/\/blogs.gazetaesportiva.com\/arbitragem\/?p=79"},"modified":"2022-09-13T16:07:57","modified_gmt":"2022-09-13T16:07:57","slug":"var-intervencionismo-ou-omissao","status":"publish","type":"post","link":"https:\/\/blogs.gazetaesportiva.com\/arbitragem\/2022\/09\/13\/var-intervencionismo-ou-omissao\/","title":{"rendered":"VAR \u2013 Intervencionismo ou omiss\u00e3o?"},"content":{"rendered":"<figure id=\"attachment_80\" aria-describedby=\"caption-attachment-80\" style=\"width: 799px\" class=\"wp-caption alignnone\"><img loading=\"lazy\" decoding=\"async\" class=\"size-full wp-image-80\" src=\"https:\/\/blogs.gazetaesportiva.com\/arbitragem\/files\/2022\/09\/52351489205_fe7d35822b_c.jpg\" alt=\"\" width=\"799\" height=\"533\" srcset=\"https:\/\/blogs.gazetaesportiva.com\/arbitragem\/files\/2022\/09\/52351489205_fe7d35822b_c.jpg 799w, https:\/\/blogs.gazetaesportiva.com\/arbitragem\/files\/2022\/09\/52351489205_fe7d35822b_c-300x200.jpg 300w, https:\/\/blogs.gazetaesportiva.com\/arbitragem\/files\/2022\/09\/52351489205_fe7d35822b_c-768x512.jpg 768w, https:\/\/blogs.gazetaesportiva.com\/arbitragem\/files\/2022\/09\/52351489205_fe7d35822b_c-120x80.jpg 120w\" sizes=\"auto, (max-width: 799px) 100vw, 799px\" \/><figcaption id=\"caption-attachment-80\" class=\"wp-caption-text\">Foto: Divulga\u00e7\u00e3o\/Flamengo<\/figcaption><\/figure>\n<p><strong>S\u00e9rie A \u2013 Lances pol\u00eamicos \u2013 26\u00aa rodada \u2013 10 e 11\/09\/22<\/strong><\/p>\n<p><span data-contrast=\"auto\">Antes de analisar alguns dos lances pol\u00eamicos da indicada rodada, ratificamos que, por mais que o VAR siga a diretriz de \u201c<\/span><b><span data-contrast=\"auto\">erros claros, \u00f3bvios<\/span><\/b><span data-contrast=\"auto\">,<\/span><span data-contrast=\"auto\">\u201d, \u00e9 imposs\u00edvel<\/span><span data-contrast=\"auto\"> se estabelecer uma fronteira r\u00edgida separando os lances em que o VAR deve atuar daqueles em que n\u00e3o pode agir, pois futebol n\u00e3o <\/span><span data-contrast=\"auto\">\u00e9<\/span><span data-contrast=\"auto\"> matem\u00e1tica e, principalmente, porque o monitor que a Ifab\/Fifa colocaram no campo <\/span><span data-contrast=\"auto\">\u00e9 exatamente <\/span><span data-contrast=\"auto\">para que os <\/span><b><span data-contrast=\"auto\">lances de interpreta\u00e7\u00e3o<\/span><\/b><span data-contrast=\"auto\"> sejam reanalisados. Assim, a controv\u00e9rsia \u00e9 da pr\u00f3pria ess\u00eancia do monitor.<\/span><\/p>\n<p><span data-contrast=\"auto\">Por consequ\u00eancia de tal constata\u00e7\u00e3o o VAR enfrenta o terr\u00edvel dilema entre ser<\/span><b><span data-contrast=\"auto\"> intervencionista <\/span><\/b><span data-contrast=\"auto\">ou ser<\/span><b><span data-contrast=\"auto\"> omisso: recomendo ou n\u00e3o recomendo uma revis\u00e3o?<\/span><\/b><span data-contrast=\"auto\"> William Shakespeare que o diga.<\/span><\/p>\n<p><span data-contrast=\"auto\">A complexidade dessa d\u00favida ainda fica mais elevada por conta da influ\u00eancia de alguns \u201cespecialistas\u201d, que ora opinam com base em puro subjetivismo: \u201cpara mim n\u00e3o foi; empurrou, mas o empurr\u00e3o n\u00e3o foi para tanto &#8230;\u201d; que ora, paradoxalmente, pretendem decis\u00f5es matem\u00e1ticas, como se viajassem na rota r\u00edgida dos trilhos de um trem; ou, ainda, que ora oscilam como varas de bambu: tem que ser <\/span><b><span data-contrast=\"auto\">erro claro, \u00f3bvio<\/span><\/b><span data-contrast=\"auto\">; n\u00e3o precisa ser mais <\/span><b><span data-contrast=\"auto\">erro claro, \u00f3bvio<\/span><\/b><span data-contrast=\"auto\">, basta ser <\/span><b><span data-contrast=\"auto\">erro&#8230;<\/span><\/b><span data-ccp-props=\"{&quot;201341983&quot;:0,&quot;335551550&quot;:6,&quot;335551620&quot;:6,&quot;335559739&quot;:160,&quot;335559740&quot;:259}\">\u00a0<\/span><\/p>\n<p><span data-contrast=\"auto\">Todos esses males, todavia, t\u00eam origem no monitor.\u00a0<\/span><span data-ccp-props=\"{&quot;201341983&quot;:0,&quot;335551550&quot;:6,&quot;335551620&quot;:6,&quot;335559739&quot;:160,&quot;335559740&quot;:259}\">\u00a0<\/span><\/p>\n<p><span data-contrast=\"auto\">E assim afirmamos porque no projeto que concebemos o VAR se destinava <\/span><span data-contrast=\"auto\">\u00e0<\/span><span data-contrast=\"auto\"> corre\u00e7\u00e3o de <\/span><b><span data-contrast=\"auto\">erros t\u00e3o claros, t\u00e3o <\/span><\/b><b><span data-contrast=\"auto\">\u00f3bvios, <\/span><\/b><b><span data-contrast=\"auto\">t\u00e3o indiscut\u00edveis, t\u00e3o sem qualquer vi\u00e9s de interpreta\u00e7\u00e3o<\/span><\/b><span data-contrast=\"auto\"> que o \u00e1rbitro n\u00e3o precisaria rever os lances em que o VAR atuasse.\u00a0\u00a0<\/span><span data-ccp-props=\"{&quot;201341983&quot;:0,&quot;335551550&quot;:6,&quot;335551620&quot;:6,&quot;335559739&quot;:160,&quot;335559740&quot;:259}\">\u00a0<\/span><\/p>\n<p><span data-contrast=\"auto\">Nada, portanto, justificava a exist\u00eancia do monitor, que \u00e9 inven\u00e7\u00e3o da Ifab\/Fifa e que se transformou nesse elevado empecilho para a arbitragem em todos os rinc\u00f5es do mundo. <\/span><span data-ccp-props=\"{&quot;201341983&quot;:0,&quot;335551550&quot;:6,&quot;335551620&quot;:6,&quot;335559739&quot;:160,&quot;335559740&quot;:259}\">\u00a0<\/span><\/p>\n<p><span data-contrast=\"auto\">Se nosso projeto n\u00e3o sofresse t\u00e3o inadequado ajuste \u2013 inclus\u00e3o do monitor \u2013, ao menos at\u00e9 que a cultura do futebol absorvesse o VAR, ou at\u00e9 que se mudasse o princ\u00edpio da imediatidade que \u00e9 da ess\u00eancia das arbitragens, n\u00e3o haveria tanta d\u00favida para o VAR decidir entre o recomendar ou n\u00e3o uma revis\u00e3o;\u00a0 o jogo n\u00e3o seria t\u00e3o paralisado; e os \u00e1rbitros assumiriam a plena responsabilidade sobre todos os lances de interpreta\u00e7\u00e3o, cujo \u00f4nus, em contrapartida, evitaria a maldosa insinua\u00e7\u00e3o de que eles, os \u00e1rbitros, est\u00e3o se escorando no VAR.<\/span><span data-ccp-props=\"{&quot;201341983&quot;:0,&quot;335551550&quot;:6,&quot;335551620&quot;:6,&quot;335559739&quot;:160,&quot;335559740&quot;:259}\">\u00a0<\/span><\/p>\n<p><span data-contrast=\"auto\">O certo, por\u00e9m, \u00e9 que, enquanto houver monitor, haver\u00e1 controv\u00e9rsia, tanto sobre a decis\u00e3o final do \u00e1rbitro, como sobre se o VAR deveria ou n\u00e3o agir.\u00a0<\/span><span data-ccp-props=\"{&quot;201341983&quot;:0,&quot;335551550&quot;:6,&quot;335551620&quot;:6,&quot;335559739&quot;:160,&quot;335559740&quot;:259}\">\u00a0<\/span><\/p>\n<p><span data-contrast=\"auto\">Neste ponto, afirma-se que a indefini\u00e7\u00e3o entre o <\/span><b><span data-contrast=\"auto\">agir<\/span><\/b><span data-contrast=\"auto\"> e o <\/span><b><span data-contrast=\"auto\">n\u00e3o agir<\/span><\/b><span data-contrast=\"auto\"> do VAR remonta aos prim\u00f3rdios do projeto e \u00e9 comum <\/span><span data-contrast=\"auto\">\u00e0 FIFA e a <\/span><span data-contrast=\"auto\">todas as entidades de futebol do mundo inteiro, inclusive <\/span><span data-contrast=\"auto\">\u00e0<\/span><span data-contrast=\"auto\"> Conmebol, cuja Comiss\u00e3o de Arbitragem at\u00e9 recentemente era dirigida pelo pr\u00f3prio atual mandat\u00e1rio da Comiss\u00e3o da CBF, Sr. Wilson Seneme.\u00a0<\/span><span data-ccp-props=\"{&quot;201341983&quot;:0,&quot;335551550&quot;:6,&quot;335551620&quot;:6,&quot;335559739&quot;:160,&quot;335559740&quot;:259}\">\u00a0<\/span><\/p>\n<p><span data-contrast=\"auto\">A verdade, ali\u00e1s, sobre a origem da dificuldade da atua\u00e7\u00e3o do VAR foi comprovada pelo pr\u00f3prio Sr. Sandro Meira Ricci, que, na Copa do Mundo de 2018, se omitiu em um lance que claramente exigia sua atua\u00e7\u00e3o e lhe valeu censura da Comiss\u00e3o de Arbitragem da entidade maior. <\/span><span data-ccp-props=\"{&quot;201341983&quot;:0,&quot;335551550&quot;:6,&quot;335551620&quot;:6,&quot;335559739&quot;:160,&quot;335559740&quot;:259}\">\u00a0<\/span><\/p>\n<p><span data-contrast=\"auto\">Desse modo, a afirmativa do Sr. Sandro Ricci sobre a exist\u00eancia de uma <\/span><i><span data-contrast=\"auto\">\u201cheran\u00e7a maldita\u201d,<\/span><\/i><span data-contrast=\"auto\"> que decorreria das instru\u00e7\u00f5es da CBF n\u00e3o se sustenta, sobretudo porque todas as orienta\u00e7\u00f5es que a entidade do Brasil realizou foram com base nos preceitos da FIFA e da Conmebol e, inclusive, com participa\u00e7\u00e3o dos principais instrutores internacionais e continentais.<\/span><span data-ccp-props=\"{&quot;201341983&quot;:0,&quot;335551550&quot;:6,&quot;335551620&quot;:6,&quot;335559739&quot;:160,&quot;335559740&quot;:259}\">\u00a0<\/span><\/p>\n<p><span data-contrast=\"auto\">Conclusivamente, pois, se houvesse <\/span><i><span data-contrast=\"auto\">\u201cheran\u00e7a maldita\u201d<\/span><\/i><span data-contrast=\"auto\"> ela teria origem nas entidades que emitiram e implementaram as normas:\u00a0 Ifab, Fifa, Conmebol, etc.<\/span><\/p>\n<p><span data-contrast=\"auto\">O certo, por\u00e9m, \u00e9 que n\u00e3o h\u00e1 <\/span><i><span data-contrast=\"auto\">\u201cheran\u00e7a maldita\u201d<\/span><\/i><span data-contrast=\"auto\">, mas um processo complexo e que passa por dificuldade de toda ordem, inclusive em raz\u00e3o de algumas instru\u00e7\u00f5es inadequadas; de circunstancial incapacidade dos \u00e1rbitros; e, principalmente, pela inexatid\u00e3o dos lances de interpreta\u00e7\u00e3o.<\/span><\/p>\n<p><span data-contrast=\"auto\">Sendo assim, a denominada <\/span><i><span data-contrast=\"auto\">\u201cheran\u00e7a maldita\u201d<\/span><\/i><span data-contrast=\"auto\"> s\u00f3 teria exist\u00eancia na imagina\u00e7\u00e3o de um filho ingrato, que hoje irroga-se perfeito, conquanto sua trajet\u00f3ria como \u00e1rbitro, em que pese haver sido boa, tamb\u00e9m foi marcada por muitos erros e controv\u00e9rsias de toda ordem.<\/span><\/p>\n<p><b><span data-contrast=\"auto\">Finalizando, j<\/span><\/b><b><span data-contrast=\"auto\">\u00e1 que o monitor existe e existe para lances de interpreta\u00e7\u00e3o, <\/span><\/b><b><span data-contrast=\"auto\">como est\u00e1 no protocolo<\/span><\/b><b><span data-contrast=\"auto\">, julgamos que a mais sensata das posi\u00e7\u00f5es <\/span><\/b><b><span data-contrast=\"auto\">\u00e9 <\/span><\/b><b><span data-contrast=\"auto\">procurar a decis\u00e3o correta<\/span><\/b><b><span data-contrast=\"auto\">, sem necessidade, pois, de o erro ser absolutamente indiscut\u00edvel, ou ostensivo, ou grosseiro.<\/span><\/b><\/p>\n<p><span data-contrast=\"auto\">Passemos, agora,<\/span><span data-contrast=\"auto\"> \u00e0 an\u00e1lise de alguns dos lances da <\/span><span data-contrast=\"auto\">indicada rodada.<\/span><\/p>\n<p><b><span data-contrast=\"auto\">Jogo 1 \u2013 Goi\u00e1s x Flamengo \u2013 Gol do Flamengo<\/span><\/b><\/p>\n<p><span data-contrast=\"auto\">O gol foi legal.<\/span><\/p>\n<p><span data-contrast=\"auto\">Em harmonia com tudo quanto foi dito sobre os limites de sua atua\u00e7\u00e3o, opinamos que o VAR agiu corretamente ao recomendar a revis\u00e3o do lance e o \u00e1rbitro, igualmente, atuou com acerto, mudando a marca\u00e7\u00e3o inicial.\u00a0<\/span><span data-ccp-props=\"{&quot;201341983&quot;:0,&quot;335551550&quot;:6,&quot;335551620&quot;:6,&quot;335559739&quot;:160,&quot;335559740&quot;:259}\">\u00a0<\/span><\/p>\n<p><span data-contrast=\"auto\">Antes de dizer o porqu\u00ea do acerto da decis\u00e3o,<\/span><span data-contrast=\"auto\"> \u00e9 imprescind\u00edvel observar que, conquanto <\/span><span data-contrast=\"auto\">a arbitragem n\u00e3o possa, absolutamente, ser pressionada porque uma das equipes envolvidas seria <\/span><b><span data-contrast=\"auto\">\u201cgrande\u201d<\/span><\/b><span data-contrast=\"auto\">, por igual, este fator n\u00e3o pode servir de \u00f3bice para que, em nome de uma falsa e nociva independ\u00eancia, os \u00e1rbitros deixem de atuar conforme suas convic\u00e7\u00f5es. O que os <\/span><span data-contrast=\"auto\">\u00e1rbitros t\u00eam <\/span><span data-contrast=\"auto\">que ter, portanto, \u00e9 base t\u00e9cnica. Tendo-a devem atuar com a dignidade, independ\u00eancia e <\/span><span data-contrast=\"auto\">\u00e9tica que os caracteriza<\/span><span data-contrast=\"auto\">m.\u00a0\u00a0<\/span><span data-ccp-props=\"{&quot;201341983&quot;:0,&quot;335551550&quot;:6,&quot;335551620&quot;:6,&quot;335559739&quot;:160,&quot;335559740&quot;:259}\">\u00a0<\/span><\/p>\n<p><span data-contrast=\"auto\">A legalidade do gol est\u00e1 em que L\u00e9o Pereira disputou a bola de forma adequada, como lhe \u00e9 de direito e sem fazer qualquer carga faltosa em Tadeu.\u00a0<\/span><\/p>\n<p><span data-contrast=\"auto\">Note-se que os goleiros n\u00e3o desfrutam de qualquer privil\u00e9gio.\u00a0<\/span><span data-ccp-props=\"{&quot;201341983&quot;:0,&quot;335551550&quot;:6,&quot;335551620&quot;:6,&quot;335559739&quot;:160,&quot;335559740&quot;:259}\">\u00a0<\/span><\/p>\n<p><span data-contrast=\"auto\">Logo, se a bola estava dividida para ambos os jogadores e se o atacante n\u00e3o ofereceu risco ao goleiro, como ocorreria se disputasse a bola com os p\u00e9s, n\u00e3o se pode conceber que houve falta porque houve um sutil contato do bra\u00e7o do goleiro com o ombro do atacante, at\u00e9 porque foi o goleiro quem praticou a a\u00e7\u00e3o f\u00edsica que mais provocou o indicado contato, apesar, de igualmente, n\u00e3o cometer infra\u00e7\u00e3o. A disputa foi normal, pr\u00f3pria do jogo.<\/span><\/p>\n<p><span data-contrast=\"auto\">Analisando-se as imagens do lance, percebe-se que o referido contato ocorreu j\u00e1 depois que o goleiro tocou na bola e a desviou, sem, portanto, sofrer qualquer impacto em sua a\u00e7\u00e3o.\u00a0<\/span><span data-ccp-props=\"{&quot;201341983&quot;:0,&quot;335551550&quot;:6,&quot;335551620&quot;:6,&quot;335559739&quot;:160,&quot;335559740&quot;:259}\">\u00a0<\/span><\/p>\n<p><span data-contrast=\"auto\">Desse modo, se n\u00e3o houve falta, o gol n\u00e3o poderia ser anulado e o VAR, por estar convicto de que n\u00e3o houve falta, tinha que recomendar a revis\u00e3o, <\/span><b><span data-contrast=\"auto\">sob pena de ser omisso<\/span><\/b><span data-contrast=\"auto\">. O VAR, assim como o \u00e1rbitro, trabalha com suas convic\u00e7\u00f5es, logicamente que baseadas nas regras e nas imagens.\u00a0<\/span><span data-ccp-props=\"{&quot;201341983&quot;:0,&quot;335551550&quot;:6,&quot;335551620&quot;:6,&quot;335559739&quot;:160,&quot;335559740&quot;:259}\">\u00a0<\/span><\/p>\n<p><span data-contrast=\"auto\">Acres\u00e7a-se que, se o gol foi claramente leg\u00edtimo, houve <\/span><b><span data-contrast=\"auto\">erro claro, \u00f3bvio<\/span><\/b><span data-contrast=\"auto\"> da arbitragem. <\/span><b><span data-contrast=\"auto\">Erro claro, \u00f3bvio<\/span><\/b><span data-contrast=\"auto\"> n\u00e3o se confunde com erro grosseiro. Desse modo, o gol n\u00e3o poderia ser invalidado apenas por conta de uma suposta forma \u2013 exclus\u00e3o de lances de interpreta\u00e7\u00e3o (sic) \u2013 em detrimento da ess\u00eancia, inclusive porque o monitor \u00e9 exatamente para lances de interpreta\u00e7\u00e3o, como dito.<\/span><span data-ccp-props=\"{&quot;201341983&quot;:0,&quot;335551550&quot;:6,&quot;335551620&quot;:6,&quot;335559739&quot;:160,&quot;335559740&quot;:259}\">\u00a0<\/span><\/p>\n<p><span data-contrast=\"auto\">O que n\u00e3o se concebe \u00e9 que os que opinam dizendo que o contato do bra\u00e7o do goleiro com o ombro do atacante caracterizou falta afirmem, em lances de contatos at\u00e9 mais fortes, que \u201co contato n\u00e3o foi para tanto; que o contato \u00e9 de jogo &#8230;\u201d. Agindo assim, em lugar de esclarecerem e de ajudarem a arbitragem a se desenvolver e alcan\u00e7ar um crit\u00e9rio aproximado de interpreta\u00e7\u00e3o, prestam-lhe desservi\u00e7o. Seria o subjetivismo que daria abertura para o hoje sim, o amanh\u00e3 n\u00e3o, tornando uma babel o sistema de interpreta\u00e7\u00e3o e possibilitando oscila\u00e7<\/span><span data-contrast=\"auto\">\u00f5es nas an\u00e1lises <\/span><span data-contrast=\"auto\">conforme interesses desconhecidos!<\/span><\/p>\n<p><b><span data-contrast=\"auto\">Jogo 2 \u2013 Internacional x Cuiab\u00e1 \u2013 P\u00eanalti desmarcado \u2013 falta na fase de ataque<\/span><\/b><\/p>\n<p><span data-contrast=\"auto\">Mais uma vez a arbitragem agiu corretamente, conquanto o \u00e1rbitro devesse decidir sem ajuda do VAR.<\/span><\/p>\n<p><span data-contrast=\"auto\">De fato, pois Valdivia, ao disputar a jogada com o defensor do Internacional, ao mesmo tempo em que tocou na bola, sem, contudo, tir\u00e1-la do dom\u00ednio do oponente, o empurrou com os dois bra\u00e7os e o desequilibrou, inclusive em raz\u00e3o do contato em seu p<\/span><span data-contrast=\"auto\">\u00e9<\/span><span data-contrast=\"auto\"> esquerdo, tanto que o penal cometido, na sequ\u00eancia da disputa, foi em raz\u00e3o da queda decorrente do empurr\u00e3o e do desequil\u00edbrio que o defensor sofreu.<\/span><\/p>\n<p><span data-contrast=\"auto\">Lance claro de falta na fase de ataque.<\/span><\/p>\n<p><span data-contrast=\"auto\">O curioso deste lance <\/span><span data-contrast=\"auto\">\u00e9 a contradi\u00e7\u00e3o com a an\u00e1lise do lance acima<\/span><span data-contrast=\"auto\">. No anterior, o contato foi sutil, pr\u00f3prio do jogo e sem impacto no goleiro, pois ocorrido depois que ela j\u00e1 havia feito a defesa. Neste, o empurr\u00e3o com os dois bra\u00e7os foi claro; provocou impacto no defensor, pois o desequilibrou e at\u00e9 causou sua queda posteriormente.\u00a0<\/span><span data-ccp-props=\"{&quot;201341983&quot;:0,&quot;335551550&quot;:6,&quot;335551620&quot;:6,&quot;335559739&quot;:160,&quot;335559740&quot;:259}\">\u00a0<\/span><\/p>\n<p><span data-contrast=\"auto\">N\u00e3o obstante, para alguns analistas n\u00e3o houve falta, porque o contato teria sido pr\u00f3prio do jogo, ao passo que no primeiro haveria infra\u00e7\u00e3o.\u00a0\u00a0<\/span><span data-ccp-props=\"{&quot;201341983&quot;:0,&quot;335551550&quot;:6,&quot;335551620&quot;:6,&quot;335559739&quot;:160,&quot;335559740&quot;:259}\">\u00a0<\/span><\/p>\n<p><span data-contrast=\"auto\">Analisando as imagens de ambos os lances (ver no portal da CBF, em Arbitragem, An\u00e1lise do VAR), o esportista constatar\u00e1 os conflitos e a inconsist\u00eancia das an\u00e1lises referidas e perceber\u00e1 que o caminho do particularismo, do subjetivismo n\u00e3o \u00e9 adequado.<\/span><\/p>\n<p><b><span data-contrast=\"auto\">Jogo 3 \u2013 Ava\u00ed x Athletico PR \u2013 Fernandinho \u2013 Jogo brusco grave<\/span><\/b><\/p>\n<p><span data-contrast=\"auto\">A falta cometida por Fernando Roza (Fernandinho) em Paolo Guerrero, aos 27 minutos do primeiro tempo, por tr\u00e1s, com a sola da chuteira, acima do tornozelo, sem possibilidade de jogar a bola e o advers\u00e1rio de se defender caracterizou jogo brusco grave.<\/span><\/p>\n<p><span data-contrast=\"auto\">Registre-se que o movimento de Fernandinho n\u00e3o foi abortado, como Paulo Zanovelli alegou, porque sua perna deu impress\u00e3o de que teria sido encolhida. Assim n\u00e3o foi, todavia, pois o movimento foi continuado e at\u00e9 o ponto em que a perna de seu advers\u00e1rio j\u00e1 havia quase que atingido o solo. Se Fernandinho fosse al\u00e9m, teria n\u00e3o apenas assumido o risco de lesionar seu advers\u00e1rio, mas o desejo evidente de faz\u00ea-lo. Fernandinho apenas n\u00e3o \u201camassou a barata\u201d, como se diz, mas usou o chinelo para mat<\/span><span data-contrast=\"auto\">\u00e1<\/span><span data-contrast=\"auto\">-la.\u00a0\u00a0<\/span><span data-ccp-props=\"{&quot;201341983&quot;:0,&quot;335551550&quot;:6,&quot;335551620&quot;:6,&quot;335559739&quot;:160,&quot;335559740&quot;:259}\">\u00a0<\/span><\/p>\n<p><span data-contrast=\"auto\">Desse modo, o jogo brusco grave se caracterizou, sendo certo, ainda, que a express\u00e3o for\u00e7a excessiva que a regra cont\u00e9m n\u00e3o se relaciona apenas com brutalidade, nem requer que haja les\u00e3o. Assumido o risco, a\u00ed estar\u00e1 a moldura da regra para a expuls\u00e3o.<\/span><span data-ccp-props=\"{&quot;201341983&quot;:0,&quot;335551550&quot;:6,&quot;335551620&quot;:6,&quot;335559739&quot;:160,&quot;335559740&quot;:259}\">\u00a0<\/span><\/p>\n<p><span data-contrast=\"auto\">Registre-se que as a\u00e7\u00f5es dissociadas da possibilidade de jogar a bola s\u00f3 devem ser punidos com Cart\u00e3o Amarelo quando, claramente, o jogador retirar sua perna antes de possibilitar que ocorra les\u00e3o; que o contato seja efetivamente leve e, normalmente, sem que haja uso travas da chuteira.\u00a0<\/span><span data-ccp-props=\"{&quot;201341983&quot;:0,&quot;335551550&quot;:6,&quot;335551620&quot;:6,&quot;335559739&quot;:160,&quot;335559740&quot;:259}\">\u00a0<\/span><\/p>\n<p><span data-contrast=\"auto\">N\u00e3o se preserva a integridade f\u00edsica dos jogadores, como a filosofia da regra 12 recomenda, punindo as a\u00e7\u00f5es da esp\u00e9cie apenas com Cart\u00e3o Amarelo. Isto seria um est\u00edmulo para provocar les\u00f5es.\u00a0<\/span><span data-ccp-props=\"{&quot;201341983&quot;:0,&quot;335551550&quot;:6,&quot;335551620&quot;:6,&quot;335559739&quot;:160,&quot;335559740&quot;:259}\">\u00a0<\/span><\/p>\n<p><span data-contrast=\"auto\">O desejo de alguns dirigentes de arbitragem para que as equipes terminem a partida com 11 jogadores n\u00e3o pode chegar ao ponto de causar amea\u00e7a \u00e0 integridade f\u00edsica. A pol\u00edtica n\u00e3o pode superar a regra e a ess\u00eancia do jogo.<\/span><span data-ccp-props=\"{&quot;201341983&quot;:0,&quot;335551550&quot;:6,&quot;335551620&quot;:6,&quot;335559739&quot;:160,&quot;335559740&quot;:259}\">\u00a0<\/span><\/p>\n<p><b><span data-contrast=\"auto\">Ao leitor, a palavra final<\/span><\/b><span data-contrast=\"auto\">.<\/span><\/p>\n","protected":false},"excerpt":{"rendered":"<p>S\u00e9rie A \u2013 Lances pol\u00eamicos \u2013 26\u00aa rodada \u2013 10 e 11\/09\/22 Antes de analisar alguns dos lances pol\u00eamicos da indicada rodada, ratificamos que, por <a class=\"read-more\" href=\"https:\/\/blogs.gazetaesportiva.com\/arbitragem\/2022\/09\/13\/var-intervencionismo-ou-omissao\/\">leia mais<\/a><\/p>\n","protected":false},"author":1,"featured_media":80,"comment_status":"open","ping_status":"open","sticky":false,"template":"","format":"standard","meta":{"_jetpack_memberships_contains_paid_content":false,"footnotes":""},"categories":[1],"tags":[],"class_list":["post-79","post","type-post","status-publish","format-standard","has-post-thumbnail","hentry","category-sem-categoria"],"jetpack_featured_media_url":"https:\/\/blogs.gazetaesportiva.com\/arbitragem\/files\/2022\/09\/52351489205_fe7d35822b_c.jpg","jetpack_sharing_enabled":true,"_links":{"self":[{"href":"https:\/\/blogs.gazetaesportiva.com\/arbitragem\/wp-json\/wp\/v2\/posts\/79","targetHints":{"allow":["GET"]}}],"collection":[{"href":"https:\/\/blogs.gazetaesportiva.com\/arbitragem\/wp-json\/wp\/v2\/posts"}],"about":[{"href":"https:\/\/blogs.gazetaesportiva.com\/arbitragem\/wp-json\/wp\/v2\/types\/post"}],"author":[{"embeddable":true,"href":"https:\/\/blogs.gazetaesportiva.com\/arbitragem\/wp-json\/wp\/v2\/users\/1"}],"replies":[{"embeddable":true,"href":"https:\/\/blogs.gazetaesportiva.com\/arbitragem\/wp-json\/wp\/v2\/comments?post=79"}],"version-history":[{"count":0,"href":"https:\/\/blogs.gazetaesportiva.com\/arbitragem\/wp-json\/wp\/v2\/posts\/79\/revisions"}],"wp:featuredmedia":[{"embeddable":true,"href":"https:\/\/blogs.gazetaesportiva.com\/arbitragem\/wp-json\/wp\/v2\/media\/80"}],"wp:attachment":[{"href":"https:\/\/blogs.gazetaesportiva.com\/arbitragem\/wp-json\/wp\/v2\/media?parent=79"}],"wp:term":[{"taxonomy":"category","embeddable":true,"href":"https:\/\/blogs.gazetaesportiva.com\/arbitragem\/wp-json\/wp\/v2\/categories?post=79"},{"taxonomy":"post_tag","embeddable":true,"href":"https:\/\/blogs.gazetaesportiva.com\/arbitragem\/wp-json\/wp\/v2\/tags?post=79"}],"curies":[{"name":"wp","href":"https:\/\/api.w.org\/{rel}","templated":true}]}}