{"id":769,"date":"2026-04-26T21:28:50","date_gmt":"2026-04-26T21:28:50","guid":{"rendered":"https:\/\/blogs.gazetaesportiva.com\/arbitragem\/?p=769"},"modified":"2026-04-26T21:28:50","modified_gmt":"2026-04-26T21:28:50","slug":"jogo-entre-bahia-e-santos-tem-penalti-inexistente","status":"publish","type":"post","link":"https:\/\/blogs.gazetaesportiva.com\/arbitragem\/2026\/04\/26\/jogo-entre-bahia-e-santos-tem-penalti-inexistente\/","title":{"rendered":"Jogo entre Bahia e Santos tem p\u00eanalti inexistente"},"content":{"rendered":"<figure id=\"attachment_770\" aria-describedby=\"caption-attachment-770\" style=\"width: 640px\" class=\"wp-caption aligncenter\"><img loading=\"lazy\" decoding=\"async\" class=\"wp-image-770 size-large\" src=\"https:\/\/blogs.gazetaesportiva.com\/arbitragem\/files\/2026\/04\/55229766237_6968cf05cd_k-819x1024.jpg\" alt=\"\" width=\"640\" height=\"800\" srcset=\"https:\/\/blogs.gazetaesportiva.com\/arbitragem\/files\/2026\/04\/55229766237_6968cf05cd_k-819x1024.jpg 819w, https:\/\/blogs.gazetaesportiva.com\/arbitragem\/files\/2026\/04\/55229766237_6968cf05cd_k-240x300.jpg 240w, https:\/\/blogs.gazetaesportiva.com\/arbitragem\/files\/2026\/04\/55229766237_6968cf05cd_k-768x960.jpg 768w, https:\/\/blogs.gazetaesportiva.com\/arbitragem\/files\/2026\/04\/55229766237_6968cf05cd_k-1229x1536.jpg 1229w, https:\/\/blogs.gazetaesportiva.com\/arbitragem\/files\/2026\/04\/55229766237_6968cf05cd_k.jpg 1638w\" sizes=\"auto, (max-width: 640px) 100vw, 640px\" \/><figcaption id=\"caption-attachment-770\" class=\"wp-caption-text\">Foto: Celo Gil\/ Santos FC<\/figcaption><\/figure>\n<p>No jogo desse s\u00e1bado, 25\/04\/26, o segundo p\u00eanalti marcado contra o Bahia n\u00e3o existiu. A rota\u00e7\u00e3o veloz de um t\u00f3rax para um lado impulsiona o bra\u00e7o oposto para o outro lado. \u00c9 imposs\u00edvel fazer diferente. Isto \u00e9 cinesiologia (ci\u00eancia dos movimentos &#8211; biomec\u00e2nica). Assim foi o lance do segundo penal marcado contrato Bahia, no referido jogo. O defensor girou seu t\u00f3rax para a direita e, imperiosamente, seu bra\u00e7o esquerdo foi impulsionado para o lado esquerdo. O toque da bola em seu bra\u00e7o esquerdo, que, inclusive, estava quase que alinhado com suas costas, foi, de modo muito claro, acidental.<\/p>\n<p>Todavia, como no Brasil, para a arbitragem de futebol, o movimento que um jogador faz \u00e9 irrelevante, embora contrariando o texto e o sentido da regra, esse tipo de lance pode caracterizar infra\u00e7\u00e3o, conquanto \u00e0s vezes sim, \u00e0s vezes n\u00e3o, o que coloca nossa arbitragem na berlinda e no campo da inseguran\u00e7a. Mas n\u00e3o \u00e9 s\u00f3. O fato, al\u00e9m de tudo, \u00e9 que, no m\u00ednimo, esse tipo de lance \u00e9 interpretativo, de fina interpreta\u00e7\u00e3o, pois um jogador, apesar de n\u00e3o ter vis\u00e3o da bola, como foi o caso, pode colocar seu bra\u00e7o instintivamenre, para bloquear sua trajetoria, o que corresponder\u00e1 a assumir o risco do toque da bola em seu bra\u00e7o.<\/p>\n<p>Logo, o incidente sai do campo de atua\u00e7\u00e3o do VAR, como a pr\u00f3pria Comiss\u00e3o de Arbitragem da CBF se pronunciou muito recentemente sobre o terceiro gol do Vasco contra o Paysandu, inclusive adjetivando de &#8220;preciosismo&#8221; do VAR, ao inetrferir em lance daquela natureza. Aguardemos o que nosso colegiado do apito dir\u00e1. Cremos que nada, pois sua atua\u00e7\u00e3o se caracteriza pela completa aus\u00eancia de diretriz, o que a conduz, \u00e0 vereda do que disse Raul Seixas em uma composi\u00e7\u00e3o sua: &#8220;e este caminho que eu mesmo escolhi \u00e9 t\u00e3o f\u00e1cil seguir, por n\u00e3o ter onde ir&#8230;&#8221;.<\/p>\n<p>O certo, ainda, \u00e9 que o \u00e1rbitro do jogo do Bahia, Ramon Abatti Abel, \u00e0 semelhan\u00e7a do que ocorre com outro \u00e1rbitro Fifa, Paulo Zanovele, est\u00e1 inseguro, depois da suspens\u00e3o pol\u00edtica que erradamente lhe impuseram. Afirme-se, ainda, que uma revis\u00e3o, embora seu acolhimento seja o natural em frente \u00e0 atua\u00e7\u00e3o de um VAR competente, n\u00e3o imp\u00f5e mudan\u00e7a da decis\u00e3o de campo, salvo situa\u00e7\u00f5es factuais. O resumo de tudo \u00e9 que nosso VAR, por for\u00e7a de diretriz tra\u00e7ada pela Comiss\u00e3o de Arbitragem, no sentido de buscar a decis\u00e3o mais justa, n\u00e3o est\u00e1 e n\u00e3o pode se sentir seguro.<\/p>\n<p>Afinal, \u00e9 imposs\u00edvel buscar a decis\u00e3o mais justa sem que se analisem os lances de interpreta\u00e7\u00e3o, como dissemos na coluna anterior publicada neste espa\u00e7o. O penal, assim, foi muito mal marcado, tanto porque a bola passou muito pr\u00f3ximo das costa do defensor do Bahia, como, especialmente, porque este jogador n\u00e3o tinha vis\u00e3o da bola.<\/p>\n","protected":false},"excerpt":{"rendered":"<p>No jogo desse s\u00e1bado, 25\/04\/26, o segundo p\u00eanalti marcado contra o Bahia n\u00e3o existiu. A rota\u00e7\u00e3o veloz de um t\u00f3rax para um lado impulsiona o <a class=\"read-more\" href=\"https:\/\/blogs.gazetaesportiva.com\/arbitragem\/2026\/04\/26\/jogo-entre-bahia-e-santos-tem-penalti-inexistente\/\">leia mais<\/a><\/p>\n","protected":false},"author":1,"featured_media":770,"comment_status":"open","ping_status":"open","sticky":false,"template":"","format":"standard","meta":{"_jetpack_memberships_contains_paid_content":false,"footnotes":""},"categories":[1],"tags":[],"class_list":["post-769","post","type-post","status-publish","format-standard","has-post-thumbnail","hentry","category-sem-categoria"],"jetpack_featured_media_url":"https:\/\/blogs.gazetaesportiva.com\/arbitragem\/files\/2026\/04\/55229766237_6968cf05cd_k.jpg","jetpack_sharing_enabled":true,"_links":{"self":[{"href":"https:\/\/blogs.gazetaesportiva.com\/arbitragem\/wp-json\/wp\/v2\/posts\/769","targetHints":{"allow":["GET"]}}],"collection":[{"href":"https:\/\/blogs.gazetaesportiva.com\/arbitragem\/wp-json\/wp\/v2\/posts"}],"about":[{"href":"https:\/\/blogs.gazetaesportiva.com\/arbitragem\/wp-json\/wp\/v2\/types\/post"}],"author":[{"embeddable":true,"href":"https:\/\/blogs.gazetaesportiva.com\/arbitragem\/wp-json\/wp\/v2\/users\/1"}],"replies":[{"embeddable":true,"href":"https:\/\/blogs.gazetaesportiva.com\/arbitragem\/wp-json\/wp\/v2\/comments?post=769"}],"version-history":[{"count":0,"href":"https:\/\/blogs.gazetaesportiva.com\/arbitragem\/wp-json\/wp\/v2\/posts\/769\/revisions"}],"wp:featuredmedia":[{"embeddable":true,"href":"https:\/\/blogs.gazetaesportiva.com\/arbitragem\/wp-json\/wp\/v2\/media\/770"}],"wp:attachment":[{"href":"https:\/\/blogs.gazetaesportiva.com\/arbitragem\/wp-json\/wp\/v2\/media?parent=769"}],"wp:term":[{"taxonomy":"category","embeddable":true,"href":"https:\/\/blogs.gazetaesportiva.com\/arbitragem\/wp-json\/wp\/v2\/categories?post=769"},{"taxonomy":"post_tag","embeddable":true,"href":"https:\/\/blogs.gazetaesportiva.com\/arbitragem\/wp-json\/wp\/v2\/tags?post=769"}],"curies":[{"name":"wp","href":"https:\/\/api.w.org\/{rel}","templated":true}]}}