{"id":764,"date":"2026-04-25T20:21:38","date_gmt":"2026-04-25T20:21:38","guid":{"rendered":"https:\/\/blogs.gazetaesportiva.com\/arbitragem\/?p=764"},"modified":"2026-04-25T20:21:38","modified_gmt":"2026-04-25T20:21:38","slug":"comissao-de-arbitragem-da-cbf-reconhece-erro-do-var","status":"publish","type":"post","link":"https:\/\/blogs.gazetaesportiva.com\/arbitragem\/2026\/04\/25\/comissao-de-arbitragem-da-cbf-reconhece-erro-do-var\/","title":{"rendered":"Comiss\u00e3o de Arbitragem da CBF reconhece erro do VAR"},"content":{"rendered":"<figure id=\"attachment_765\" aria-describedby=\"caption-attachment-765\" style=\"width: 640px\" class=\"wp-caption aligncenter\"><img loading=\"lazy\" decoding=\"async\" class=\"wp-image-765 size-large\" src=\"https:\/\/blogs.gazetaesportiva.com\/arbitragem\/files\/2026\/04\/55223029728_04c74682f4_h-1024x683.jpg\" alt=\"\" width=\"640\" height=\"427\" srcset=\"https:\/\/blogs.gazetaesportiva.com\/arbitragem\/files\/2026\/04\/55223029728_04c74682f4_h-1024x683.jpg 1024w, https:\/\/blogs.gazetaesportiva.com\/arbitragem\/files\/2026\/04\/55223029728_04c74682f4_h-300x200.jpg 300w, https:\/\/blogs.gazetaesportiva.com\/arbitragem\/files\/2026\/04\/55223029728_04c74682f4_h-768x512.jpg 768w, https:\/\/blogs.gazetaesportiva.com\/arbitragem\/files\/2026\/04\/55223029728_04c74682f4_h-1536x1024.jpg 1536w, https:\/\/blogs.gazetaesportiva.com\/arbitragem\/files\/2026\/04\/55223029728_04c74682f4_h.jpg 1600w\" sizes=\"auto, (max-width: 640px) 100vw, 640px\" \/><figcaption id=\"caption-attachment-765\" class=\"wp-caption-text\">Foto: Matheus Lima\/Vasco<\/figcaption><\/figure>\n<p>A Comiss\u00e3o de Arbitragem da CBF, ao reconhecer que houve erro do VAR por interferir para que o gol do Vasco contra o Paysandu, pela Copa do Brasil, ocorrido em 21\/04\/26, fosse anulado, sob o fundamento de que o lance foi de interpreta\u00e7\u00e3o, revelou que est\u00e1 absoluta e completamente perdida.<\/p>\n<p>Com efeito, se a filosofia que a Comiss\u00e3o tem alardeado para o VAR \u00e9 a da busca da melhor decis\u00e3o, em lugar de apenas corrigir os &#8220;erros claros, \u00f3bvios&#8221;, como defendemos e como est\u00e1 previsto na regra, indagamos: como seria poss\u00edvel se buscar a melhor decis\u00e3o sem se analisar os lances de interpreta\u00e7\u00e3o, se os &#8220;erros claros, \u00f3bvios&#8221; quase que n\u00e3o exigem qualquer an\u00e1lise?<\/p>\n<p>Com a palavra, ou melhor, sem qualquer palavra, por nada poder dizer, a Comiss\u00e3o de Arbitragem da CBF. O resumo de tudo, portanto, \u00e9 que a dita Comiss\u00e3o de Arbitragem sequer sabe o que est\u00e1 fazendo e, logo, n\u00e3o sabe o que dizer. Aqui vale o ad\u00e1gio: &#8220;Quem n\u00e3o sabe rezar, xinga Deus&#8221;. Que Deus nos ajude e ampare o futebol brasileiro.<\/p>\n","protected":false},"excerpt":{"rendered":"<p>A Comiss\u00e3o de Arbitragem da CBF, ao reconhecer que houve erro do VAR por interferir para que o gol do Vasco contra o Paysandu, pela <a class=\"read-more\" href=\"https:\/\/blogs.gazetaesportiva.com\/arbitragem\/2026\/04\/25\/comissao-de-arbitragem-da-cbf-reconhece-erro-do-var\/\">leia mais<\/a><\/p>\n","protected":false},"author":1,"featured_media":765,"comment_status":"open","ping_status":"open","sticky":false,"template":"","format":"standard","meta":{"_jetpack_memberships_contains_paid_content":false,"footnotes":""},"categories":[1],"tags":[],"class_list":["post-764","post","type-post","status-publish","format-standard","has-post-thumbnail","hentry","category-sem-categoria"],"jetpack_featured_media_url":"https:\/\/blogs.gazetaesportiva.com\/arbitragem\/files\/2026\/04\/55223029728_04c74682f4_h.jpg","jetpack_sharing_enabled":true,"_links":{"self":[{"href":"https:\/\/blogs.gazetaesportiva.com\/arbitragem\/wp-json\/wp\/v2\/posts\/764","targetHints":{"allow":["GET"]}}],"collection":[{"href":"https:\/\/blogs.gazetaesportiva.com\/arbitragem\/wp-json\/wp\/v2\/posts"}],"about":[{"href":"https:\/\/blogs.gazetaesportiva.com\/arbitragem\/wp-json\/wp\/v2\/types\/post"}],"author":[{"embeddable":true,"href":"https:\/\/blogs.gazetaesportiva.com\/arbitragem\/wp-json\/wp\/v2\/users\/1"}],"replies":[{"embeddable":true,"href":"https:\/\/blogs.gazetaesportiva.com\/arbitragem\/wp-json\/wp\/v2\/comments?post=764"}],"version-history":[{"count":0,"href":"https:\/\/blogs.gazetaesportiva.com\/arbitragem\/wp-json\/wp\/v2\/posts\/764\/revisions"}],"wp:featuredmedia":[{"embeddable":true,"href":"https:\/\/blogs.gazetaesportiva.com\/arbitragem\/wp-json\/wp\/v2\/media\/765"}],"wp:attachment":[{"href":"https:\/\/blogs.gazetaesportiva.com\/arbitragem\/wp-json\/wp\/v2\/media?parent=764"}],"wp:term":[{"taxonomy":"category","embeddable":true,"href":"https:\/\/blogs.gazetaesportiva.com\/arbitragem\/wp-json\/wp\/v2\/categories?post=764"},{"taxonomy":"post_tag","embeddable":true,"href":"https:\/\/blogs.gazetaesportiva.com\/arbitragem\/wp-json\/wp\/v2\/tags?post=764"}],"curies":[{"name":"wp","href":"https:\/\/api.w.org\/{rel}","templated":true}]}}