{"id":706,"date":"2026-03-15T02:33:48","date_gmt":"2026-03-15T02:33:48","guid":{"rendered":"https:\/\/blogs.gazetaesportiva.com\/arbitragem\/?p=706"},"modified":"2026-03-15T02:33:48","modified_gmt":"2026-03-15T02:33:48","slug":"arbitragem-positiva-em-botafogo-x-flamengo","status":"publish","type":"post","link":"https:\/\/blogs.gazetaesportiva.com\/arbitragem\/2026\/03\/15\/arbitragem-positiva-em-botafogo-x-flamengo\/","title":{"rendered":"Arbitragem positiva em Botafogo x Flamengo"},"content":{"rendered":"<figure id=\"attachment_26\" aria-describedby=\"caption-attachment-26\" style=\"width: 1500px\" class=\"wp-caption aligncenter\"><a href=\"https:\/\/blogs.gazetaesportiva.com\/arbitragem\/files\/2022\/07\/52225980373_9b86e40791_h.jpg\"><img loading=\"lazy\" decoding=\"async\" class=\"size-full wp-image-26\" src=\"https:\/\/blogs.gazetaesportiva.com\/arbitragem\/files\/2022\/07\/52225980373_9b86e40791_h.jpg\" alt=\"\" width=\"1500\" height=\"844\" srcset=\"https:\/\/blogs.gazetaesportiva.com\/arbitragem\/files\/2022\/07\/52225980373_9b86e40791_h.jpg 1500w, https:\/\/blogs.gazetaesportiva.com\/arbitragem\/files\/2022\/07\/52225980373_9b86e40791_h-300x169.jpg 300w, https:\/\/blogs.gazetaesportiva.com\/arbitragem\/files\/2022\/07\/52225980373_9b86e40791_h-768x432.jpg 768w, https:\/\/blogs.gazetaesportiva.com\/arbitragem\/files\/2022\/07\/52225980373_9b86e40791_h-1024x576.jpg 1024w\" sizes=\"auto, (max-width: 1500px) 100vw, 1500px\" \/><\/a><figcaption id=\"caption-attachment-26\" class=\"wp-caption-text\">\u00a0(Foto: Divulga\u00e7\u00e3o\/Cesar Greco)<\/figcaption><\/figure>\n<p>Anderson Daronco teve decis\u00f5es acertadas na noite desta s\u00e1bado no cl\u00e1ssico entre Botafogo e Flamengo no est\u00e1dio Nilton Santos, pelo Campeonato Brasileiro de 2026.<\/p>\n<div style=\"position: relative; padding-bottom: 177.82%;\"><iframe loading=\"lazy\" style=\"width: 100%; height: 50%; position: absolute; left: 0px; top: 0px; overflow: hidden;\" title=\"Dailymotion video player \u2013 An\u00e1lise de Botafogo x Flamengo - 140326\" src=\"https:\/\/geo.dailymotion.com\/player\/xb6tv.html?video=xa20cfm\" width=\"100%\" height=\"100%\" frameborder=\"0\" allowfullscreen=\"allowfullscreen\"><span data-mce-type=\"bookmark\" style=\"display: inline-block; width: 0px; overflow: hidden; line-height: 0;\" class=\"mce_SELRES_start\">\ufeff<\/span><\/iframe><\/div>\n","protected":false},"excerpt":{"rendered":"<p>Anderson Daronco teve decis\u00f5es acertadas na noite desta s\u00e1bado no cl\u00e1ssico entre Botafogo e Flamengo no est\u00e1dio Nilton Santos, pelo Campeonato Brasileiro de 2026. \ufeff<\/p>\n","protected":false},"author":3,"featured_media":40,"comment_status":"open","ping_status":"open","sticky":false,"template":"","format":"standard","meta":{"_jetpack_memberships_contains_paid_content":false,"footnotes":""},"categories":[1],"tags":[],"class_list":["post-706","post","type-post","status-publish","format-standard","has-post-thumbnail","hentry","category-sem-categoria"],"jetpack_featured_media_url":"https:\/\/blogs.gazetaesportiva.com\/arbitragem\/files\/2022\/08\/52252771445_5732abe077_h.jpg","jetpack_sharing_enabled":true,"_links":{"self":[{"href":"https:\/\/blogs.gazetaesportiva.com\/arbitragem\/wp-json\/wp\/v2\/posts\/706","targetHints":{"allow":["GET"]}}],"collection":[{"href":"https:\/\/blogs.gazetaesportiva.com\/arbitragem\/wp-json\/wp\/v2\/posts"}],"about":[{"href":"https:\/\/blogs.gazetaesportiva.com\/arbitragem\/wp-json\/wp\/v2\/types\/post"}],"author":[{"embeddable":true,"href":"https:\/\/blogs.gazetaesportiva.com\/arbitragem\/wp-json\/wp\/v2\/users\/3"}],"replies":[{"embeddable":true,"href":"https:\/\/blogs.gazetaesportiva.com\/arbitragem\/wp-json\/wp\/v2\/comments?post=706"}],"version-history":[{"count":0,"href":"https:\/\/blogs.gazetaesportiva.com\/arbitragem\/wp-json\/wp\/v2\/posts\/706\/revisions"}],"wp:featuredmedia":[{"embeddable":true,"href":"https:\/\/blogs.gazetaesportiva.com\/arbitragem\/wp-json\/wp\/v2\/media\/40"}],"wp:attachment":[{"href":"https:\/\/blogs.gazetaesportiva.com\/arbitragem\/wp-json\/wp\/v2\/media?parent=706"}],"wp:term":[{"taxonomy":"category","embeddable":true,"href":"https:\/\/blogs.gazetaesportiva.com\/arbitragem\/wp-json\/wp\/v2\/categories?post=706"},{"taxonomy":"post_tag","embeddable":true,"href":"https:\/\/blogs.gazetaesportiva.com\/arbitragem\/wp-json\/wp\/v2\/tags?post=706"}],"curies":[{"name":"wp","href":"https:\/\/api.w.org\/{rel}","templated":true}]}}