{"id":284,"date":"2024-06-03T15:19:12","date_gmt":"2024-06-03T15:19:12","guid":{"rendered":"https:\/\/blogs.gazetaesportiva.com\/arbitragem\/?p=284"},"modified":"2024-06-03T15:19:12","modified_gmt":"2024-06-03T15:19:12","slug":"manoel-serapiao-analisa-arbitragem-da-7a-rodada-do-brasileirao","status":"publish","type":"post","link":"https:\/\/blogs.gazetaesportiva.com\/arbitragem\/2024\/06\/03\/manoel-serapiao-analisa-arbitragem-da-7a-rodada-do-brasileirao\/","title":{"rendered":"Manoel Serapi\u00e3o analisa arbitragem da 7\u00aa rodada do Brasileir\u00e3o"},"content":{"rendered":"<p>O ex-\u00e1rbitro de futebol, Manoel Serapi\u00e3o, analisou a atua\u00e7\u00e3o da arbitragem nesta s\u00e9tima rodada do Campeonato Brasileiro.<\/p>\n<div style=\"position: relative; padding-bottom: 65.22%;\"><iframe loading=\"lazy\" style=\"width: 100%; height: 100%; position: absolute; left: 0px; top: 0px; overflow: hidden;\" title=\"Dailymotion video player \u2013 Manoel Serapi\u00e3o analisa arbitragem da 7\u00aa rodada do Brasileir\u00e3o\" src=\"https:\/\/geo.dailymotion.com\/player\/xb6tv.html?video=x8zkkts\" width=\"100%\" height=\"100%\" frameborder=\"0\" allowfullscreen=\"allowfullscreen\"><\/iframe><\/div>\n","protected":false},"excerpt":{"rendered":"<p>O ex-\u00e1rbitro de futebol, Manoel Serapi\u00e3o, analisou a atua\u00e7\u00e3o da arbitragem nesta s\u00e9tima rodada do Campeonato Brasileiro.<\/p>\n","protected":false},"author":1,"featured_media":285,"comment_status":"open","ping_status":"open","sticky":false,"template":"","format":"standard","meta":{"_jetpack_memberships_contains_paid_content":false,"footnotes":""},"categories":[1],"tags":[],"class_list":["post-284","post","type-post","status-publish","format-standard","has-post-thumbnail","hentry","category-sem-categoria"],"jetpack_featured_media_url":"https:\/\/blogs.gazetaesportiva.com\/arbitragem\/files\/2024\/06\/serapiao-3.jpg","jetpack_sharing_enabled":true,"_links":{"self":[{"href":"https:\/\/blogs.gazetaesportiva.com\/arbitragem\/wp-json\/wp\/v2\/posts\/284","targetHints":{"allow":["GET"]}}],"collection":[{"href":"https:\/\/blogs.gazetaesportiva.com\/arbitragem\/wp-json\/wp\/v2\/posts"}],"about":[{"href":"https:\/\/blogs.gazetaesportiva.com\/arbitragem\/wp-json\/wp\/v2\/types\/post"}],"author":[{"embeddable":true,"href":"https:\/\/blogs.gazetaesportiva.com\/arbitragem\/wp-json\/wp\/v2\/users\/1"}],"replies":[{"embeddable":true,"href":"https:\/\/blogs.gazetaesportiva.com\/arbitragem\/wp-json\/wp\/v2\/comments?post=284"}],"version-history":[{"count":0,"href":"https:\/\/blogs.gazetaesportiva.com\/arbitragem\/wp-json\/wp\/v2\/posts\/284\/revisions"}],"wp:featuredmedia":[{"embeddable":true,"href":"https:\/\/blogs.gazetaesportiva.com\/arbitragem\/wp-json\/wp\/v2\/media\/285"}],"wp:attachment":[{"href":"https:\/\/blogs.gazetaesportiva.com\/arbitragem\/wp-json\/wp\/v2\/media?parent=284"}],"wp:term":[{"taxonomy":"category","embeddable":true,"href":"https:\/\/blogs.gazetaesportiva.com\/arbitragem\/wp-json\/wp\/v2\/categories?post=284"},{"taxonomy":"post_tag","embeddable":true,"href":"https:\/\/blogs.gazetaesportiva.com\/arbitragem\/wp-json\/wp\/v2\/tags?post=284"}],"curies":[{"name":"wp","href":"https:\/\/api.w.org\/{rel}","templated":true}]}}