{"id":276,"date":"2024-05-16T08:00:38","date_gmt":"2024-05-16T08:00:38","guid":{"rendered":"https:\/\/blogs.gazetaesportiva.com\/arbitragem\/?p=276"},"modified":"2024-05-20T21:40:43","modified_gmt":"2024-05-20T21:40:43","slug":"arbitro-errou-ao-marcar-penalti-para-o-palmeiras-contra-o-del-valle","status":"publish","type":"post","link":"https:\/\/blogs.gazetaesportiva.com\/arbitragem\/2024\/05\/16\/arbitro-errou-ao-marcar-penalti-para-o-palmeiras-contra-o-del-valle\/","title":{"rendered":"\u00c1rbitro errou ao marcar p\u00eanalti para o Palmeiras contra o Del Valle"},"content":{"rendered":"<p>Em jogo v\u00e1lido pela quinta rodada da Copa Libertadores, disputado no Allianz Parque, o Palmeiras venceu o Independiente del Valle por 2 a 1. O segundo gol do time brasileiro, marcado por Gustavo G\u00f3mez, foi irregular, j\u00e1 que o \u00e1rbitro venezuelano Alexis Herrera errou ao marcar p\u00eanalti por toque de m\u00e3o de Land\u00e1zuri. Assista ao v\u00eddeo abaixo e confira a an\u00e1lise detalhada:<\/p>\n<div><script src=\"https:\/\/geo.dailymotion.com\/player\/xb6tv.js\" data-video=\"k20ys0DW4qSjG0AGY0S\"><\/script><\/div>\n","protected":false},"excerpt":{"rendered":"<p>Em jogo v\u00e1lido pela quinta rodada da Copa Libertadores, disputado no Allianz Parque, o Palmeiras venceu o Independiente del Valle por 2 a 1. O <a class=\"read-more\" href=\"https:\/\/blogs.gazetaesportiva.com\/arbitragem\/2024\/05\/16\/arbitro-errou-ao-marcar-penalti-para-o-palmeiras-contra-o-del-valle\/\">leia mais<\/a><\/p>\n","protected":false},"author":1,"featured_media":277,"comment_status":"open","ping_status":"open","sticky":false,"template":"","format":"standard","meta":{"_jetpack_memberships_contains_paid_content":false,"footnotes":""},"categories":[1],"tags":[],"class_list":["post-276","post","type-post","status-publish","format-standard","has-post-thumbnail","hentry","category-sem-categoria"],"jetpack_featured_media_url":"https:\/\/blogs.gazetaesportiva.com\/arbitragem\/files\/2024\/05\/53724830679_78a567b742_h.jpg","jetpack_sharing_enabled":true,"_links":{"self":[{"href":"https:\/\/blogs.gazetaesportiva.com\/arbitragem\/wp-json\/wp\/v2\/posts\/276","targetHints":{"allow":["GET"]}}],"collection":[{"href":"https:\/\/blogs.gazetaesportiva.com\/arbitragem\/wp-json\/wp\/v2\/posts"}],"about":[{"href":"https:\/\/blogs.gazetaesportiva.com\/arbitragem\/wp-json\/wp\/v2\/types\/post"}],"author":[{"embeddable":true,"href":"https:\/\/blogs.gazetaesportiva.com\/arbitragem\/wp-json\/wp\/v2\/users\/1"}],"replies":[{"embeddable":true,"href":"https:\/\/blogs.gazetaesportiva.com\/arbitragem\/wp-json\/wp\/v2\/comments?post=276"}],"version-history":[{"count":0,"href":"https:\/\/blogs.gazetaesportiva.com\/arbitragem\/wp-json\/wp\/v2\/posts\/276\/revisions"}],"wp:featuredmedia":[{"embeddable":true,"href":"https:\/\/blogs.gazetaesportiva.com\/arbitragem\/wp-json\/wp\/v2\/media\/277"}],"wp:attachment":[{"href":"https:\/\/blogs.gazetaesportiva.com\/arbitragem\/wp-json\/wp\/v2\/media?parent=276"}],"wp:term":[{"taxonomy":"category","embeddable":true,"href":"https:\/\/blogs.gazetaesportiva.com\/arbitragem\/wp-json\/wp\/v2\/categories?post=276"},{"taxonomy":"post_tag","embeddable":true,"href":"https:\/\/blogs.gazetaesportiva.com\/arbitragem\/wp-json\/wp\/v2\/tags?post=276"}],"curies":[{"name":"wp","href":"https:\/\/api.w.org\/{rel}","templated":true}]}}