{"id":273,"date":"2024-05-10T16:30:50","date_gmt":"2024-05-10T16:30:50","guid":{"rendered":"https:\/\/blogs.gazetaesportiva.com\/arbitragem\/?p=273"},"modified":"2024-05-10T16:33:12","modified_gmt":"2024-05-10T16:33:12","slug":"manoel-serapiao-analisa-gol-anulado-da-ldu-contra-o-botafogo","status":"publish","type":"post","link":"https:\/\/blogs.gazetaesportiva.com\/arbitragem\/2024\/05\/10\/manoel-serapiao-analisa-gol-anulado-da-ldu-contra-o-botafogo\/","title":{"rendered":"Erro imperdo\u00e1vel em jogo do Botafogo"},"content":{"rendered":"<p>Na vis\u00e3o do ex-\u00e1rbitro Manoel Serapi\u00e3o, lance foi anulado de forma equivocada pela arbitragem do duelo comandada pelo argentino D\u00e1rio Herrera.<\/p>\n<div style=\"position: relative; padding-bottom: 65.62%;\">\n<p><iframe loading=\"lazy\" style=\"width: 100%; height: 100%; position: absolute; left: 0px; top: 0px; overflow: hidden;\" title=\"Dailymotion video player \u2013 Manoel Serapi\u00e3o destaca &quot;erro imperdo\u00e1vel&quot; em jogo do Botafogo\" src=\"https:\/\/geo.dailymotion.com\/player\/xb6tv.html?video=ktDUHy08dEiz4fADuva\" width=\"100%\" height=\"100%\" frameborder=\"0\" allowfullscreen=\"allowfullscreen\"><\/iframe><\/p>\n<\/div>\n","protected":false},"excerpt":{"rendered":"<p>Na vis\u00e3o do ex-\u00e1rbitro Manoel Serapi\u00e3o, lance foi anulado de forma equivocada pela arbitragem do duelo comandada pelo argentino D\u00e1rio Herrera.<\/p>\n","protected":false},"author":3,"featured_media":274,"comment_status":"open","ping_status":"open","sticky":false,"template":"","format":"standard","meta":{"_jetpack_memberships_contains_paid_content":false,"footnotes":""},"categories":[1],"tags":[],"class_list":["post-273","post","type-post","status-publish","format-standard","has-post-thumbnail","hentry","category-sem-categoria"],"jetpack_featured_media_url":"https:\/\/blogs.gazetaesportiva.com\/arbitragem\/files\/2024\/05\/000_34R743D.jpg","jetpack_sharing_enabled":true,"_links":{"self":[{"href":"https:\/\/blogs.gazetaesportiva.com\/arbitragem\/wp-json\/wp\/v2\/posts\/273","targetHints":{"allow":["GET"]}}],"collection":[{"href":"https:\/\/blogs.gazetaesportiva.com\/arbitragem\/wp-json\/wp\/v2\/posts"}],"about":[{"href":"https:\/\/blogs.gazetaesportiva.com\/arbitragem\/wp-json\/wp\/v2\/types\/post"}],"author":[{"embeddable":true,"href":"https:\/\/blogs.gazetaesportiva.com\/arbitragem\/wp-json\/wp\/v2\/users\/3"}],"replies":[{"embeddable":true,"href":"https:\/\/blogs.gazetaesportiva.com\/arbitragem\/wp-json\/wp\/v2\/comments?post=273"}],"version-history":[{"count":0,"href":"https:\/\/blogs.gazetaesportiva.com\/arbitragem\/wp-json\/wp\/v2\/posts\/273\/revisions"}],"wp:featuredmedia":[{"embeddable":true,"href":"https:\/\/blogs.gazetaesportiva.com\/arbitragem\/wp-json\/wp\/v2\/media\/274"}],"wp:attachment":[{"href":"https:\/\/blogs.gazetaesportiva.com\/arbitragem\/wp-json\/wp\/v2\/media?parent=273"}],"wp:term":[{"taxonomy":"category","embeddable":true,"href":"https:\/\/blogs.gazetaesportiva.com\/arbitragem\/wp-json\/wp\/v2\/categories?post=273"},{"taxonomy":"post_tag","embeddable":true,"href":"https:\/\/blogs.gazetaesportiva.com\/arbitragem\/wp-json\/wp\/v2\/tags?post=273"}],"curies":[{"name":"wp","href":"https:\/\/api.w.org\/{rel}","templated":true}]}}